{"id":6587,"date":"2012-12-20T22:21:00","date_gmt":"2012-12-20T22:21:00","guid":{"rendered":"https:\/\/www.oidossucios.com\/site\/2012\/12\/20\/se-cumplen-30-anos-del-debut-de-soda-stereo\/"},"modified":"2012-12-20T22:21:00","modified_gmt":"2012-12-20T22:21:00","slug":"se-cumplen-30-anos-del-debut-de-soda-stereo","status":"publish","type":"post","link":"https:\/\/www.oidossucios.com\/site\/se-cumplen-30-anos-del-debut-de-soda-stereo\/","title":{"rendered":"Se cumplen 30 a\u00f1os del debut de Soda Stereo"},"content":{"rendered":"<p>El 19 de diciembre de 1982, luego de pasar meses encerrados en la sala de ensayo del padre de Charly Alberti, Soda Stereo dio su primer show. Fue apenas para unas 15 personas en el living del departamento en el que Alfredo Lois festej\u00f3 su cumplea\u00f1os, compa\u00f1ero de facultad de Gustavo y Zeta. Luego considerado por Cerati como el cuarto Soda, director de varios de sus videos y a cargo de las visuales del tr\u00edo (peinados, ropa, escenario y hasta la tapa de los discos.<\/p>\n<p>Durante esa noche que se convertir\u00eda en hist\u00f3rica, tocaron algunas canciones que luego fueron parte de su primer disco como Vitaminas, Diet\u00e9tico y una versi\u00f3n primaria de \u00bfPor qu\u00e9 no puedo ser del Jet Set?, m\u00e1s un cover de los Beatles, I Saw Her Standind There, y cuatro canciones m\u00e1s que no llegaron a ser registradas.<\/p>\n<p>Despu\u00e9s de ese show privado y algo improvisado, la pr\u00f3xima presentaci\u00f3n de Soda Stereo iba a ser en la discoteca Airport, en el que le pusieron m\u00fasica en vivo a un desfile de modas en julio de 1983. Un a\u00f1o m\u00e1s tarde iba a salir el primer disco de Soda Stereo.<\/p>\n<p>Fuente: www.fmrockandpop.com<![endif]--><!--[if gte mso 10]> <\/style>\n\n <![endif]--><\/p>\n","protected":false},"excerpt":{"rendered":"<p>El 19 de diciembre de 1982, luego de pasar meses encerrados en la sala de ensayo del padre de Charly Alberti, Soda Stereo dio su primer show. Fue apenas para unas 15 personas en el living del departamento en el que Alfredo Lois festej\u00f3 su cumplea\u00f1os, compa\u00f1ero de facultad de Gustavo y Zeta. Luego considerado [&hellip;]<\/p>\n","protected":false},"author":4,"featured_media":100006587,"comment_status":"open","ping_status":"open","sticky":false,"template":"","format":"standard","meta":{"_jetpack_memberships_contains_paid_content":false,"footnotes":""},"categories":[142],"tags":[],"class_list":["post-6587","post","type-post","status-publish","format-standard","has-post-thumbnail","hentry","category-buzznews"],"jetpack_featured_media_url":"https:\/\/www.oidossucios.com\/site\/wp-content\/uploads\/2012\/12\/6587.jpg","yoast_head":"<!-- This site is optimized with the Yoast SEO plugin v14.0.4 - https:\/\/yoast.com\/wordpress\/plugins\/seo\/ -->\n<title>Se cumplen 30 a\u00f1os del debut de Soda Stereo - OidosSucios.Com<\/title>\n<meta name=\"robots\" content=\"index, follow\" \/>\n<meta name=\"googlebot\" content=\"index, follow, max-snippet:-1, max-image-preview:large, max-video-preview:-1\" \/>\n<meta name=\"bingbot\" content=\"index, follow, max-snippet:-1, max-image-preview:large, max-video-preview:-1\" \/>\n<link rel=\"canonical\" href=\"https:\/\/www.oidossucios.com\/site\/se-cumplen-30-anos-del-debut-de-soda-stereo\/\" \/>\n<meta property=\"og:locale\" content=\"es_ES\" \/>\n<meta property=\"og:type\" content=\"article\" \/>\n<meta property=\"og:title\" content=\"Se cumplen 30 a\u00f1os del debut de Soda Stereo - OidosSucios.Com\" \/>\n<meta property=\"og:description\" content=\"El 19 de diciembre de 1982, luego de pasar meses encerrados en la sala de ensayo del padre de Charly Alberti, Soda Stereo dio su primer show. Fue apenas para unas 15 personas en el living del departamento en el que Alfredo Lois festej\u00f3 su cumplea\u00f1os, compa\u00f1ero de facultad de Gustavo y Zeta. Luego considerado [&hellip;]\" \/>\n<meta property=\"og:url\" content=\"https:\/\/www.oidossucios.com\/site\/se-cumplen-30-anos-del-debut-de-soda-stereo\/\" \/>\n<meta property=\"og:site_name\" content=\"OidosSucios.Com\" \/>\n<meta property=\"article:published_time\" content=\"2012-12-20T22:21:00+00:00\" \/>\n<meta property=\"og:image\" content=\"https:\/\/www.oidossucios.com\/site\/wp-content\/uploads\/2012\/12\/6587.jpg\" \/>\n\t<meta property=\"og:image:width\" content=\"350\" \/>\n\t<meta property=\"og:image:height\" content=\"300\" \/>\n<meta name=\"twitter:card\" content=\"summary_large_image\" \/>\n<meta name=\"twitter:creator\" content=\"@oidossucios\" \/>\n<script type=\"application\/ld+json\" class=\"yoast-schema-graph\">{\"@context\":\"https:\/\/schema.org\",\"@graph\":[{\"@type\":\"WebSite\",\"@id\":\"https:\/\/www.oidossucios.com\/site\/#website\",\"url\":\"https:\/\/www.oidossucios.com\/site\/\",\"name\":\"OidosSucios.Com\",\"description\":\"M\\u00fasica, conciertos, discos\",\"potentialAction\":[{\"@type\":\"SearchAction\",\"target\":\"https:\/\/www.oidossucios.com\/site\/?s={search_term_string}\",\"query-input\":\"required name=search_term_string\"}],\"inLanguage\":\"es\"},{\"@type\":\"ImageObject\",\"@id\":\"https:\/\/www.oidossucios.com\/site\/se-cumplen-30-anos-del-debut-de-soda-stereo\/#primaryimage\",\"inLanguage\":\"es\",\"url\":\"https:\/\/www.oidossucios.com\/site\/wp-content\/uploads\/2012\/12\/6587.jpg\",\"width\":350,\"height\":300},{\"@type\":\"WebPage\",\"@id\":\"https:\/\/www.oidossucios.com\/site\/se-cumplen-30-anos-del-debut-de-soda-stereo\/#webpage\",\"url\":\"https:\/\/www.oidossucios.com\/site\/se-cumplen-30-anos-del-debut-de-soda-stereo\/\",\"name\":\"Se cumplen 30 a\\u00f1os del debut de Soda Stereo - OidosSucios.Com\",\"isPartOf\":{\"@id\":\"https:\/\/www.oidossucios.com\/site\/#website\"},\"primaryImageOfPage\":{\"@id\":\"https:\/\/www.oidossucios.com\/site\/se-cumplen-30-anos-del-debut-de-soda-stereo\/#primaryimage\"},\"datePublished\":\"2012-12-20T22:21:00+00:00\",\"dateModified\":\"2012-12-20T22:21:00+00:00\",\"author\":{\"@id\":\"https:\/\/www.oidossucios.com\/site\/#\/schema\/person\/24559eeb76bf83a63296fb072393a688\"},\"inLanguage\":\"es\",\"potentialAction\":[{\"@type\":\"ReadAction\",\"target\":[\"https:\/\/www.oidossucios.com\/site\/se-cumplen-30-anos-del-debut-de-soda-stereo\/\"]}]},{\"@type\":[\"Person\"],\"@id\":\"https:\/\/www.oidossucios.com\/site\/#\/schema\/person\/24559eeb76bf83a63296fb072393a688\",\"name\":\"Oidossucios\",\"image\":{\"@type\":\"ImageObject\",\"@id\":\"https:\/\/www.oidossucios.com\/site\/#personlogo\",\"inLanguage\":\"es\",\"url\":\"https:\/\/secure.gravatar.com\/avatar\/74fcb480f42f1a33e50a0b6e6369a3f907be2e43dc84fa5f76c66e9c22b4a5ab?s=96&d=mm&r=g\",\"caption\":\"Oidossucios\"},\"sameAs\":[\"https:\/\/twitter.com\/oidossucios\"]}]}<\/script>\n<!-- \/ Yoast SEO plugin. -->","jetpack_sharing_enabled":true,"_links":{"self":[{"href":"https:\/\/www.oidossucios.com\/site\/wp-json\/wp\/v2\/posts\/6587","targetHints":{"allow":["GET"]}}],"collection":[{"href":"https:\/\/www.oidossucios.com\/site\/wp-json\/wp\/v2\/posts"}],"about":[{"href":"https:\/\/www.oidossucios.com\/site\/wp-json\/wp\/v2\/types\/post"}],"author":[{"embeddable":true,"href":"https:\/\/www.oidossucios.com\/site\/wp-json\/wp\/v2\/users\/4"}],"replies":[{"embeddable":true,"href":"https:\/\/www.oidossucios.com\/site\/wp-json\/wp\/v2\/comments?post=6587"}],"version-history":[{"count":0,"href":"https:\/\/www.oidossucios.com\/site\/wp-json\/wp\/v2\/posts\/6587\/revisions"}],"wp:featuredmedia":[{"embeddable":true,"href":"https:\/\/www.oidossucios.com\/site\/wp-json\/wp\/v2\/media\/100006587"}],"wp:attachment":[{"href":"https:\/\/www.oidossucios.com\/site\/wp-json\/wp\/v2\/media?parent=6587"}],"wp:term":[{"taxonomy":"category","embeddable":true,"href":"https:\/\/www.oidossucios.com\/site\/wp-json\/wp\/v2\/categories?post=6587"},{"taxonomy":"post_tag","embeddable":true,"href":"https:\/\/www.oidossucios.com\/site\/wp-json\/wp\/v2\/tags?post=6587"}],"curies":[{"name":"wp","href":"https:\/\/api.w.org\/{rel}","templated":true}]}}