{"id":6589,"date":"2012-12-26T17:01:00","date_gmt":"2012-12-26T17:01:00","guid":{"rendered":"https:\/\/www.oidossucios.com\/site\/2012\/12\/26\/lista-de-bandas-por-dia-del-vive-latino-2013\/"},"modified":"2012-12-26T17:01:00","modified_gmt":"2012-12-26T17:01:00","slug":"lista-de-bandas-por-dia-del-vive-latino-2013","status":"publish","type":"post","link":"https:\/\/www.oidossucios.com\/site\/lista-de-bandas-por-dia-del-vive-latino-2013\/","title":{"rendered":"Lista de bandas por d\u00eda del Vive Latino 2013"},"content":{"rendered":"<p>Ya se dieron a conocer la lista de bandas por d\u00eda de la edici\u00f3n 2013 del Festival Vive Latino, misma que compartimos a continuaci\u00f3n.<\/p>\n<p>Recuerden que el Festival Vive Latino se celebrar\u00e1 los d\u00edas 14, 15, 16 y 17 de marzo del pr\u00f3ximo a\u00f1o y los boletos ya est\u00e1n disponibles a trav\u00e9s de <a href=\"http:\/\/www.ticketmaster.com.mx\/\">www.ticketmaster.com.mx<\/a>.<\/p>\n<p><b>Jueves 14 de marzo<\/b><br \/>Centavrvs<br \/>Pegasvs<br \/>Enjambre<br \/>Morrissey<b><\/p>\n<p>Viernes 15 de marzo<\/b><br \/>!deladap<br \/>Apolo<br \/>Armando Palomas<br \/>Bengala<br \/>Bosnian Rainbows<br \/>Comisario Pantera<br \/>Garrobos<br \/>Golden Ganga<br \/>Here Comes the Kraken<br \/>Japandroids<br \/>Juan Cirerol<br \/>Los amigos invisibles<br \/>Los aut\u00e9nticos decadentes<br \/>Los jaig\u00fcey<br \/>Los punsetes<br \/>Love of Lesbian<br \/>Porter<br \/>Radiokaos<br \/>Soziedad alkoh\u00f3lika<br \/>Tex tex<br \/>Underworld<br \/>Volc\u00e1n<br \/>Yeah Yeah Yeahs<\/p>\n<p><b>S\u00e1bado 16 de marzo<\/b><br \/>Alex Anwanter<br \/>A Band of Bitches<br \/>Banda de turisrtas<br \/>Blur<br \/>Carla Morrison<br \/>Corizonas<br \/>Dapunto Beat<br \/>Divisi\u00f3n Min\u00fascula<br \/>Dread Mar I<br \/>El Tri<br \/>Fobia<br \/>Flip Tamez<br \/>Franny Glass<br \/>Kchiporros<br \/>Los Daniels<br \/>Los Macuanos<br \/>Mala Rodr\u00edguez<br \/>Negros vivos<br \/>Orquesta Garash<br \/>Pante\u00f3n rococ\u00f3<br \/>Puerto candelaria<br \/>Quinto sol<br \/>Rom\u00e1nticos de Zacatecas<br \/>Sonido gallo negro<br \/>Sussie 4<br \/>Tame Impala<br \/>Violadores del verso<br \/>Yokozuna<\/p>\n<p><b>Domingo 17 de marzo<\/b><br \/>Arreola + Carballo<br \/>Balkan Beats<br \/>Bomba est\u00e9reo<br \/>Celso Pi\u00f1a<br \/>Chicha Libre<br \/>Chico Trujillo<br \/>Dorian<br \/>El cuarteto de nos<br \/>El mat\u00f3 a un policia motorizado<br \/>Faltosos Crew<br \/>Gepe<br \/>Jovannotti<br \/>Lazcano malo<br \/>Lebaron<br \/>Leider<br \/>Liber ter\u00e1n<br \/>Los cuchillos<br \/>Los fabulosos cadillacs<br \/>Los viejos<br \/>Monsieur Perin\u00e9<br \/>Naftalina<br \/>Nortec Collective: Bostich + Fussible<br \/>Onda tr\u00f3pica<br \/>Real de catorce<br \/>Renoh<br \/>Silversun Pickups<br \/>Ska-p<br \/>Split Heaven<br \/>Twin Tones<\/p>\n<p>Fuente: www.wap.la<![endif]--><!--[if gte mso 10]> <\/style>\n\n <![endif]--><\/p>\n","protected":false},"excerpt":{"rendered":"<p>Ya se dieron a conocer la lista de bandas por d\u00eda de la edici\u00f3n 2013 del Festival Vive Latino, misma que compartimos a continuaci\u00f3n. Recuerden que el Festival Vive Latino se celebrar\u00e1 los d\u00edas 14, 15, 16 y 17 de marzo del pr\u00f3ximo a\u00f1o y los boletos ya est\u00e1n disponibles a trav\u00e9s de www.ticketmaster.com.mx. Jueves [&hellip;]<\/p>\n","protected":false},"author":4,"featured_media":100006589,"comment_status":"open","ping_status":"open","sticky":false,"template":"","format":"standard","meta":{"_jetpack_memberships_contains_paid_content":false,"footnotes":""},"categories":[142],"tags":[],"class_list":["post-6589","post","type-post","status-publish","format-standard","has-post-thumbnail","hentry","category-buzznews"],"jetpack_featured_media_url":"https:\/\/www.oidossucios.com\/site\/wp-content\/uploads\/2012\/12\/6589.jpg","yoast_head":"<!-- This site is optimized with the Yoast SEO plugin v14.0.4 - https:\/\/yoast.com\/wordpress\/plugins\/seo\/ -->\n<title>Lista de bandas por d\u00eda del Vive Latino 2013 - OidosSucios.Com<\/title>\n<meta name=\"robots\" content=\"index, follow\" \/>\n<meta name=\"googlebot\" content=\"index, follow, max-snippet:-1, max-image-preview:large, max-video-preview:-1\" \/>\n<meta name=\"bingbot\" content=\"index, follow, max-snippet:-1, max-image-preview:large, max-video-preview:-1\" \/>\n<link rel=\"canonical\" href=\"https:\/\/www.oidossucios.com\/site\/lista-de-bandas-por-dia-del-vive-latino-2013\/\" \/>\n<meta property=\"og:locale\" content=\"es_ES\" \/>\n<meta property=\"og:type\" content=\"article\" \/>\n<meta property=\"og:title\" content=\"Lista de bandas por d\u00eda del Vive Latino 2013 - OidosSucios.Com\" \/>\n<meta property=\"og:description\" content=\"Ya se dieron a conocer la lista de bandas por d\u00eda de la edici\u00f3n 2013 del Festival Vive Latino, misma que compartimos a continuaci\u00f3n. Recuerden que el Festival Vive Latino se celebrar\u00e1 los d\u00edas 14, 15, 16 y 17 de marzo del pr\u00f3ximo a\u00f1o y los boletos ya est\u00e1n disponibles a trav\u00e9s de www.ticketmaster.com.mx. Jueves [&hellip;]\" \/>\n<meta property=\"og:url\" content=\"https:\/\/www.oidossucios.com\/site\/lista-de-bandas-por-dia-del-vive-latino-2013\/\" \/>\n<meta property=\"og:site_name\" content=\"OidosSucios.Com\" \/>\n<meta property=\"article:published_time\" content=\"2012-12-26T17:01:00+00:00\" \/>\n<meta property=\"og:image\" content=\"https:\/\/www.oidossucios.com\/site\/wp-content\/uploads\/2012\/12\/6589.jpg\" \/>\n\t<meta property=\"og:image:width\" content=\"350\" \/>\n\t<meta property=\"og:image:height\" content=\"300\" \/>\n<meta name=\"twitter:card\" content=\"summary_large_image\" \/>\n<meta name=\"twitter:creator\" content=\"@oidossucios\" \/>\n<script type=\"application\/ld+json\" class=\"yoast-schema-graph\">{\"@context\":\"https:\/\/schema.org\",\"@graph\":[{\"@type\":\"WebSite\",\"@id\":\"https:\/\/www.oidossucios.com\/site\/#website\",\"url\":\"https:\/\/www.oidossucios.com\/site\/\",\"name\":\"OidosSucios.Com\",\"description\":\"M\\u00fasica, conciertos, discos\",\"potentialAction\":[{\"@type\":\"SearchAction\",\"target\":\"https:\/\/www.oidossucios.com\/site\/?s={search_term_string}\",\"query-input\":\"required name=search_term_string\"}],\"inLanguage\":\"es\"},{\"@type\":\"ImageObject\",\"@id\":\"https:\/\/www.oidossucios.com\/site\/lista-de-bandas-por-dia-del-vive-latino-2013\/#primaryimage\",\"inLanguage\":\"es\",\"url\":\"https:\/\/www.oidossucios.com\/site\/wp-content\/uploads\/2012\/12\/6589.jpg\",\"width\":350,\"height\":300},{\"@type\":\"WebPage\",\"@id\":\"https:\/\/www.oidossucios.com\/site\/lista-de-bandas-por-dia-del-vive-latino-2013\/#webpage\",\"url\":\"https:\/\/www.oidossucios.com\/site\/lista-de-bandas-por-dia-del-vive-latino-2013\/\",\"name\":\"Lista de bandas por d\\u00eda del Vive Latino 2013 - OidosSucios.Com\",\"isPartOf\":{\"@id\":\"https:\/\/www.oidossucios.com\/site\/#website\"},\"primaryImageOfPage\":{\"@id\":\"https:\/\/www.oidossucios.com\/site\/lista-de-bandas-por-dia-del-vive-latino-2013\/#primaryimage\"},\"datePublished\":\"2012-12-26T17:01:00+00:00\",\"dateModified\":\"2012-12-26T17:01:00+00:00\",\"author\":{\"@id\":\"https:\/\/www.oidossucios.com\/site\/#\/schema\/person\/24559eeb76bf83a63296fb072393a688\"},\"inLanguage\":\"es\",\"potentialAction\":[{\"@type\":\"ReadAction\",\"target\":[\"https:\/\/www.oidossucios.com\/site\/lista-de-bandas-por-dia-del-vive-latino-2013\/\"]}]},{\"@type\":[\"Person\"],\"@id\":\"https:\/\/www.oidossucios.com\/site\/#\/schema\/person\/24559eeb76bf83a63296fb072393a688\",\"name\":\"Oidossucios\",\"image\":{\"@type\":\"ImageObject\",\"@id\":\"https:\/\/www.oidossucios.com\/site\/#personlogo\",\"inLanguage\":\"es\",\"url\":\"https:\/\/secure.gravatar.com\/avatar\/74fcb480f42f1a33e50a0b6e6369a3f907be2e43dc84fa5f76c66e9c22b4a5ab?s=96&d=mm&r=g\",\"caption\":\"Oidossucios\"},\"sameAs\":[\"https:\/\/twitter.com\/oidossucios\"]}]}<\/script>\n<!-- \/ Yoast SEO plugin. -->","jetpack_sharing_enabled":true,"_links":{"self":[{"href":"https:\/\/www.oidossucios.com\/site\/wp-json\/wp\/v2\/posts\/6589","targetHints":{"allow":["GET"]}}],"collection":[{"href":"https:\/\/www.oidossucios.com\/site\/wp-json\/wp\/v2\/posts"}],"about":[{"href":"https:\/\/www.oidossucios.com\/site\/wp-json\/wp\/v2\/types\/post"}],"author":[{"embeddable":true,"href":"https:\/\/www.oidossucios.com\/site\/wp-json\/wp\/v2\/users\/4"}],"replies":[{"embeddable":true,"href":"https:\/\/www.oidossucios.com\/site\/wp-json\/wp\/v2\/comments?post=6589"}],"version-history":[{"count":0,"href":"https:\/\/www.oidossucios.com\/site\/wp-json\/wp\/v2\/posts\/6589\/revisions"}],"wp:featuredmedia":[{"embeddable":true,"href":"https:\/\/www.oidossucios.com\/site\/wp-json\/wp\/v2\/media\/100006589"}],"wp:attachment":[{"href":"https:\/\/www.oidossucios.com\/site\/wp-json\/wp\/v2\/media?parent=6589"}],"wp:term":[{"taxonomy":"category","embeddable":true,"href":"https:\/\/www.oidossucios.com\/site\/wp-json\/wp\/v2\/categories?post=6589"},{"taxonomy":"post_tag","embeddable":true,"href":"https:\/\/www.oidossucios.com\/site\/wp-json\/wp\/v2\/tags?post=6589"}],"curies":[{"name":"wp","href":"https:\/\/api.w.org\/{rel}","templated":true}]}}