{"id":6620,"date":"2013-01-03T18:23:00","date_gmt":"2013-01-03T18:23:00","guid":{"rendered":"https:\/\/www.oidossucios.com\/site\/2013\/01\/03\/neil-young-eddie-vedder-mumford-and-sons-juanes-y-mas-participaran-en-concierto-tributo-a-bruce-springsteen\/"},"modified":"2013-01-03T18:23:00","modified_gmt":"2013-01-03T18:23:00","slug":"neil-young-eddie-vedder-mumford-and-sons-juanes-y-mas-participaran-en-concierto-tributo-a-bruce-springsteen","status":"publish","type":"post","link":"https:\/\/www.oidossucios.com\/site\/neil-young-eddie-vedder-mumford-and-sons-juanes-y-mas-participaran-en-concierto-tributo-a-bruce-springsteen\/","title":{"rendered":"Neil Young, Eddie Vedder, Mumford And Sons, Juanes y m\u00e1s participar\u00e1n en concierto tributo a Bruce Springsteen"},"content":{"rendered":"<p><![endif]-->Hoy se confirm\u00f3 que The National Academy of Recording Arts and Sciences honrar\u00e1 a Bruce Springsteen como &#8220;MusiCares Person of the Year&#8221;.<\/p>\n<p>De acuerdo a informes de la revista Rolling Stone, la gala contar\u00e1 con las actuaciones de varios viejos amigos y colaboradores de Springsteen, incluyendo Neil Young, Eddie Vedder, Patti Smith, Sting, Mumford and Sons y Alabama Shakes. Por su parte, Juanes ser\u00e1 el artista latino invitado a participar en el tributo.<\/p>\n<p>El MusiCares Person of the Year premio honra a los m\u00fasicos por su logro art\u00edstico en la industria de la m\u00fasica y la dedicaci\u00f3n a la filantrop\u00eda. Entre los ganadores anteriores incluyen a Paul McCartney, Neil Young, Brian Wilson, Aretha Franklin, Bono, y Stevie Wonder.<\/p>\n<p>La gala de este a\u00f1o tendr\u00e1 lugar el 8 de febrero en Los Angeles Convention Center.<\/p>\n<p>Fuente: www.warp.la<!--[if gte mso 10]> <\/style>\n\n <![endif]--><\/p>\n","protected":false},"excerpt":{"rendered":"<p>Hoy se confirm\u00f3 que The National Academy of Recording Arts and Sciences honrar\u00e1 a Bruce Springsteen como &#8220;MusiCares Person of the Year&#8221;. De acuerdo a informes de la revista Rolling Stone, la gala contar\u00e1 con las actuaciones de varios viejos amigos y colaboradores de Springsteen, incluyendo Neil Young, Eddie Vedder, Patti Smith, Sting, Mumford and [&hellip;]<\/p>\n","protected":false},"author":4,"featured_media":100006620,"comment_status":"open","ping_status":"open","sticky":false,"template":"","format":"standard","meta":{"_jetpack_memberships_contains_paid_content":false,"footnotes":""},"categories":[142],"tags":[],"class_list":["post-6620","post","type-post","status-publish","format-standard","has-post-thumbnail","hentry","category-buzznews"],"jetpack_featured_media_url":"https:\/\/www.oidossucios.com\/site\/wp-content\/uploads\/2013\/01\/6620.jpg","yoast_head":"<!-- This site is optimized with the Yoast SEO plugin v14.0.4 - https:\/\/yoast.com\/wordpress\/plugins\/seo\/ -->\n<title>Neil Young, Eddie Vedder, Mumford And Sons, Juanes y m\u00e1s participar\u00e1n en concierto tributo a Bruce Springsteen - OidosSucios.Com<\/title>\n<meta name=\"robots\" content=\"index, follow\" \/>\n<meta name=\"googlebot\" content=\"index, follow, max-snippet:-1, max-image-preview:large, max-video-preview:-1\" \/>\n<meta name=\"bingbot\" content=\"index, follow, max-snippet:-1, max-image-preview:large, max-video-preview:-1\" \/>\n<link rel=\"canonical\" href=\"https:\/\/www.oidossucios.com\/site\/neil-young-eddie-vedder-mumford-and-sons-juanes-y-mas-participaran-en-concierto-tributo-a-bruce-springsteen\/\" \/>\n<meta property=\"og:locale\" content=\"es_ES\" \/>\n<meta property=\"og:type\" content=\"article\" \/>\n<meta property=\"og:title\" content=\"Neil Young, Eddie Vedder, Mumford And Sons, Juanes y m\u00e1s participar\u00e1n en concierto tributo a Bruce Springsteen - OidosSucios.Com\" \/>\n<meta property=\"og:description\" content=\"Hoy se confirm\u00f3 que The National Academy of Recording Arts and Sciences honrar\u00e1 a Bruce Springsteen como &#8220;MusiCares Person of the Year&#8221;. De acuerdo a informes de la revista Rolling Stone, la gala contar\u00e1 con las actuaciones de varios viejos amigos y colaboradores de Springsteen, incluyendo Neil Young, Eddie Vedder, Patti Smith, Sting, Mumford and [&hellip;]\" \/>\n<meta property=\"og:url\" content=\"https:\/\/www.oidossucios.com\/site\/neil-young-eddie-vedder-mumford-and-sons-juanes-y-mas-participaran-en-concierto-tributo-a-bruce-springsteen\/\" \/>\n<meta property=\"og:site_name\" content=\"OidosSucios.Com\" \/>\n<meta property=\"article:published_time\" content=\"2013-01-03T18:23:00+00:00\" \/>\n<meta property=\"og:image\" content=\"https:\/\/www.oidossucios.com\/site\/wp-content\/uploads\/2013\/01\/6620.jpg\" \/>\n\t<meta property=\"og:image:width\" content=\"350\" \/>\n\t<meta property=\"og:image:height\" content=\"300\" \/>\n<meta name=\"twitter:card\" content=\"summary_large_image\" \/>\n<meta name=\"twitter:creator\" content=\"@oidossucios\" \/>\n<script type=\"application\/ld+json\" class=\"yoast-schema-graph\">{\"@context\":\"https:\/\/schema.org\",\"@graph\":[{\"@type\":\"WebSite\",\"@id\":\"https:\/\/www.oidossucios.com\/site\/#website\",\"url\":\"https:\/\/www.oidossucios.com\/site\/\",\"name\":\"OidosSucios.Com\",\"description\":\"M\\u00fasica, conciertos, discos\",\"potentialAction\":[{\"@type\":\"SearchAction\",\"target\":\"https:\/\/www.oidossucios.com\/site\/?s={search_term_string}\",\"query-input\":\"required name=search_term_string\"}],\"inLanguage\":\"es\"},{\"@type\":\"ImageObject\",\"@id\":\"https:\/\/www.oidossucios.com\/site\/neil-young-eddie-vedder-mumford-and-sons-juanes-y-mas-participaran-en-concierto-tributo-a-bruce-springsteen\/#primaryimage\",\"inLanguage\":\"es\",\"url\":\"https:\/\/www.oidossucios.com\/site\/wp-content\/uploads\/2013\/01\/6620.jpg\",\"width\":350,\"height\":300},{\"@type\":\"WebPage\",\"@id\":\"https:\/\/www.oidossucios.com\/site\/neil-young-eddie-vedder-mumford-and-sons-juanes-y-mas-participaran-en-concierto-tributo-a-bruce-springsteen\/#webpage\",\"url\":\"https:\/\/www.oidossucios.com\/site\/neil-young-eddie-vedder-mumford-and-sons-juanes-y-mas-participaran-en-concierto-tributo-a-bruce-springsteen\/\",\"name\":\"Neil Young, Eddie Vedder, Mumford And Sons, Juanes y m\\u00e1s participar\\u00e1n en concierto tributo a Bruce Springsteen - OidosSucios.Com\",\"isPartOf\":{\"@id\":\"https:\/\/www.oidossucios.com\/site\/#website\"},\"primaryImageOfPage\":{\"@id\":\"https:\/\/www.oidossucios.com\/site\/neil-young-eddie-vedder-mumford-and-sons-juanes-y-mas-participaran-en-concierto-tributo-a-bruce-springsteen\/#primaryimage\"},\"datePublished\":\"2013-01-03T18:23:00+00:00\",\"dateModified\":\"2013-01-03T18:23:00+00:00\",\"author\":{\"@id\":\"https:\/\/www.oidossucios.com\/site\/#\/schema\/person\/24559eeb76bf83a63296fb072393a688\"},\"inLanguage\":\"es\",\"potentialAction\":[{\"@type\":\"ReadAction\",\"target\":[\"https:\/\/www.oidossucios.com\/site\/neil-young-eddie-vedder-mumford-and-sons-juanes-y-mas-participaran-en-concierto-tributo-a-bruce-springsteen\/\"]}]},{\"@type\":[\"Person\"],\"@id\":\"https:\/\/www.oidossucios.com\/site\/#\/schema\/person\/24559eeb76bf83a63296fb072393a688\",\"name\":\"Oidossucios\",\"image\":{\"@type\":\"ImageObject\",\"@id\":\"https:\/\/www.oidossucios.com\/site\/#personlogo\",\"inLanguage\":\"es\",\"url\":\"https:\/\/secure.gravatar.com\/avatar\/74fcb480f42f1a33e50a0b6e6369a3f907be2e43dc84fa5f76c66e9c22b4a5ab?s=96&d=mm&r=g\",\"caption\":\"Oidossucios\"},\"sameAs\":[\"https:\/\/twitter.com\/oidossucios\"]}]}<\/script>\n<!-- \/ Yoast SEO plugin. -->","jetpack_sharing_enabled":true,"_links":{"self":[{"href":"https:\/\/www.oidossucios.com\/site\/wp-json\/wp\/v2\/posts\/6620","targetHints":{"allow":["GET"]}}],"collection":[{"href":"https:\/\/www.oidossucios.com\/site\/wp-json\/wp\/v2\/posts"}],"about":[{"href":"https:\/\/www.oidossucios.com\/site\/wp-json\/wp\/v2\/types\/post"}],"author":[{"embeddable":true,"href":"https:\/\/www.oidossucios.com\/site\/wp-json\/wp\/v2\/users\/4"}],"replies":[{"embeddable":true,"href":"https:\/\/www.oidossucios.com\/site\/wp-json\/wp\/v2\/comments?post=6620"}],"version-history":[{"count":0,"href":"https:\/\/www.oidossucios.com\/site\/wp-json\/wp\/v2\/posts\/6620\/revisions"}],"wp:featuredmedia":[{"embeddable":true,"href":"https:\/\/www.oidossucios.com\/site\/wp-json\/wp\/v2\/media\/100006620"}],"wp:attachment":[{"href":"https:\/\/www.oidossucios.com\/site\/wp-json\/wp\/v2\/media?parent=6620"}],"wp:term":[{"taxonomy":"category","embeddable":true,"href":"https:\/\/www.oidossucios.com\/site\/wp-json\/wp\/v2\/categories?post=6620"},{"taxonomy":"post_tag","embeddable":true,"href":"https:\/\/www.oidossucios.com\/site\/wp-json\/wp\/v2\/tags?post=6620"}],"curies":[{"name":"wp","href":"https:\/\/api.w.org\/{rel}","templated":true}]}}