{"id":6629,"date":"2013-01-07T05:07:00","date_gmt":"2013-01-07T05:07:00","guid":{"rendered":"https:\/\/www.oidossucios.com\/site\/2013\/01\/07\/julian-lennon-revela-que-la-vision-de-bono-esta-empeorando\/"},"modified":"2013-01-07T05:07:00","modified_gmt":"2013-01-07T05:07:00","slug":"julian-lennon-revela-que-la-vision-de-bono-esta-empeorando","status":"publish","type":"post","link":"https:\/\/www.oidossucios.com\/site\/julian-lennon-revela-que-la-vision-de-bono-esta-empeorando\/","title":{"rendered":"Julian Lennon revela que la visi\u00f3n de Bono est\u00e1 empeorando"},"content":{"rendered":"<p>Por <\/p>\n<p>Bono ya explic\u00f3 en el pasado que usa gafas de sol casi todo el tiempo debido a que recibe la luz con una intensidad excesiva, lo cual obviamente es una molestia para el d\u00eda a d\u00eda, algo que ahora parece estar empeorando.<\/p>\n<p>En declaraciones al Irish Daily Star recogidas por el New Musical Express, Lennon apunt\u00f3 que Bono est\u00e1 actualmente sufriendo algunos problemas con sus ojos. &#8220;No s\u00e9 exactamente lo que es, pero el brillo del sol le causa dolor, y el problema est\u00e1 empeorando&#8221;, plante\u00f3.<\/p>\n<p>Por \u00faltimo, el hijo de John Lennon indic\u00f3 que por suerte&nbsp;para Bono el uso de las gafas de sol&nbsp;ya se ha convertido en todo un estilo personal.<\/p>\n<p>Acerca de la situaci\u00f3n de sus ojos, el Sunday Times recuerda que el vocalista ya dijo en el pasado que debe usar gafas como medida de protecci\u00f3n ante los flashes de fans y fot\u00f3grafos. &#8220;Tengo que tener mucho ciudado con las fotos, pues si alguien me apunta directamente con un flash puedo estar viendo esa luz durante todo el resto del d\u00eda&#8221;, desvel\u00f3.<\/p>\n<p>Fuente: www.rollingstone.es<![endif]--><!--[if gte mso 10]> <\/style>\n\n <![endif]--><!--nextpage--><img decoding=\"async\" class=\"aligncenter size-medium wp-image-111116431\" src=\"https:\/\/www.oidossucios.com\/site\/wp-content\/uploads\/2020\/02\/6431.jpg\" alt=\"Julian Lennon revela que la visi\u00f3n de Bono est\u00e1 empeorando\"  \/><a href='https:\/\/www.oidossucios.com\/site\/julian-lennon-revela-que-la-vision-de-bono-esta-empeorando\/2\/'\n                        onclick='if (tpsInstance) { tpsInstance.setNext(); return false; }'\n                        rel='next'\n                        style=''\n                        class=''>Ver galer\u00eda<\/a>]]><\/p>\n","protected":false},"excerpt":{"rendered":"<p>El hijo del m\u00edtico ex Beatle explica que la capacidad visual del cantante de U2 se est\u00e1 deteriorando paulatinamente, por un exceso de sensibilidad a la luz. <\/p>\n","protected":false},"author":4,"featured_media":100006629,"comment_status":"open","ping_status":"open","sticky":false,"template":"","format":"standard","meta":{"_jetpack_memberships_contains_paid_content":false,"footnotes":""},"categories":[685],"tags":[],"class_list":["post-6629","post","type-post","status-publish","format-standard","has-post-thumbnail","hentry","category-ultima"],"jetpack_featured_media_url":"https:\/\/www.oidossucios.com\/site\/wp-content\/uploads\/2013\/01\/6629.jpg","yoast_head":"<!-- This site is optimized with the Yoast SEO plugin v14.0.4 - https:\/\/yoast.com\/wordpress\/plugins\/seo\/ -->\n<title>Julian Lennon revela que la visi\u00f3n de Bono est\u00e1 empeorando - OidosSucios.Com<\/title>\n<meta name=\"description\" content=\"El hijo del m\u00edtico ex Beatle explica que la capacidad visual del cantante de U2 se est\u00e1 deteriorando paulatinamente, por un exceso de sensibilidad a la luz.\" \/>\n<meta name=\"robots\" content=\"index, follow\" \/>\n<meta name=\"googlebot\" content=\"index, follow, max-snippet:-1, max-image-preview:large, max-video-preview:-1\" \/>\n<meta name=\"bingbot\" content=\"index, follow, max-snippet:-1, max-image-preview:large, max-video-preview:-1\" \/>\n<link rel=\"canonical\" href=\"https:\/\/www.oidossucios.com\/site\/julian-lennon-revela-que-la-vision-de-bono-esta-empeorando\/\" \/>\n<link rel=\"next\" href=\"https:\/\/www.oidossucios.com\/site\/julian-lennon-revela-que-la-vision-de-bono-esta-empeorando\/2\/\" \/>\n<meta property=\"og:locale\" content=\"es_ES\" \/>\n<meta property=\"og:type\" content=\"article\" \/>\n<meta property=\"og:title\" content=\"Julian Lennon revela que la visi\u00f3n de Bono est\u00e1 empeorando - OidosSucios.Com\" \/>\n<meta property=\"og:description\" content=\"El hijo del m\u00edtico ex Beatle explica que la capacidad visual del cantante de U2 se est\u00e1 deteriorando paulatinamente, por un exceso de sensibilidad a la luz.\" \/>\n<meta property=\"og:url\" content=\"https:\/\/www.oidossucios.com\/site\/julian-lennon-revela-que-la-vision-de-bono-esta-empeorando\/\" \/>\n<meta property=\"og:site_name\" content=\"OidosSucios.Com\" \/>\n<meta property=\"article:published_time\" content=\"2013-01-07T05:07:00+00:00\" \/>\n<meta property=\"og:image\" content=\"https:\/\/www.oidossucios.com\/site\/wp-content\/uploads\/2013\/01\/6629.jpg\" \/>\n\t<meta property=\"og:image:width\" content=\"350\" \/>\n\t<meta property=\"og:image:height\" content=\"300\" \/>\n<meta name=\"twitter:card\" content=\"summary_large_image\" \/>\n<meta name=\"twitter:creator\" content=\"@oidossucios\" \/>\n<script type=\"application\/ld+json\" class=\"yoast-schema-graph\">{\"@context\":\"https:\/\/schema.org\",\"@graph\":[{\"@type\":\"WebSite\",\"@id\":\"https:\/\/www.oidossucios.com\/site\/#website\",\"url\":\"https:\/\/www.oidossucios.com\/site\/\",\"name\":\"OidosSucios.Com\",\"description\":\"M\\u00fasica, conciertos, discos\",\"potentialAction\":[{\"@type\":\"SearchAction\",\"target\":\"https:\/\/www.oidossucios.com\/site\/?s={search_term_string}\",\"query-input\":\"required name=search_term_string\"}],\"inLanguage\":\"es\"},{\"@type\":\"ImageObject\",\"@id\":\"https:\/\/www.oidossucios.com\/site\/julian-lennon-revela-que-la-vision-de-bono-esta-empeorando\/#primaryimage\",\"inLanguage\":\"es\",\"url\":\"https:\/\/www.oidossucios.com\/site\/wp-content\/uploads\/2013\/01\/6629.jpg\",\"width\":350,\"height\":300},{\"@type\":\"WebPage\",\"@id\":\"https:\/\/www.oidossucios.com\/site\/julian-lennon-revela-que-la-vision-de-bono-esta-empeorando\/#webpage\",\"url\":\"https:\/\/www.oidossucios.com\/site\/julian-lennon-revela-que-la-vision-de-bono-esta-empeorando\/\",\"name\":\"Julian Lennon revela que la visi\\u00f3n de Bono est\\u00e1 empeorando - OidosSucios.Com\",\"isPartOf\":{\"@id\":\"https:\/\/www.oidossucios.com\/site\/#website\"},\"primaryImageOfPage\":{\"@id\":\"https:\/\/www.oidossucios.com\/site\/julian-lennon-revela-que-la-vision-de-bono-esta-empeorando\/#primaryimage\"},\"datePublished\":\"2013-01-07T05:07:00+00:00\",\"dateModified\":\"2013-01-07T05:07:00+00:00\",\"author\":{\"@id\":\"https:\/\/www.oidossucios.com\/site\/#\/schema\/person\/24559eeb76bf83a63296fb072393a688\"},\"description\":\"El hijo del m\\u00edtico ex Beatle explica que la capacidad visual del cantante de U2 se est\\u00e1 deteriorando paulatinamente, por un exceso de sensibilidad a la luz.\",\"inLanguage\":\"es\",\"potentialAction\":[{\"@type\":\"ReadAction\",\"target\":[\"https:\/\/www.oidossucios.com\/site\/julian-lennon-revela-que-la-vision-de-bono-esta-empeorando\/\"]}]},{\"@type\":[\"Person\"],\"@id\":\"https:\/\/www.oidossucios.com\/site\/#\/schema\/person\/24559eeb76bf83a63296fb072393a688\",\"name\":\"Oidossucios\",\"image\":{\"@type\":\"ImageObject\",\"@id\":\"https:\/\/www.oidossucios.com\/site\/#personlogo\",\"inLanguage\":\"es\",\"url\":\"https:\/\/secure.gravatar.com\/avatar\/74fcb480f42f1a33e50a0b6e6369a3f907be2e43dc84fa5f76c66e9c22b4a5ab?s=96&d=mm&r=g\",\"caption\":\"Oidossucios\"},\"sameAs\":[\"https:\/\/twitter.com\/oidossucios\"]}]}<\/script>\n<!-- \/ Yoast SEO plugin. -->","jetpack_sharing_enabled":true,"_links":{"self":[{"href":"https:\/\/www.oidossucios.com\/site\/wp-json\/wp\/v2\/posts\/6629","targetHints":{"allow":["GET"]}}],"collection":[{"href":"https:\/\/www.oidossucios.com\/site\/wp-json\/wp\/v2\/posts"}],"about":[{"href":"https:\/\/www.oidossucios.com\/site\/wp-json\/wp\/v2\/types\/post"}],"author":[{"embeddable":true,"href":"https:\/\/www.oidossucios.com\/site\/wp-json\/wp\/v2\/users\/4"}],"replies":[{"embeddable":true,"href":"https:\/\/www.oidossucios.com\/site\/wp-json\/wp\/v2\/comments?post=6629"}],"version-history":[{"count":0,"href":"https:\/\/www.oidossucios.com\/site\/wp-json\/wp\/v2\/posts\/6629\/revisions"}],"wp:featuredmedia":[{"embeddable":true,"href":"https:\/\/www.oidossucios.com\/site\/wp-json\/wp\/v2\/media\/100006629"}],"wp:attachment":[{"href":"https:\/\/www.oidossucios.com\/site\/wp-json\/wp\/v2\/media?parent=6629"}],"wp:term":[{"taxonomy":"category","embeddable":true,"href":"https:\/\/www.oidossucios.com\/site\/wp-json\/wp\/v2\/categories?post=6629"},{"taxonomy":"post_tag","embeddable":true,"href":"https:\/\/www.oidossucios.com\/site\/wp-json\/wp\/v2\/tags?post=6629"}],"curies":[{"name":"wp","href":"https:\/\/api.w.org\/{rel}","templated":true}]}}