{"id":6638,"date":"2013-01-08T17:18:00","date_gmt":"2013-01-08T17:18:00","guid":{"rendered":"https:\/\/www.oidossucios.com\/site\/2013\/01\/08\/depeche-mode-estrenara-nuevo-single-el-25-de-enero\/"},"modified":"2013-01-08T17:18:00","modified_gmt":"2013-01-08T17:18:00","slug":"depeche-mode-estrenara-nuevo-single-el-25-de-enero","status":"publish","type":"post","link":"https:\/\/www.oidossucios.com\/site\/depeche-mode-estrenara-nuevo-single-el-25-de-enero\/","title":{"rendered":"Depeche Mode estrenar\u00e1 nuevo single el 25 de enero"},"content":{"rendered":"<p>Depeche Mode publicar\u00e1 su nuevo \u00e1lbum de estudio en marzo a trav\u00e9s de Columbia Records, pero para amenizar la espera ya se anuncia que el sencillo de adelanto, titulado &#8220;Heaven&#8221;, se estrenar\u00e1 el 25 de enero. La banda ha filmado el correspondiente videoclip en Nueva Orleans con el habitual Anton Corbijn.<\/p>\n<p>&#8220;Estoy muy contento con el resultado, las canciones tienen una vibraci\u00f3n similar a las de <i>Violator<\/i>y <i>Songs of Faith and Devotion&#8221;<\/i>, ha dicho recientemente Martin Gore, sin duda consciente de que esos son sus dos trabajos m\u00e1s exitosos y queridos por los fans. &#8220;Los temas son de lo mejor que hemos hecho nunca&#8221;, apostilla rizando el rizo del clich\u00e9 promocional circular.<\/p>\n<p>Gahan ha a\u00f1adido: &#8220;El \u00e1lbum es muy org\u00e1nico y directo. No es un \u00e1lbum de blues pero tiene mucha alma. Durante la grabaci\u00f3n tratamos de incorporar m\u00e1s elementos de la puesta en escena y de los conciertos, involucr\u00e1ndolos en el disco&#8221;.<\/p>\n<p>Fuente: www.rollingstone.es<![endif]--><!--[if gte mso 10]> <\/style>\n\n <![endif]--><\/p>\n","protected":false},"excerpt":{"rendered":"<p>Depeche Mode publicar\u00e1 su nuevo \u00e1lbum de estudio en marzo a trav\u00e9s de Columbia Records, pero para amenizar la espera ya se anuncia que el sencillo de adelanto, titulado &#8220;Heaven&#8221;, se estrenar\u00e1 el 25 de enero. La banda ha filmado el correspondiente videoclip en Nueva Orleans con el habitual Anton Corbijn. &#8220;Estoy muy contento con [&hellip;]<\/p>\n","protected":false},"author":4,"featured_media":100006638,"comment_status":"open","ping_status":"open","sticky":false,"template":"","format":"standard","meta":{"_jetpack_memberships_contains_paid_content":false,"footnotes":""},"categories":[142],"tags":[],"class_list":["post-6638","post","type-post","status-publish","format-standard","has-post-thumbnail","hentry","category-buzznews"],"jetpack_featured_media_url":"https:\/\/www.oidossucios.com\/site\/wp-content\/uploads\/2013\/01\/6638.jpg","yoast_head":"<!-- This site is optimized with the Yoast SEO plugin v14.0.4 - https:\/\/yoast.com\/wordpress\/plugins\/seo\/ -->\n<title>Depeche Mode estrenar\u00e1 nuevo single el 25 de enero - OidosSucios.Com<\/title>\n<meta name=\"robots\" content=\"index, follow\" \/>\n<meta name=\"googlebot\" content=\"index, follow, max-snippet:-1, max-image-preview:large, max-video-preview:-1\" \/>\n<meta name=\"bingbot\" content=\"index, follow, max-snippet:-1, max-image-preview:large, max-video-preview:-1\" \/>\n<link rel=\"canonical\" href=\"https:\/\/www.oidossucios.com\/site\/depeche-mode-estrenara-nuevo-single-el-25-de-enero\/\" \/>\n<meta property=\"og:locale\" content=\"es_ES\" \/>\n<meta property=\"og:type\" content=\"article\" \/>\n<meta property=\"og:title\" content=\"Depeche Mode estrenar\u00e1 nuevo single el 25 de enero - OidosSucios.Com\" \/>\n<meta property=\"og:description\" content=\"Depeche Mode publicar\u00e1 su nuevo \u00e1lbum de estudio en marzo a trav\u00e9s de Columbia Records, pero para amenizar la espera ya se anuncia que el sencillo de adelanto, titulado &#8220;Heaven&#8221;, se estrenar\u00e1 el 25 de enero. La banda ha filmado el correspondiente videoclip en Nueva Orleans con el habitual Anton Corbijn. &#8220;Estoy muy contento con [&hellip;]\" \/>\n<meta property=\"og:url\" content=\"https:\/\/www.oidossucios.com\/site\/depeche-mode-estrenara-nuevo-single-el-25-de-enero\/\" \/>\n<meta property=\"og:site_name\" content=\"OidosSucios.Com\" \/>\n<meta property=\"article:published_time\" content=\"2013-01-08T17:18:00+00:00\" \/>\n<meta property=\"og:image\" content=\"https:\/\/www.oidossucios.com\/site\/wp-content\/uploads\/2013\/01\/6638.jpg\" \/>\n\t<meta property=\"og:image:width\" content=\"350\" \/>\n\t<meta property=\"og:image:height\" content=\"300\" \/>\n<meta name=\"twitter:card\" content=\"summary_large_image\" \/>\n<meta name=\"twitter:creator\" content=\"@oidossucios\" \/>\n<script type=\"application\/ld+json\" class=\"yoast-schema-graph\">{\"@context\":\"https:\/\/schema.org\",\"@graph\":[{\"@type\":\"WebSite\",\"@id\":\"https:\/\/www.oidossucios.com\/site\/#website\",\"url\":\"https:\/\/www.oidossucios.com\/site\/\",\"name\":\"OidosSucios.Com\",\"description\":\"M\\u00fasica, conciertos, discos\",\"potentialAction\":[{\"@type\":\"SearchAction\",\"target\":\"https:\/\/www.oidossucios.com\/site\/?s={search_term_string}\",\"query-input\":\"required name=search_term_string\"}],\"inLanguage\":\"es\"},{\"@type\":\"ImageObject\",\"@id\":\"https:\/\/www.oidossucios.com\/site\/depeche-mode-estrenara-nuevo-single-el-25-de-enero\/#primaryimage\",\"inLanguage\":\"es\",\"url\":\"https:\/\/www.oidossucios.com\/site\/wp-content\/uploads\/2013\/01\/6638.jpg\",\"width\":350,\"height\":300},{\"@type\":\"WebPage\",\"@id\":\"https:\/\/www.oidossucios.com\/site\/depeche-mode-estrenara-nuevo-single-el-25-de-enero\/#webpage\",\"url\":\"https:\/\/www.oidossucios.com\/site\/depeche-mode-estrenara-nuevo-single-el-25-de-enero\/\",\"name\":\"Depeche Mode estrenar\\u00e1 nuevo single el 25 de enero - OidosSucios.Com\",\"isPartOf\":{\"@id\":\"https:\/\/www.oidossucios.com\/site\/#website\"},\"primaryImageOfPage\":{\"@id\":\"https:\/\/www.oidossucios.com\/site\/depeche-mode-estrenara-nuevo-single-el-25-de-enero\/#primaryimage\"},\"datePublished\":\"2013-01-08T17:18:00+00:00\",\"dateModified\":\"2013-01-08T17:18:00+00:00\",\"author\":{\"@id\":\"https:\/\/www.oidossucios.com\/site\/#\/schema\/person\/24559eeb76bf83a63296fb072393a688\"},\"inLanguage\":\"es\",\"potentialAction\":[{\"@type\":\"ReadAction\",\"target\":[\"https:\/\/www.oidossucios.com\/site\/depeche-mode-estrenara-nuevo-single-el-25-de-enero\/\"]}]},{\"@type\":[\"Person\"],\"@id\":\"https:\/\/www.oidossucios.com\/site\/#\/schema\/person\/24559eeb76bf83a63296fb072393a688\",\"name\":\"Oidossucios\",\"image\":{\"@type\":\"ImageObject\",\"@id\":\"https:\/\/www.oidossucios.com\/site\/#personlogo\",\"inLanguage\":\"es\",\"url\":\"https:\/\/secure.gravatar.com\/avatar\/74fcb480f42f1a33e50a0b6e6369a3f907be2e43dc84fa5f76c66e9c22b4a5ab?s=96&d=mm&r=g\",\"caption\":\"Oidossucios\"},\"sameAs\":[\"https:\/\/twitter.com\/oidossucios\"]}]}<\/script>\n<!-- \/ Yoast SEO plugin. -->","jetpack_sharing_enabled":true,"_links":{"self":[{"href":"https:\/\/www.oidossucios.com\/site\/wp-json\/wp\/v2\/posts\/6638","targetHints":{"allow":["GET"]}}],"collection":[{"href":"https:\/\/www.oidossucios.com\/site\/wp-json\/wp\/v2\/posts"}],"about":[{"href":"https:\/\/www.oidossucios.com\/site\/wp-json\/wp\/v2\/types\/post"}],"author":[{"embeddable":true,"href":"https:\/\/www.oidossucios.com\/site\/wp-json\/wp\/v2\/users\/4"}],"replies":[{"embeddable":true,"href":"https:\/\/www.oidossucios.com\/site\/wp-json\/wp\/v2\/comments?post=6638"}],"version-history":[{"count":0,"href":"https:\/\/www.oidossucios.com\/site\/wp-json\/wp\/v2\/posts\/6638\/revisions"}],"wp:featuredmedia":[{"embeddable":true,"href":"https:\/\/www.oidossucios.com\/site\/wp-json\/wp\/v2\/media\/100006638"}],"wp:attachment":[{"href":"https:\/\/www.oidossucios.com\/site\/wp-json\/wp\/v2\/media?parent=6638"}],"wp:term":[{"taxonomy":"category","embeddable":true,"href":"https:\/\/www.oidossucios.com\/site\/wp-json\/wp\/v2\/categories?post=6638"},{"taxonomy":"post_tag","embeddable":true,"href":"https:\/\/www.oidossucios.com\/site\/wp-json\/wp\/v2\/tags?post=6638"}],"curies":[{"name":"wp","href":"https:\/\/api.w.org\/{rel}","templated":true}]}}