{"id":664,"date":"2002-09-01T23:49:00","date_gmt":"2002-09-01T23:49:00","guid":{"rendered":"https:\/\/www.oidossucios.com\/site\/2002\/09\/01\/manu-chao-regresa-con-disco-y-dvd\/"},"modified":"2002-09-01T23:49:00","modified_gmt":"2002-09-01T23:49:00","slug":"manu-chao-regresa-con-disco-y-dvd","status":"publish","type":"post","link":"https:\/\/www.oidossucios.com\/site\/manu-chao-regresa-con-disco-y-dvd\/","title":{"rendered":"Manu Chao regresa con disco y DVD"},"content":{"rendered":"<p>Luego de m\u00e1s de 3 a\u00f1os de gira y m\u00e1s de 100 conciertos en todo el mundo, el ex Mano Negra, Manu Chao, editar\u00e1 esta semana su primero disco en vivo como solista, donde recoger\u00e1 los temas de sus dos primeras producciones y canciones de su anterior banda.<\/p>\n<p>El \u00e1lbum, que fue grabado en septiembre del 2001 en el Grande Halle de La Villete en Par\u00eds bajo la producci\u00f3n del mismo Manu Chao y Renaud Letang, cuenta con 29 canciones entre las cuales se encuentran: Casa Babylon&#8217;, &#8216;King Kong Five&#8217;, &#8216;The Monkey&#8217;, &#8216;Peligro&#8217;, &#8216;Mala Vida&#8217;, &#8216;Machine Gun&#8217;, &#8216;Mr. Bobby&#8217; y &#8216;Welcome to Tijuana&#8217;.<\/p>\n<p>En el mes de diciembre, ser\u00e1 editado un DVD con la gira completa e im\u00e1genes in\u00e9ditas.<\/p>\n","protected":false},"excerpt":{"rendered":"<p>El francoespa\u00f1ol regresa a las tiendas esta semana editando su primer disco en vivo como solista. En diciembre ser\u00e1 lanzado en DVD.<\/p>\n","protected":false},"author":4,"featured_media":0,"comment_status":"open","ping_status":"open","sticky":false,"template":"","format":"standard","meta":{"_jetpack_memberships_contains_paid_content":false,"footnotes":""},"categories":[250],"tags":[],"class_list":["post-664","post","type-post","status-publish","format-standard","hentry","category-noticias"],"jetpack_featured_media_url":"","yoast_head":"<!-- This site is optimized with the Yoast SEO plugin v14.0.4 - https:\/\/yoast.com\/wordpress\/plugins\/seo\/ -->\n<title>Manu Chao regresa con disco y DVD - OidosSucios.Com<\/title>\n<meta name=\"description\" content=\"La banda mexicana grabar\u00e1 su segundo trabajo ac\u00fastico, pero que ser\u00e1 el primero editado para la venta. Estar\u00e1 en las calles en el mes de octubre.\" \/>\n<meta name=\"robots\" content=\"index, follow\" \/>\n<meta name=\"googlebot\" content=\"index, follow, max-snippet:-1, max-image-preview:large, max-video-preview:-1\" \/>\n<meta name=\"bingbot\" content=\"index, follow, max-snippet:-1, max-image-preview:large, max-video-preview:-1\" \/>\n<link rel=\"canonical\" href=\"https:\/\/www.oidossucios.com\/site\/manu-chao-regresa-con-disco-y-dvd\/\" \/>\n<meta property=\"og:locale\" content=\"es_ES\" \/>\n<meta property=\"og:type\" content=\"article\" \/>\n<meta property=\"og:title\" content=\"Manu Chao regresa con disco y DVD - OidosSucios.Com\" \/>\n<meta property=\"og:description\" content=\"La banda mexicana grabar\u00e1 su segundo trabajo ac\u00fastico, pero que ser\u00e1 el primero editado para la venta. Estar\u00e1 en las calles en el mes de octubre.\" \/>\n<meta property=\"og:url\" content=\"https:\/\/www.oidossucios.com\/site\/manu-chao-regresa-con-disco-y-dvd\/\" \/>\n<meta property=\"og:site_name\" content=\"OidosSucios.Com\" \/>\n<meta property=\"article:published_time\" content=\"2002-09-01T23:49:00+00:00\" \/>\n<meta name=\"twitter:card\" content=\"summary_large_image\" \/>\n<meta name=\"twitter:creator\" content=\"@oidossucios\" \/>\n<script type=\"application\/ld+json\" class=\"yoast-schema-graph\">{\"@context\":\"https:\/\/schema.org\",\"@graph\":[{\"@type\":\"WebSite\",\"@id\":\"https:\/\/www.oidossucios.com\/site\/#website\",\"url\":\"https:\/\/www.oidossucios.com\/site\/\",\"name\":\"OidosSucios.Com\",\"description\":\"M\\u00fasica, conciertos, discos\",\"potentialAction\":[{\"@type\":\"SearchAction\",\"target\":\"https:\/\/www.oidossucios.com\/site\/?s={search_term_string}\",\"query-input\":\"required name=search_term_string\"}],\"inLanguage\":\"es\"},{\"@type\":\"WebPage\",\"@id\":\"https:\/\/www.oidossucios.com\/site\/manu-chao-regresa-con-disco-y-dvd\/#webpage\",\"url\":\"https:\/\/www.oidossucios.com\/site\/manu-chao-regresa-con-disco-y-dvd\/\",\"name\":\"Manu Chao regresa con disco y DVD - OidosSucios.Com\",\"isPartOf\":{\"@id\":\"https:\/\/www.oidossucios.com\/site\/#website\"},\"datePublished\":\"2002-09-01T23:49:00+00:00\",\"dateModified\":\"2002-09-01T23:49:00+00:00\",\"author\":{\"@id\":\"https:\/\/www.oidossucios.com\/site\/#\/schema\/person\/24559eeb76bf83a63296fb072393a688\"},\"description\":\"La banda mexicana grabar\\u00e1 su segundo trabajo ac\\u00fastico, pero que ser\\u00e1 el primero editado para la venta. Estar\\u00e1 en las calles en el mes de octubre.\",\"inLanguage\":\"es\",\"potentialAction\":[{\"@type\":\"ReadAction\",\"target\":[\"https:\/\/www.oidossucios.com\/site\/manu-chao-regresa-con-disco-y-dvd\/\"]}]},{\"@type\":[\"Person\"],\"@id\":\"https:\/\/www.oidossucios.com\/site\/#\/schema\/person\/24559eeb76bf83a63296fb072393a688\",\"name\":\"Oidossucios\",\"image\":{\"@type\":\"ImageObject\",\"@id\":\"https:\/\/www.oidossucios.com\/site\/#personlogo\",\"inLanguage\":\"es\",\"url\":\"https:\/\/secure.gravatar.com\/avatar\/74fcb480f42f1a33e50a0b6e6369a3f907be2e43dc84fa5f76c66e9c22b4a5ab?s=96&d=mm&r=g\",\"caption\":\"Oidossucios\"},\"sameAs\":[\"https:\/\/twitter.com\/oidossucios\"]}]}<\/script>\n<!-- \/ Yoast SEO plugin. -->","jetpack_sharing_enabled":true,"_links":{"self":[{"href":"https:\/\/www.oidossucios.com\/site\/wp-json\/wp\/v2\/posts\/664","targetHints":{"allow":["GET"]}}],"collection":[{"href":"https:\/\/www.oidossucios.com\/site\/wp-json\/wp\/v2\/posts"}],"about":[{"href":"https:\/\/www.oidossucios.com\/site\/wp-json\/wp\/v2\/types\/post"}],"author":[{"embeddable":true,"href":"https:\/\/www.oidossucios.com\/site\/wp-json\/wp\/v2\/users\/4"}],"replies":[{"embeddable":true,"href":"https:\/\/www.oidossucios.com\/site\/wp-json\/wp\/v2\/comments?post=664"}],"version-history":[{"count":0,"href":"https:\/\/www.oidossucios.com\/site\/wp-json\/wp\/v2\/posts\/664\/revisions"}],"wp:attachment":[{"href":"https:\/\/www.oidossucios.com\/site\/wp-json\/wp\/v2\/media?parent=664"}],"wp:term":[{"taxonomy":"category","embeddable":true,"href":"https:\/\/www.oidossucios.com\/site\/wp-json\/wp\/v2\/categories?post=664"},{"taxonomy":"post_tag","embeddable":true,"href":"https:\/\/www.oidossucios.com\/site\/wp-json\/wp\/v2\/tags?post=664"}],"curies":[{"name":"wp","href":"https:\/\/api.w.org\/{rel}","templated":true}]}}