{"id":666,"date":"2002-09-03T21:35:00","date_gmt":"2002-09-03T21:35:00","guid":{"rendered":"https:\/\/www.oidossucios.com\/site\/2002\/09\/03\/andy-summers-visitara-venezuela-este-fin-de-semana\/"},"modified":"2002-09-03T21:35:00","modified_gmt":"2002-09-03T21:35:00","slug":"andy-summers-visitara-venezuela-este-fin-de-semana","status":"publish","type":"post","link":"https:\/\/www.oidossucios.com\/site\/andy-summers-visitara-venezuela-este-fin-de-semana\/","title":{"rendered":"Andy Summers visitar\u00e1 Venezuela este fin de semana"},"content":{"rendered":"<p>Andy Summers, ex \u0096 guitarrista de la agrupaci\u00f3n brit\u00e1nica The Police, estar\u00e1 en Caracas este fin de semana donde dar\u00e1 dos conciertos y dictar\u00e1 una cl\u00ednica de guitarra.<\/p>\n<p>Summers, quien se presentar\u00e1 junto al bajista Ricky Fierabracci y el baterista Anastasios Panos, estar\u00e1 tocando su repertorio como solista, que abarca desde el jazz al world music pasando por la m\u00fasica cl\u00e1sica.<\/p>\n<p>Las funciones ser\u00e1n el viernes 6 y s\u00e1bado 7 de septiembre en el Centro Cultural Corp Group de La Castellana a las 8pm, con un costo de 60 mil bol\u00edvares la entrada. La cl\u00ednica de guitarra se dictar\u00e1 en el mismo sitio el d\u00eda s\u00e1bado, a las 4pm, con un costo de 10 mil bol\u00edvares la inscripci\u00f3n.<\/p>\n<p>El domingo 8, Summers se presentar\u00e1 en el Teatro de la Opera de Maracay.<\/p>\n","protected":false},"excerpt":{"rendered":"<p>El ex &#8211; guitarrista de The Police estar\u00e1 por primera vez en nuestro pa\u00eds para dar tres conciertos y dictar un cl\u00ednica de guitarra en Caracas.<\/p>\n","protected":false},"author":4,"featured_media":0,"comment_status":"open","ping_status":"open","sticky":false,"template":"","format":"standard","meta":{"_jetpack_memberships_contains_paid_content":false,"footnotes":""},"categories":[250],"tags":[],"class_list":["post-666","post","type-post","status-publish","format-standard","hentry","category-noticias"],"jetpack_featured_media_url":"","yoast_head":"<!-- This site is optimized with the Yoast SEO plugin v14.0.4 - https:\/\/yoast.com\/wordpress\/plugins\/seo\/ -->\n<title>Andy Summers visitar\u00e1 Venezuela este fin de semana - OidosSucios.Com<\/title>\n<meta name=\"description\" content=\"Por motivos econ\u00f3micos, la banda venezolana suspendi\u00f3 la grabaci\u00f3n de su DVD que estaba pautada para el pr\u00f3ximo mes de septiembre.\" \/>\n<meta name=\"robots\" content=\"index, follow\" \/>\n<meta name=\"googlebot\" content=\"index, follow, max-snippet:-1, max-image-preview:large, max-video-preview:-1\" \/>\n<meta name=\"bingbot\" content=\"index, follow, max-snippet:-1, max-image-preview:large, max-video-preview:-1\" \/>\n<link rel=\"canonical\" href=\"https:\/\/www.oidossucios.com\/site\/andy-summers-visitara-venezuela-este-fin-de-semana\/\" \/>\n<meta property=\"og:locale\" content=\"es_ES\" \/>\n<meta property=\"og:type\" content=\"article\" \/>\n<meta property=\"og:title\" content=\"Andy Summers visitar\u00e1 Venezuela este fin de semana - OidosSucios.Com\" \/>\n<meta property=\"og:description\" content=\"Por motivos econ\u00f3micos, la banda venezolana suspendi\u00f3 la grabaci\u00f3n de su DVD que estaba pautada para el pr\u00f3ximo mes de septiembre.\" \/>\n<meta property=\"og:url\" content=\"https:\/\/www.oidossucios.com\/site\/andy-summers-visitara-venezuela-este-fin-de-semana\/\" \/>\n<meta property=\"og:site_name\" content=\"OidosSucios.Com\" \/>\n<meta property=\"article:published_time\" content=\"2002-09-03T21:35:00+00:00\" \/>\n<meta name=\"twitter:card\" content=\"summary_large_image\" \/>\n<meta name=\"twitter:creator\" content=\"@oidossucios\" \/>\n<script type=\"application\/ld+json\" class=\"yoast-schema-graph\">{\"@context\":\"https:\/\/schema.org\",\"@graph\":[{\"@type\":\"WebSite\",\"@id\":\"https:\/\/www.oidossucios.com\/site\/#website\",\"url\":\"https:\/\/www.oidossucios.com\/site\/\",\"name\":\"OidosSucios.Com\",\"description\":\"M\\u00fasica, conciertos, discos\",\"potentialAction\":[{\"@type\":\"SearchAction\",\"target\":\"https:\/\/www.oidossucios.com\/site\/?s={search_term_string}\",\"query-input\":\"required name=search_term_string\"}],\"inLanguage\":\"es\"},{\"@type\":\"WebPage\",\"@id\":\"https:\/\/www.oidossucios.com\/site\/andy-summers-visitara-venezuela-este-fin-de-semana\/#webpage\",\"url\":\"https:\/\/www.oidossucios.com\/site\/andy-summers-visitara-venezuela-este-fin-de-semana\/\",\"name\":\"Andy Summers visitar\\u00e1 Venezuela este fin de semana - OidosSucios.Com\",\"isPartOf\":{\"@id\":\"https:\/\/www.oidossucios.com\/site\/#website\"},\"datePublished\":\"2002-09-03T21:35:00+00:00\",\"dateModified\":\"2002-09-03T21:35:00+00:00\",\"author\":{\"@id\":\"https:\/\/www.oidossucios.com\/site\/#\/schema\/person\/24559eeb76bf83a63296fb072393a688\"},\"description\":\"Por motivos econ\\u00f3micos, la banda venezolana suspendi\\u00f3 la grabaci\\u00f3n de su DVD que estaba pautada para el pr\\u00f3ximo mes de septiembre.\",\"inLanguage\":\"es\",\"potentialAction\":[{\"@type\":\"ReadAction\",\"target\":[\"https:\/\/www.oidossucios.com\/site\/andy-summers-visitara-venezuela-este-fin-de-semana\/\"]}]},{\"@type\":[\"Person\"],\"@id\":\"https:\/\/www.oidossucios.com\/site\/#\/schema\/person\/24559eeb76bf83a63296fb072393a688\",\"name\":\"Oidossucios\",\"image\":{\"@type\":\"ImageObject\",\"@id\":\"https:\/\/www.oidossucios.com\/site\/#personlogo\",\"inLanguage\":\"es\",\"url\":\"https:\/\/secure.gravatar.com\/avatar\/74fcb480f42f1a33e50a0b6e6369a3f907be2e43dc84fa5f76c66e9c22b4a5ab?s=96&d=mm&r=g\",\"caption\":\"Oidossucios\"},\"sameAs\":[\"https:\/\/twitter.com\/oidossucios\"]}]}<\/script>\n<!-- \/ Yoast SEO plugin. -->","jetpack_sharing_enabled":true,"_links":{"self":[{"href":"https:\/\/www.oidossucios.com\/site\/wp-json\/wp\/v2\/posts\/666","targetHints":{"allow":["GET"]}}],"collection":[{"href":"https:\/\/www.oidossucios.com\/site\/wp-json\/wp\/v2\/posts"}],"about":[{"href":"https:\/\/www.oidossucios.com\/site\/wp-json\/wp\/v2\/types\/post"}],"author":[{"embeddable":true,"href":"https:\/\/www.oidossucios.com\/site\/wp-json\/wp\/v2\/users\/4"}],"replies":[{"embeddable":true,"href":"https:\/\/www.oidossucios.com\/site\/wp-json\/wp\/v2\/comments?post=666"}],"version-history":[{"count":0,"href":"https:\/\/www.oidossucios.com\/site\/wp-json\/wp\/v2\/posts\/666\/revisions"}],"wp:attachment":[{"href":"https:\/\/www.oidossucios.com\/site\/wp-json\/wp\/v2\/media?parent=666"}],"wp:term":[{"taxonomy":"category","embeddable":true,"href":"https:\/\/www.oidossucios.com\/site\/wp-json\/wp\/v2\/categories?post=666"},{"taxonomy":"post_tag","embeddable":true,"href":"https:\/\/www.oidossucios.com\/site\/wp-json\/wp\/v2\/tags?post=666"}],"curies":[{"name":"wp","href":"https:\/\/api.w.org\/{rel}","templated":true}]}}