{"id":667,"date":"2002-09-04T10:17:00","date_gmt":"2002-09-04T10:17:00","guid":{"rendered":"https:\/\/www.oidossucios.com\/site\/2002\/09\/04\/listos-los-nominados-para-los-mtv-video-music-awards-latinoamerica\/"},"modified":"2002-09-04T10:17:00","modified_gmt":"2002-09-04T10:17:00","slug":"listos-los-nominados-para-los-mtv-video-music-awards-latinoamerica","status":"publish","type":"post","link":"https:\/\/www.oidossucios.com\/site\/listos-los-nominados-para-los-mtv-video-music-awards-latinoamerica\/","title":{"rendered":"Listos los nominados para los MTV Video Music Awards Latinoam\u00e9rica"},"content":{"rendered":"<p>Los colombianos Juanes y Shakira se llevaron la mayor cantidad de nominaciones para los MTV Video Music Awards Latinoam\u00e9rica, que se llevar\u00e1n a cabo el pr\u00f3ximo 24 de octubre en el teatro Jackie Gleason de la ciudad de Miami.<\/p>\n<p>La ceremonia ser\u00e1 conducida por el actor mexicano Diego Luna (Y tu mam\u00e1 tambi\u00e9n, Frida) y del animador argentino Mario Pergolini. La presentaci\u00f3n contar\u00e1 con los shows de Man\u00e1, Shakira y los invitados especiales: System of a Down, aunque otras apariciones ser\u00e1n anunciadas pr\u00f3ximamente. Los televidentes de MTV podr\u00e1n realizar sus votaciones a partir del 7 de septiembre y hasta el 7 de octubre, a trav\u00e9s de la p\u00e1gina web www.mtvla.com.<\/p>\n<p>La lista completa de nominados es la siguiente:<\/p>\n<p><b>ARTISTA DEL A\u00d1O<\/b><br \/>Juanes (Surco\/Universal)<br \/>La Ley (Warner)<br \/>Alejandro Sanz (Warner)<br \/>Shakira (Sony)<br \/>Diego Torres (BMG)<\/p>\n<p><b>VIDEO DEL A\u00d1O<\/b><br \/>Heroe &#8211; Enrique Iglesias<br \/>A Dios le pido &#8211; Juanes<br \/>Si T\u00fa Te Vas &#8211; Paulina Rubio<br \/>Suerte &#8211; Shakira<br \/>Color Esperanza &#8211; Diego Torres<\/p>\n<p><b>MEJOR ARTISTA NORTE<\/b><br \/>Juanes (Surco\/Universal)<br \/>Kinky (BMG)<br \/>Paulina Rubio (Universal)<br \/>Shakira (Sony)<br \/>Aleks Syntek (EMI)<\/p>\n<p><b>MEJOR NUEVO ARTISTA NORTE<\/b><br \/>Cabas (EMI)<br \/>Celso Pi\u00f1a (MCM\/Warner)<br \/>Kinky (BMG)<br \/>Sin Bandera (Sony)<br \/>Volov\u00e1n (Suave)<\/p>\n<p><b>MEJOR ARTISTA SURESTE<\/b><br \/>Babas\u00f3nicos (Pop Art)<br \/>Bersuit (Universal)<br \/>Catupecu Machu (EMI)<br \/>Gustavo Cerati (BMG)<br \/>Diego Torres (BMG)<\/p>\n<p><b>MEJOR NUEVO ARTISTA SURESTE<\/b><br \/>Bandana (BMG)<br \/>Jorge Drexler (EMI)<br \/>Leo Garc\u00eda (EMI)<br \/>Daniela Herrero (Sony)<br \/>Parrale\u00f1os (Universal)<\/p>\n<p><b>MEJOR ARTISTA SUROESTE<\/b><br \/>Los Bunkers (Sony)<br \/>Javiera y los Imposibles (Sony)<br \/>La Ley (Warner)<br \/>L\u00edbido (Sony)<br \/>Los Prisioneros (Warner)<\/p>\n<p><b>MEJOR NUEVO ARTISTA SUROESTE<\/b><br \/>Los Bunkers (Sony)<br \/>Mamma Soul (EMI)<br \/>DJ Mendez (Universal)<br \/>No Me Acuerdo (Warner)<br \/>Sinergia (Sello Azul)<\/p>\n<p><b>MEJOR ARTISTA INTERNACIONAL<\/b><br \/>Nelly Furtado (Universal)<br \/>Gorillaz (EMI)<br \/>Avril Lavigne (BMG)<br \/>Linkin Park (Warner)<br \/>System of a down (Sony)<\/p>\n<p><b>MEJOR ARTISTA ROCK INTERNACIONAL<\/b><br \/>Coldplay (EMI)<br \/>Linkin Park (Warner)<br \/>No Doubt (Universal)<br \/>Red Hot Chili Peppers (Warner)<br \/>System of a down (Sony)<\/p>\n<p><b>MEJOR ARTISTA POP INTERNACIONAL<\/b><br \/>Nelly Furtado (Universal)<br \/>Avril Lavigne (BMG)<br \/>Kylie Minogue (EMI)<br \/>Pink (BMG)<br \/>Britney Spears (EMI)<\/p>\n<p><b>MEJOR ARTISTA ALTERNATIVO DEL A\u00d1O<\/b><br \/>Enrique B\u00fanbury (EMI)<br \/>Man\u00fa Chao (EMI)<br \/>Ely Guerra (EMI)<br \/>Kinky (BMG)<br \/>Celso Pi\u00f1a (MCM\/Warner)<\/p>\n<p><b>MEJOR ARTISTA ROCK DEL A\u00d1O<\/b><br \/>Aterciopelados (BMG)<br \/>Babas\u00f3nicos (Pop Art)<br \/>Catupecu Machu (EMI)<br \/>Juanes (Surco\/Universal)<br \/>La Ley (Warner)<\/p>\n<p><b>MEJOR ARTISTA POP DEL A\u00d1O<\/b><br \/>Enrique Iglesias (Universal)<br \/>Paulina Rubio (Universal)<br \/>Alejandro Sanz (Warner)<br \/>Shakira (Sony)<br \/>Diego Torres (BMG)<\/p>\n<p><b>MEJOR ARTISTA FEMENINA DEL A\u00d1O<\/b><br \/>Erica Garc\u00eda (Surco\/Universal)<br \/>Ely Guerra (EMI)<br \/>Paulina Rubio (Universal)<br \/>Shakira (Sony Music)<br \/>Thal\u00eda (EMI)<\/p>\n<p><b>MEJOR ARTISTA MASCULINO DEL A\u00d1O<\/b><br \/>Gustavo Cerati (BMG)<br \/>Enrique Iglesias (Universal)<br \/>Juanes (Surco\/Universal)<br \/>Alejandro Sanz (Warner)<br \/>Diego Torres (BMG)<\/p>\n<p><b>MEJOR GRUPO O D\u00daO DEL A\u00d1O<\/b><br \/>Babas\u00f3nicos (Pop Art)<br \/>Catupecu Machu (EMI)<br \/>Kinky (BMG)<br \/>La Ley (Warner)<br \/>La Oreja de Van Gogh (Sony)<\/p>\n","protected":false},"excerpt":{"rendered":"<p>Los colombianos Juanes y Shakira se llevaron 5 nominaciones cada uno para los premios MTV latinos que se llevar\u00e1n a cabo el pr\u00f3ximo 24 de octubre. System of a Down ser\u00e1 la atracci\u00f3n principal del evento.<\/p>\n","protected":false},"author":4,"featured_media":0,"comment_status":"open","ping_status":"open","sticky":false,"template":"","format":"standard","meta":{"_jetpack_memberships_contains_paid_content":false,"footnotes":""},"categories":[250],"tags":[],"class_list":["post-667","post","type-post","status-publish","format-standard","hentry","category-noticias"],"jetpack_featured_media_url":"","yoast_head":"<!-- This site is optimized with the Yoast SEO plugin v14.0.4 - https:\/\/yoast.com\/wordpress\/plugins\/seo\/ -->\n<title>Listos los nominados para los MTV Video Music Awards Latinoam\u00e9rica - OidosSucios.Com<\/title>\n<meta name=\"description\" content=\"Como viene siendo costumbre en las \u00faltimas ediciones, el rapero Eminem arras\u00f3 con los premios MTV, ya que en la edici\u00f3n celebrada la noche del jueves se llev\u00f3 4 estatuillas. Diego Torres y Shakira fueron los premiados por el p\u00fablico latinoamericano.\" \/>\n<meta name=\"robots\" content=\"index, follow\" \/>\n<meta name=\"googlebot\" content=\"index, follow, max-snippet:-1, max-image-preview:large, max-video-preview:-1\" \/>\n<meta name=\"bingbot\" content=\"index, follow, max-snippet:-1, max-image-preview:large, max-video-preview:-1\" \/>\n<link rel=\"canonical\" href=\"https:\/\/www.oidossucios.com\/site\/listos-los-nominados-para-los-mtv-video-music-awards-latinoamerica\/\" \/>\n<meta property=\"og:locale\" content=\"es_ES\" \/>\n<meta property=\"og:type\" content=\"article\" \/>\n<meta property=\"og:title\" content=\"Listos los nominados para los MTV Video Music Awards Latinoam\u00e9rica - OidosSucios.Com\" \/>\n<meta property=\"og:description\" content=\"Como viene siendo costumbre en las \u00faltimas ediciones, el rapero Eminem arras\u00f3 con los premios MTV, ya que en la edici\u00f3n celebrada la noche del jueves se llev\u00f3 4 estatuillas. Diego Torres y Shakira fueron los premiados por el p\u00fablico latinoamericano.\" \/>\n<meta property=\"og:url\" content=\"https:\/\/www.oidossucios.com\/site\/listos-los-nominados-para-los-mtv-video-music-awards-latinoamerica\/\" \/>\n<meta property=\"og:site_name\" content=\"OidosSucios.Com\" \/>\n<meta property=\"article:published_time\" content=\"2002-09-04T10:17:00+00:00\" \/>\n<meta name=\"twitter:card\" content=\"summary_large_image\" \/>\n<meta name=\"twitter:creator\" content=\"@oidossucios\" \/>\n<script type=\"application\/ld+json\" class=\"yoast-schema-graph\">{\"@context\":\"https:\/\/schema.org\",\"@graph\":[{\"@type\":\"WebSite\",\"@id\":\"https:\/\/www.oidossucios.com\/site\/#website\",\"url\":\"https:\/\/www.oidossucios.com\/site\/\",\"name\":\"OidosSucios.Com\",\"description\":\"M\\u00fasica, conciertos, discos\",\"potentialAction\":[{\"@type\":\"SearchAction\",\"target\":\"https:\/\/www.oidossucios.com\/site\/?s={search_term_string}\",\"query-input\":\"required name=search_term_string\"}],\"inLanguage\":\"es\"},{\"@type\":\"WebPage\",\"@id\":\"https:\/\/www.oidossucios.com\/site\/listos-los-nominados-para-los-mtv-video-music-awards-latinoamerica\/#webpage\",\"url\":\"https:\/\/www.oidossucios.com\/site\/listos-los-nominados-para-los-mtv-video-music-awards-latinoamerica\/\",\"name\":\"Listos los nominados para los MTV Video Music Awards Latinoam\\u00e9rica - OidosSucios.Com\",\"isPartOf\":{\"@id\":\"https:\/\/www.oidossucios.com\/site\/#website\"},\"datePublished\":\"2002-09-04T10:17:00+00:00\",\"dateModified\":\"2002-09-04T10:17:00+00:00\",\"author\":{\"@id\":\"https:\/\/www.oidossucios.com\/site\/#\/schema\/person\/24559eeb76bf83a63296fb072393a688\"},\"description\":\"Como viene siendo costumbre en las \\u00faltimas ediciones, el rapero Eminem arras\\u00f3 con los premios MTV, ya que en la edici\\u00f3n celebrada la noche del jueves se llev\\u00f3 4 estatuillas. Diego Torres y Shakira fueron los premiados por el p\\u00fablico latinoamericano.\",\"inLanguage\":\"es\",\"potentialAction\":[{\"@type\":\"ReadAction\",\"target\":[\"https:\/\/www.oidossucios.com\/site\/listos-los-nominados-para-los-mtv-video-music-awards-latinoamerica\/\"]}]},{\"@type\":[\"Person\"],\"@id\":\"https:\/\/www.oidossucios.com\/site\/#\/schema\/person\/24559eeb76bf83a63296fb072393a688\",\"name\":\"Oidossucios\",\"image\":{\"@type\":\"ImageObject\",\"@id\":\"https:\/\/www.oidossucios.com\/site\/#personlogo\",\"inLanguage\":\"es\",\"url\":\"https:\/\/secure.gravatar.com\/avatar\/74fcb480f42f1a33e50a0b6e6369a3f907be2e43dc84fa5f76c66e9c22b4a5ab?s=96&d=mm&r=g\",\"caption\":\"Oidossucios\"},\"sameAs\":[\"https:\/\/twitter.com\/oidossucios\"]}]}<\/script>\n<!-- \/ Yoast SEO plugin. -->","jetpack_sharing_enabled":true,"_links":{"self":[{"href":"https:\/\/www.oidossucios.com\/site\/wp-json\/wp\/v2\/posts\/667","targetHints":{"allow":["GET"]}}],"collection":[{"href":"https:\/\/www.oidossucios.com\/site\/wp-json\/wp\/v2\/posts"}],"about":[{"href":"https:\/\/www.oidossucios.com\/site\/wp-json\/wp\/v2\/types\/post"}],"author":[{"embeddable":true,"href":"https:\/\/www.oidossucios.com\/site\/wp-json\/wp\/v2\/users\/4"}],"replies":[{"embeddable":true,"href":"https:\/\/www.oidossucios.com\/site\/wp-json\/wp\/v2\/comments?post=667"}],"version-history":[{"count":0,"href":"https:\/\/www.oidossucios.com\/site\/wp-json\/wp\/v2\/posts\/667\/revisions"}],"wp:attachment":[{"href":"https:\/\/www.oidossucios.com\/site\/wp-json\/wp\/v2\/media?parent=667"}],"wp:term":[{"taxonomy":"category","embeddable":true,"href":"https:\/\/www.oidossucios.com\/site\/wp-json\/wp\/v2\/categories?post=667"},{"taxonomy":"post_tag","embeddable":true,"href":"https:\/\/www.oidossucios.com\/site\/wp-json\/wp\/v2\/tags?post=667"}],"curies":[{"name":"wp","href":"https:\/\/api.w.org\/{rel}","templated":true}]}}