{"id":6690,"date":"2013-01-16T18:43:00","date_gmt":"2013-01-16T18:43:00","guid":{"rendered":"https:\/\/www.oidossucios.com\/site\/2013\/01\/16\/joe-strummer-the-clash-tendra-una-plaza-en-granada-espana\/"},"modified":"2013-01-16T18:43:00","modified_gmt":"2013-01-16T18:43:00","slug":"joe-strummer-the-clash-tendra-una-plaza-en-granada-espana","status":"publish","type":"post","link":"https:\/\/www.oidossucios.com\/site\/joe-strummer-the-clash-tendra-una-plaza-en-granada-espana\/","title":{"rendered":"Joe Strummer (The Clash) tendr\u00e1 una plaza en Granada, Espa\u00f1a"},"content":{"rendered":"<p>Por <\/p>\n<p>Luego de una petici\u00f3n espa\u00f1ola a trav\u00e9s de redes sociales, Granada decidi\u00f3 nombrar Joe Strummer a una plaza de la ciudad. El gobierno acept\u00f3 esta iniciativa en homenaje al l\u00edder de Tha Clash, que falleci\u00f3 en 2002.<\/p>\n<p>Joe Strummer menciona a Granada en &#8220;Spanish Bombs&#8221;, canci\u00f3n que compuso sobre la Guerra Civil Espa\u00f1ola, perteneciente al \u00e1lbum <i>London Calling<\/i>. El vocalista viaj\u00f3 a la ciudad andaluz en 1983, luego de despedir a Mick Jones de la banda inglesa, lo que produjo para muchos el quiebre de la esencia de The Clash.<\/p>\n<p>Pero su relaci\u00f3n con Espa\u00f1a iba m\u00e1s all\u00e1. Adem\u00e1s de haber tenido una novia malague\u00f1a \u0096 Paloma Romero, que fue baterista de The Slits \u0096 dicen que Strummer se enamor\u00f3 de Granada y admiraba tanto a Federico Garc\u00eda Lorca que un d\u00eda brome\u00f3 con desenterrarlo de su tumba. Esta an\u00e9cdota puede verse contada por un amigo espa\u00f1ol que tuvo Strummer en el documental <i>Quiero tener una ferreter\u00eda en Andaluc\u00eda<\/i>.<\/p>\n<p>Once a\u00f1os despu\u00e9s de su muerte, fueron los habitantes espa\u00f1oles quienes impulsaron la iniciativa de la Plaza Joe Strummer. As\u00ed lo confirm\u00f3 la vocera del Municipio de Granada, Mar\u00eda Jos\u00e9 Anguita: &#8220;Lo identificaron con una plaza y ahora la propuesta tiene que ser aprobada por el Comit\u00e9 de Honores y Distinciones. Hubo una petici\u00f3n popular y el gobierno de la ciudad la acept\u00f3.&#8221;<\/p>\n<p>John Graham Mellor \u0096 as\u00ed era su verdadero nombre \u0096 muri\u00f3 a los 50 a\u00f1os de una falla card\u00edaca. Form\u00f3 The Clash en 1976 junto a Mick Jones, Paul Simonon y Nicky Headon, quienes trascender\u00edan en la historia de la m\u00fasica como una de las bandas pioneras del Punk Rock y de gran influencia sobre numerosos artistas posteriores.<\/p>\n<p>La personalidad del cantante y su car\u00e1cter de compositor, as\u00ed tambi\u00e9n como su tono pol\u00edtico, convirtieron a Joe Strummer en una leyenda del Rock. Como puede verse en Facebook, m\u00e1s de 2 mil espa\u00f1oles pidieron una calle para el guitarrista. Finalmente, la iniciativa se realizar\u00e1 con una plaza. Quien pase por Granada no podr\u00e1 dejar de ver este homenaje a un h\u00e9roe Punk.<\/p>\n<p>Fuente: www.fmrockandpop.com<![endif]--><!--[if gte mso 10]> <\/style>\n\n <![endif]--><!--nextpage--><img decoding=\"async\" class=\"aligncenter size-medium wp-image-111116446\" src=\"https:\/\/www.oidossucios.com\/site\/wp-content\/uploads\/2020\/02\/6446.jpg\" alt=\"Joe Strummer (The Clash) tendr\u00e1 una plaza en Granada, Espa\u00f1a \"  \/><a href='https:\/\/www.oidossucios.com\/site\/joe-strummer-the-clash-tendra-una-plaza-en-granada-espana\/2\/'\n                        onclick='if (tpsInstance) { tpsInstance.setNext(); return false; }'\n                        rel='next'\n                        style=''\n                        class=''>Ver galer\u00eda<\/a>]]><\/p>\n","protected":false},"excerpt":{"rendered":"<p>Luego de una petici\u00f3n espa\u00f1ola a trav\u00e9s de redes sociales, Granada decidi\u00f3 nombrar Joe Strummer a una plaza de la ciudad. El gobierno acept\u00f3 esta iniciativa en homenaje al l\u00edder de Tha Clash, que falleci\u00f3 en 2002.<\/p>\n","protected":false},"author":4,"featured_media":100006690,"comment_status":"open","ping_status":"open","sticky":false,"template":"","format":"standard","meta":{"_jetpack_memberships_contains_paid_content":false,"footnotes":""},"categories":[685],"tags":[],"class_list":["post-6690","post","type-post","status-publish","format-standard","has-post-thumbnail","hentry","category-ultima"],"jetpack_featured_media_url":"https:\/\/www.oidossucios.com\/site\/wp-content\/uploads\/2013\/01\/6690.jpg","yoast_head":"<!-- This site is optimized with the Yoast SEO plugin v14.0.4 - https:\/\/yoast.com\/wordpress\/plugins\/seo\/ -->\n<title>Joe Strummer (The Clash) tendr\u00e1 una plaza en Granada, Espa\u00f1a - OidosSucios.Com<\/title>\n<meta name=\"description\" content=\"Luego de una petici\u00f3n espa\u00f1ola a trav\u00e9s de redes sociales, Granada decidi\u00f3 nombrar Joe Strummer a una plaza de la ciudad. El gobierno acept\u00f3 esta iniciativa en homenaje al l\u00edder de Tha Clash, que falleci\u00f3 en 2002.\" \/>\n<meta name=\"robots\" content=\"index, follow\" \/>\n<meta name=\"googlebot\" content=\"index, follow, max-snippet:-1, max-image-preview:large, max-video-preview:-1\" \/>\n<meta name=\"bingbot\" content=\"index, follow, max-snippet:-1, max-image-preview:large, max-video-preview:-1\" \/>\n<link rel=\"canonical\" href=\"https:\/\/www.oidossucios.com\/site\/joe-strummer-the-clash-tendra-una-plaza-en-granada-espana\/\" \/>\n<link rel=\"next\" href=\"https:\/\/www.oidossucios.com\/site\/joe-strummer-the-clash-tendra-una-plaza-en-granada-espana\/2\/\" \/>\n<meta property=\"og:locale\" content=\"es_ES\" \/>\n<meta property=\"og:type\" content=\"article\" \/>\n<meta property=\"og:title\" content=\"Joe Strummer (The Clash) tendr\u00e1 una plaza en Granada, Espa\u00f1a - OidosSucios.Com\" \/>\n<meta property=\"og:description\" content=\"Luego de una petici\u00f3n espa\u00f1ola a trav\u00e9s de redes sociales, Granada decidi\u00f3 nombrar Joe Strummer a una plaza de la ciudad. El gobierno acept\u00f3 esta iniciativa en homenaje al l\u00edder de Tha Clash, que falleci\u00f3 en 2002.\" \/>\n<meta property=\"og:url\" content=\"https:\/\/www.oidossucios.com\/site\/joe-strummer-the-clash-tendra-una-plaza-en-granada-espana\/\" \/>\n<meta property=\"og:site_name\" content=\"OidosSucios.Com\" \/>\n<meta property=\"article:published_time\" content=\"2013-01-16T18:43:00+00:00\" \/>\n<meta property=\"og:image\" content=\"https:\/\/www.oidossucios.com\/site\/wp-content\/uploads\/2013\/01\/6690.jpg\" \/>\n\t<meta property=\"og:image:width\" content=\"350\" \/>\n\t<meta property=\"og:image:height\" content=\"300\" \/>\n<meta name=\"twitter:card\" content=\"summary_large_image\" \/>\n<meta name=\"twitter:creator\" content=\"@oidossucios\" \/>\n<script type=\"application\/ld+json\" class=\"yoast-schema-graph\">{\"@context\":\"https:\/\/schema.org\",\"@graph\":[{\"@type\":\"WebSite\",\"@id\":\"https:\/\/www.oidossucios.com\/site\/#website\",\"url\":\"https:\/\/www.oidossucios.com\/site\/\",\"name\":\"OidosSucios.Com\",\"description\":\"M\\u00fasica, conciertos, discos\",\"potentialAction\":[{\"@type\":\"SearchAction\",\"target\":\"https:\/\/www.oidossucios.com\/site\/?s={search_term_string}\",\"query-input\":\"required name=search_term_string\"}],\"inLanguage\":\"es\"},{\"@type\":\"ImageObject\",\"@id\":\"https:\/\/www.oidossucios.com\/site\/joe-strummer-the-clash-tendra-una-plaza-en-granada-espana\/#primaryimage\",\"inLanguage\":\"es\",\"url\":\"https:\/\/www.oidossucios.com\/site\/wp-content\/uploads\/2013\/01\/6690.jpg\",\"width\":350,\"height\":300},{\"@type\":\"WebPage\",\"@id\":\"https:\/\/www.oidossucios.com\/site\/joe-strummer-the-clash-tendra-una-plaza-en-granada-espana\/#webpage\",\"url\":\"https:\/\/www.oidossucios.com\/site\/joe-strummer-the-clash-tendra-una-plaza-en-granada-espana\/\",\"name\":\"Joe Strummer (The Clash) tendr\\u00e1 una plaza en Granada, Espa\\u00f1a - OidosSucios.Com\",\"isPartOf\":{\"@id\":\"https:\/\/www.oidossucios.com\/site\/#website\"},\"primaryImageOfPage\":{\"@id\":\"https:\/\/www.oidossucios.com\/site\/joe-strummer-the-clash-tendra-una-plaza-en-granada-espana\/#primaryimage\"},\"datePublished\":\"2013-01-16T18:43:00+00:00\",\"dateModified\":\"2013-01-16T18:43:00+00:00\",\"author\":{\"@id\":\"https:\/\/www.oidossucios.com\/site\/#\/schema\/person\/24559eeb76bf83a63296fb072393a688\"},\"description\":\"Luego de una petici\\u00f3n espa\\u00f1ola a trav\\u00e9s de redes sociales, Granada decidi\\u00f3 nombrar Joe Strummer a una plaza de la ciudad. El gobierno acept\\u00f3 esta iniciativa en homenaje al l\\u00edder de Tha Clash, que falleci\\u00f3 en 2002.\",\"inLanguage\":\"es\",\"potentialAction\":[{\"@type\":\"ReadAction\",\"target\":[\"https:\/\/www.oidossucios.com\/site\/joe-strummer-the-clash-tendra-una-plaza-en-granada-espana\/\"]}]},{\"@type\":[\"Person\"],\"@id\":\"https:\/\/www.oidossucios.com\/site\/#\/schema\/person\/24559eeb76bf83a63296fb072393a688\",\"name\":\"Oidossucios\",\"image\":{\"@type\":\"ImageObject\",\"@id\":\"https:\/\/www.oidossucios.com\/site\/#personlogo\",\"inLanguage\":\"es\",\"url\":\"https:\/\/secure.gravatar.com\/avatar\/74fcb480f42f1a33e50a0b6e6369a3f907be2e43dc84fa5f76c66e9c22b4a5ab?s=96&d=mm&r=g\",\"caption\":\"Oidossucios\"},\"sameAs\":[\"https:\/\/twitter.com\/oidossucios\"]}]}<\/script>\n<!-- \/ Yoast SEO plugin. -->","jetpack_sharing_enabled":true,"_links":{"self":[{"href":"https:\/\/www.oidossucios.com\/site\/wp-json\/wp\/v2\/posts\/6690","targetHints":{"allow":["GET"]}}],"collection":[{"href":"https:\/\/www.oidossucios.com\/site\/wp-json\/wp\/v2\/posts"}],"about":[{"href":"https:\/\/www.oidossucios.com\/site\/wp-json\/wp\/v2\/types\/post"}],"author":[{"embeddable":true,"href":"https:\/\/www.oidossucios.com\/site\/wp-json\/wp\/v2\/users\/4"}],"replies":[{"embeddable":true,"href":"https:\/\/www.oidossucios.com\/site\/wp-json\/wp\/v2\/comments?post=6690"}],"version-history":[{"count":0,"href":"https:\/\/www.oidossucios.com\/site\/wp-json\/wp\/v2\/posts\/6690\/revisions"}],"wp:featuredmedia":[{"embeddable":true,"href":"https:\/\/www.oidossucios.com\/site\/wp-json\/wp\/v2\/media\/100006690"}],"wp:attachment":[{"href":"https:\/\/www.oidossucios.com\/site\/wp-json\/wp\/v2\/media?parent=6690"}],"wp:term":[{"taxonomy":"category","embeddable":true,"href":"https:\/\/www.oidossucios.com\/site\/wp-json\/wp\/v2\/categories?post=6690"},{"taxonomy":"post_tag","embeddable":true,"href":"https:\/\/www.oidossucios.com\/site\/wp-json\/wp\/v2\/tags?post=6690"}],"curies":[{"name":"wp","href":"https:\/\/api.w.org\/{rel}","templated":true}]}}