{"id":671,"date":"2002-09-11T18:15:00","date_gmt":"2002-09-11T18:15:00","guid":{"rendered":"https:\/\/www.oidossucios.com\/site\/2002\/09\/11\/se-juntaron-los-miembros-de-ratm%c2%85otra-vez-y-con-nuevo-nombre%c2%85otra-vez\/"},"modified":"2002-09-11T18:15:00","modified_gmt":"2002-09-11T18:15:00","slug":"se-juntaron-los-miembros-de-ratm%c2%85otra-vez-y-con-nuevo-nombre%c2%85otra-vez","status":"publish","type":"post","link":"https:\/\/www.oidossucios.com\/site\/se-juntaron-los-miembros-de-ratm%c2%85otra-vez-y-con-nuevo-nombre%c2%85otra-vez\/","title":{"rendered":"Se juntaron los miembros de RATM\u0085otra vez, y con nuevo nombre\u0085otra vez"},"content":{"rendered":"<p>El inconcluso proyecto los restantes integrantes de Rage Against The Machine Tom Morello, Tim Commerford y Brad Wilk junto al vocalista de Soundgarden, Chris Cornell, volvi\u00f3 a tomar forma esta semana luego de haberse disuelto hace varios meses.<\/p>\n<p>Civilian, como se hab\u00eda llamado la banda, volvi\u00f3 a los ensayos ahora bajo el nombre de Audioslave. La agrupaci\u00f3n se reagrup\u00f3 luego de unas peleas entre managers que derivaron en su ruptura, luego de haber grabado algunos temas junto al productor Rick Rubin.<\/p>\n<p>Por lo pronto, la banda espera tener listo su primer disco que saldr\u00e1 bajo Epic Records en el primer semestre del 2003. Tambi\u00e9n establecieron la direcci\u00f3n www.audioslavemusic.com como la de su p\u00e1gina oficial.<\/p>\n","protected":false},"excerpt":{"rendered":"<p>El inconcluso proyecto de los restantes integrantes de Rage Against The Machina y Chris Cornell (en la foto) se volvi\u00f3 a juntar para, ahora si (dicen ellos) sacar su material a la calle. Ahora se llamar\u00e1n Audioslave.<\/p>\n","protected":false},"author":4,"featured_media":0,"comment_status":"open","ping_status":"open","sticky":false,"template":"","format":"standard","meta":{"_jetpack_memberships_contains_paid_content":false,"footnotes":""},"categories":[250],"tags":[],"class_list":["post-671","post","type-post","status-publish","format-standard","hentry","category-noticias"],"jetpack_featured_media_url":"","yoast_head":"<!-- This site is optimized with the Yoast SEO plugin v14.0.4 - https:\/\/yoast.com\/wordpress\/plugins\/seo\/ -->\n<title>Se juntaron los miembros de RATM\u0085otra vez, y con nuevo nombre\u0085otra vez - OidosSucios.Com<\/title>\n<meta name=\"description\" content=\"Los colombianos Juanes y Shakira se llevaron 5 nominaciones cada uno para los premios MTV latinos que se llevar\u00e1n a cabo el pr\u00f3ximo 24 de octubre. System of a Down ser\u00e1 la atracci\u00f3n principal del evento.\" \/>\n<meta name=\"robots\" content=\"index, follow\" \/>\n<meta name=\"googlebot\" content=\"index, follow, max-snippet:-1, max-image-preview:large, max-video-preview:-1\" \/>\n<meta name=\"bingbot\" content=\"index, follow, max-snippet:-1, max-image-preview:large, max-video-preview:-1\" \/>\n<link rel=\"canonical\" href=\"https:\/\/www.oidossucios.com\/site\/se-juntaron-los-miembros-de-ratm\u0085otra-vez-y-con-nuevo-nombre\u0085otra-vez\/\" \/>\n<meta property=\"og:locale\" content=\"es_ES\" \/>\n<meta property=\"og:type\" content=\"article\" \/>\n<meta property=\"og:title\" content=\"Se juntaron los miembros de RATM\u0085otra vez, y con nuevo nombre\u0085otra vez - OidosSucios.Com\" \/>\n<meta property=\"og:description\" content=\"Los colombianos Juanes y Shakira se llevaron 5 nominaciones cada uno para los premios MTV latinos que se llevar\u00e1n a cabo el pr\u00f3ximo 24 de octubre. System of a Down ser\u00e1 la atracci\u00f3n principal del evento.\" \/>\n<meta property=\"og:url\" content=\"https:\/\/www.oidossucios.com\/site\/se-juntaron-los-miembros-de-ratm\u0085otra-vez-y-con-nuevo-nombre\u0085otra-vez\/\" \/>\n<meta property=\"og:site_name\" content=\"OidosSucios.Com\" \/>\n<meta property=\"article:published_time\" content=\"2002-09-11T18:15:00+00:00\" \/>\n<meta name=\"twitter:card\" content=\"summary_large_image\" \/>\n<meta name=\"twitter:creator\" content=\"@oidossucios\" \/>\n<script type=\"application\/ld+json\" class=\"yoast-schema-graph\">{\"@context\":\"https:\/\/schema.org\",\"@graph\":[{\"@type\":\"WebSite\",\"@id\":\"https:\/\/www.oidossucios.com\/site\/#website\",\"url\":\"https:\/\/www.oidossucios.com\/site\/\",\"name\":\"OidosSucios.Com\",\"description\":\"M\\u00fasica, conciertos, discos\",\"potentialAction\":[{\"@type\":\"SearchAction\",\"target\":\"https:\/\/www.oidossucios.com\/site\/?s={search_term_string}\",\"query-input\":\"required name=search_term_string\"}],\"inLanguage\":\"es\"},{\"@type\":\"WebPage\",\"@id\":\"https:\/\/www.oidossucios.com\/site\/se-juntaron-los-miembros-de-ratm%c2%85otra-vez-y-con-nuevo-nombre%c2%85otra-vez\/#webpage\",\"url\":\"https:\/\/www.oidossucios.com\/site\/se-juntaron-los-miembros-de-ratm%c2%85otra-vez-y-con-nuevo-nombre%c2%85otra-vez\/\",\"name\":\"Se juntaron los miembros de RATM\\u0085otra vez, y con nuevo nombre\\u0085otra vez - OidosSucios.Com\",\"isPartOf\":{\"@id\":\"https:\/\/www.oidossucios.com\/site\/#website\"},\"datePublished\":\"2002-09-11T18:15:00+00:00\",\"dateModified\":\"2002-09-11T18:15:00+00:00\",\"author\":{\"@id\":\"https:\/\/www.oidossucios.com\/site\/#\/schema\/person\/24559eeb76bf83a63296fb072393a688\"},\"description\":\"Los colombianos Juanes y Shakira se llevaron 5 nominaciones cada uno para los premios MTV latinos que se llevar\\u00e1n a cabo el pr\\u00f3ximo 24 de octubre. System of a Down ser\\u00e1 la atracci\\u00f3n principal del evento.\",\"inLanguage\":\"es\",\"potentialAction\":[{\"@type\":\"ReadAction\",\"target\":[\"https:\/\/www.oidossucios.com\/site\/se-juntaron-los-miembros-de-ratm%c2%85otra-vez-y-con-nuevo-nombre%c2%85otra-vez\/\"]}]},{\"@type\":[\"Person\"],\"@id\":\"https:\/\/www.oidossucios.com\/site\/#\/schema\/person\/24559eeb76bf83a63296fb072393a688\",\"name\":\"Oidossucios\",\"image\":{\"@type\":\"ImageObject\",\"@id\":\"https:\/\/www.oidossucios.com\/site\/#personlogo\",\"inLanguage\":\"es\",\"url\":\"https:\/\/secure.gravatar.com\/avatar\/74fcb480f42f1a33e50a0b6e6369a3f907be2e43dc84fa5f76c66e9c22b4a5ab?s=96&d=mm&r=g\",\"caption\":\"Oidossucios\"},\"sameAs\":[\"https:\/\/twitter.com\/oidossucios\"]}]}<\/script>\n<!-- \/ Yoast SEO plugin. -->","jetpack_sharing_enabled":true,"_links":{"self":[{"href":"https:\/\/www.oidossucios.com\/site\/wp-json\/wp\/v2\/posts\/671","targetHints":{"allow":["GET"]}}],"collection":[{"href":"https:\/\/www.oidossucios.com\/site\/wp-json\/wp\/v2\/posts"}],"about":[{"href":"https:\/\/www.oidossucios.com\/site\/wp-json\/wp\/v2\/types\/post"}],"author":[{"embeddable":true,"href":"https:\/\/www.oidossucios.com\/site\/wp-json\/wp\/v2\/users\/4"}],"replies":[{"embeddable":true,"href":"https:\/\/www.oidossucios.com\/site\/wp-json\/wp\/v2\/comments?post=671"}],"version-history":[{"count":0,"href":"https:\/\/www.oidossucios.com\/site\/wp-json\/wp\/v2\/posts\/671\/revisions"}],"wp:attachment":[{"href":"https:\/\/www.oidossucios.com\/site\/wp-json\/wp\/v2\/media?parent=671"}],"wp:term":[{"taxonomy":"category","embeddable":true,"href":"https:\/\/www.oidossucios.com\/site\/wp-json\/wp\/v2\/categories?post=671"},{"taxonomy":"post_tag","embeddable":true,"href":"https:\/\/www.oidossucios.com\/site\/wp-json\/wp\/v2\/tags?post=671"}],"curies":[{"name":"wp","href":"https:\/\/api.w.org\/{rel}","templated":true}]}}