{"id":6729,"date":"2013-01-23T19:54:00","date_gmt":"2013-01-23T19:54:00","guid":{"rendered":"https:\/\/www.oidossucios.com\/site\/2013\/01\/23\/bioshaft-estrena-el-video-de-blackbandaid-el-09-de-marzo\/"},"modified":"2013-01-23T19:54:00","modified_gmt":"2013-01-23T19:54:00","slug":"bioshaft-estrena-el-video-de-blackbandaid-el-09-de-marzo","status":"publish","type":"post","link":"https:\/\/www.oidossucios.com\/site\/bioshaft-estrena-el-video-de-blackbandaid-el-09-de-marzo\/","title":{"rendered":"Bioshaft estrena el video de &#8220;Blackbandaid&#8221; el 09 de marzo"},"content":{"rendered":"<p>El power tr\u00edo de Alternative Funk-Rock conformado por Henry Ollarves (Bajo y Voz), Andr\u00e9s &#8220;Chicho&#8221; Blanco (Guitarra) y Javier Maimone (Bater\u00eda), estar\u00e1 presentando su nuevo video del tema &#8220;Blackbandaid&#8221;, actual sencillo promocional. Dirigido por Luis Bond para Tramoyero Films, este clip cuenta con la participaci\u00f3n de fans que se registraron para asistir a los rodajes. Durante el videocase que se llevar\u00e1 a cabo el 09 de Marzo, tocar\u00e1n los temas de su \u00e1lbum <i>Lines in the Dark<\/i>, con algunos invitados y sorpresas que ya forman parte del concepto en vivo de BioShaft.<\/p>\n<p>Descarga &#8220;Blackbandaid&#8221;: <a href=\"http:\/\/www.bioshaft.blogspot.com\/\">www.bioshaft.blogspot.com<\/a><\/p>\n<p>@BioShaft<\/p>\n<p>Pr\u00f3ximas fechas:<\/p>\n<p>02 de Febrero \/ BioShaft y Del Pez: Pto La Cruz -Tibur\u00f3n Club<br \/>09 de Marzo \/ BioShaft: Videocase &#8220;Blackbandaid&#8221;<![endif]--><!--[if gte mso 10]> <\/style>\n\n <![endif]--><\/p>\n","protected":false},"excerpt":{"rendered":"<p>El power tr\u00edo de Alternative Funk-Rock conformado por Henry Ollarves (Bajo y Voz), Andr\u00e9s &#8220;Chicho&#8221; Blanco (Guitarra) y Javier Maimone (Bater\u00eda), estar\u00e1 presentando su nuevo video del tema &#8220;Blackbandaid&#8221;, actual sencillo promocional. Dirigido por Luis Bond para Tramoyero Films, este clip cuenta con la participaci\u00f3n de fans que se registraron para asistir a los rodajes. [&hellip;]<\/p>\n","protected":false},"author":4,"featured_media":100006729,"comment_status":"open","ping_status":"open","sticky":false,"template":"","format":"standard","meta":{"_jetpack_memberships_contains_paid_content":false,"footnotes":""},"categories":[142],"tags":[],"class_list":["post-6729","post","type-post","status-publish","format-standard","has-post-thumbnail","hentry","category-buzznews"],"jetpack_featured_media_url":"https:\/\/www.oidossucios.com\/site\/wp-content\/uploads\/2013\/01\/6729.jpg","yoast_head":"<!-- This site is optimized with the Yoast SEO plugin v14.0.4 - https:\/\/yoast.com\/wordpress\/plugins\/seo\/ -->\n<title>Bioshaft estrena el video de &quot;Blackbandaid&quot; el 09 de marzo - OidosSucios.Com<\/title>\n<meta name=\"robots\" content=\"index, follow\" \/>\n<meta name=\"googlebot\" content=\"index, follow, max-snippet:-1, max-image-preview:large, max-video-preview:-1\" \/>\n<meta name=\"bingbot\" content=\"index, follow, max-snippet:-1, max-image-preview:large, max-video-preview:-1\" \/>\n<link rel=\"canonical\" href=\"https:\/\/www.oidossucios.com\/site\/bioshaft-estrena-el-video-de-blackbandaid-el-09-de-marzo\/\" \/>\n<meta property=\"og:locale\" content=\"es_ES\" \/>\n<meta property=\"og:type\" content=\"article\" \/>\n<meta property=\"og:title\" content=\"Bioshaft estrena el video de &quot;Blackbandaid&quot; el 09 de marzo - OidosSucios.Com\" \/>\n<meta property=\"og:description\" content=\"El power tr\u00edo de Alternative Funk-Rock conformado por Henry Ollarves (Bajo y Voz), Andr\u00e9s &#8220;Chicho&#8221; Blanco (Guitarra) y Javier Maimone (Bater\u00eda), estar\u00e1 presentando su nuevo video del tema &#8220;Blackbandaid&#8221;, actual sencillo promocional. Dirigido por Luis Bond para Tramoyero Films, este clip cuenta con la participaci\u00f3n de fans que se registraron para asistir a los rodajes. [&hellip;]\" \/>\n<meta property=\"og:url\" content=\"https:\/\/www.oidossucios.com\/site\/bioshaft-estrena-el-video-de-blackbandaid-el-09-de-marzo\/\" \/>\n<meta property=\"og:site_name\" content=\"OidosSucios.Com\" \/>\n<meta property=\"article:published_time\" content=\"2013-01-23T19:54:00+00:00\" \/>\n<meta property=\"og:image\" content=\"https:\/\/www.oidossucios.com\/site\/wp-content\/uploads\/2013\/01\/6729.jpg\" \/>\n\t<meta property=\"og:image:width\" content=\"350\" \/>\n\t<meta property=\"og:image:height\" content=\"300\" \/>\n<meta name=\"twitter:card\" content=\"summary_large_image\" \/>\n<meta name=\"twitter:creator\" content=\"@oidossucios\" \/>\n<script type=\"application\/ld+json\" class=\"yoast-schema-graph\">{\"@context\":\"https:\/\/schema.org\",\"@graph\":[{\"@type\":\"WebSite\",\"@id\":\"https:\/\/www.oidossucios.com\/site\/#website\",\"url\":\"https:\/\/www.oidossucios.com\/site\/\",\"name\":\"OidosSucios.Com\",\"description\":\"M\\u00fasica, conciertos, discos\",\"potentialAction\":[{\"@type\":\"SearchAction\",\"target\":\"https:\/\/www.oidossucios.com\/site\/?s={search_term_string}\",\"query-input\":\"required name=search_term_string\"}],\"inLanguage\":\"es\"},{\"@type\":\"ImageObject\",\"@id\":\"https:\/\/www.oidossucios.com\/site\/bioshaft-estrena-el-video-de-blackbandaid-el-09-de-marzo\/#primaryimage\",\"inLanguage\":\"es\",\"url\":\"https:\/\/www.oidossucios.com\/site\/wp-content\/uploads\/2013\/01\/6729.jpg\",\"width\":350,\"height\":300},{\"@type\":\"WebPage\",\"@id\":\"https:\/\/www.oidossucios.com\/site\/bioshaft-estrena-el-video-de-blackbandaid-el-09-de-marzo\/#webpage\",\"url\":\"https:\/\/www.oidossucios.com\/site\/bioshaft-estrena-el-video-de-blackbandaid-el-09-de-marzo\/\",\"name\":\"Bioshaft estrena el video de \\\"Blackbandaid\\\" el 09 de marzo - OidosSucios.Com\",\"isPartOf\":{\"@id\":\"https:\/\/www.oidossucios.com\/site\/#website\"},\"primaryImageOfPage\":{\"@id\":\"https:\/\/www.oidossucios.com\/site\/bioshaft-estrena-el-video-de-blackbandaid-el-09-de-marzo\/#primaryimage\"},\"datePublished\":\"2013-01-23T19:54:00+00:00\",\"dateModified\":\"2013-01-23T19:54:00+00:00\",\"author\":{\"@id\":\"https:\/\/www.oidossucios.com\/site\/#\/schema\/person\/24559eeb76bf83a63296fb072393a688\"},\"inLanguage\":\"es\",\"potentialAction\":[{\"@type\":\"ReadAction\",\"target\":[\"https:\/\/www.oidossucios.com\/site\/bioshaft-estrena-el-video-de-blackbandaid-el-09-de-marzo\/\"]}]},{\"@type\":[\"Person\"],\"@id\":\"https:\/\/www.oidossucios.com\/site\/#\/schema\/person\/24559eeb76bf83a63296fb072393a688\",\"name\":\"Oidossucios\",\"image\":{\"@type\":\"ImageObject\",\"@id\":\"https:\/\/www.oidossucios.com\/site\/#personlogo\",\"inLanguage\":\"es\",\"url\":\"https:\/\/secure.gravatar.com\/avatar\/74fcb480f42f1a33e50a0b6e6369a3f907be2e43dc84fa5f76c66e9c22b4a5ab?s=96&d=mm&r=g\",\"caption\":\"Oidossucios\"},\"sameAs\":[\"https:\/\/twitter.com\/oidossucios\"]}]}<\/script>\n<!-- \/ Yoast SEO plugin. -->","jetpack_sharing_enabled":true,"_links":{"self":[{"href":"https:\/\/www.oidossucios.com\/site\/wp-json\/wp\/v2\/posts\/6729","targetHints":{"allow":["GET"]}}],"collection":[{"href":"https:\/\/www.oidossucios.com\/site\/wp-json\/wp\/v2\/posts"}],"about":[{"href":"https:\/\/www.oidossucios.com\/site\/wp-json\/wp\/v2\/types\/post"}],"author":[{"embeddable":true,"href":"https:\/\/www.oidossucios.com\/site\/wp-json\/wp\/v2\/users\/4"}],"replies":[{"embeddable":true,"href":"https:\/\/www.oidossucios.com\/site\/wp-json\/wp\/v2\/comments?post=6729"}],"version-history":[{"count":0,"href":"https:\/\/www.oidossucios.com\/site\/wp-json\/wp\/v2\/posts\/6729\/revisions"}],"wp:featuredmedia":[{"embeddable":true,"href":"https:\/\/www.oidossucios.com\/site\/wp-json\/wp\/v2\/media\/100006729"}],"wp:attachment":[{"href":"https:\/\/www.oidossucios.com\/site\/wp-json\/wp\/v2\/media?parent=6729"}],"wp:term":[{"taxonomy":"category","embeddable":true,"href":"https:\/\/www.oidossucios.com\/site\/wp-json\/wp\/v2\/categories?post=6729"},{"taxonomy":"post_tag","embeddable":true,"href":"https:\/\/www.oidossucios.com\/site\/wp-json\/wp\/v2\/tags?post=6729"}],"curies":[{"name":"wp","href":"https:\/\/api.w.org\/{rel}","templated":true}]}}