{"id":6730,"date":"2013-01-23T20:02:00","date_gmt":"2013-01-23T20:02:00","guid":{"rendered":"https:\/\/www.oidossucios.com\/site\/2013\/01\/23\/dave-grohl-y-taylor-hawkins-participaran-en-la-ceremonia-de-induccion-al-rock-roll-hall-of-fame\/"},"modified":"2013-01-23T20:02:00","modified_gmt":"2013-01-23T20:02:00","slug":"dave-grohl-y-taylor-hawkins-participaran-en-la-ceremonia-de-induccion-al-rock-roll-hall-of-fame","status":"publish","type":"post","link":"https:\/\/www.oidossucios.com\/site\/dave-grohl-y-taylor-hawkins-participaran-en-la-ceremonia-de-induccion-al-rock-roll-hall-of-fame\/","title":{"rendered":"Dave Grohl y Taylor Hawkins participar\u00e1n en la ceremonia de inducci\u00f3n al Rock &amp; Roll Hall Of Fame"},"content":{"rendered":"<p>Al parecer, Dave Grohl no dejar\u00e1 de dar noticias este 2013, pues ahora no s\u00f3lo se ha revelado su participaci\u00f3n en una nueva banda, sino que formar\u00e1 parte de la ceremonia de inducci\u00f3n al Rock And Roll Hall Of Fame.<\/p>\n<p>El l\u00edder de Foo Fighters y su baterista, Taylor Hawkins, se encargar\u00e1n de dar paso a la inducci\u00f3n de Rush el pr\u00f3ximo 18 de abril, en Los Angeles. Otros de los m\u00fasicos que har\u00e1n lo propio en el evento son John Mayer y Gary Clark Jr., con Albert King; Christina Aguilera junto a Jeniffer Hudson, con Donna Summer, y Don Henley con Randy Newman.<\/p>\n<p>Fuente: www.warp.la<![endif]--><!--[if gte mso 10]> <\/style>\n\n <![endif]--><\/p>\n","protected":false},"excerpt":{"rendered":"<p>Al parecer, Dave Grohl no dejar\u00e1 de dar noticias este 2013, pues ahora no s\u00f3lo se ha revelado su participaci\u00f3n en una nueva banda, sino que formar\u00e1 parte de la ceremonia de inducci\u00f3n al Rock And Roll Hall Of Fame. El l\u00edder de Foo Fighters y su baterista, Taylor Hawkins, se encargar\u00e1n de dar paso [&hellip;]<\/p>\n","protected":false},"author":4,"featured_media":100006730,"comment_status":"open","ping_status":"open","sticky":false,"template":"","format":"standard","meta":{"_jetpack_memberships_contains_paid_content":false,"footnotes":""},"categories":[142],"tags":[],"class_list":["post-6730","post","type-post","status-publish","format-standard","has-post-thumbnail","hentry","category-buzznews"],"jetpack_featured_media_url":"https:\/\/www.oidossucios.com\/site\/wp-content\/uploads\/2013\/01\/6730.jpg","yoast_head":"<!-- This site is optimized with the Yoast SEO plugin v14.0.4 - https:\/\/yoast.com\/wordpress\/plugins\/seo\/ -->\n<title>Dave Grohl y Taylor Hawkins participar\u00e1n en la ceremonia de inducci\u00f3n al Rock &amp; Roll Hall Of Fame - OidosSucios.Com<\/title>\n<meta name=\"robots\" content=\"index, follow\" \/>\n<meta name=\"googlebot\" content=\"index, follow, max-snippet:-1, max-image-preview:large, max-video-preview:-1\" \/>\n<meta name=\"bingbot\" content=\"index, follow, max-snippet:-1, max-image-preview:large, max-video-preview:-1\" \/>\n<link rel=\"canonical\" href=\"https:\/\/www.oidossucios.com\/site\/dave-grohl-y-taylor-hawkins-participaran-en-la-ceremonia-de-induccion-al-rock-roll-hall-of-fame\/\" \/>\n<meta property=\"og:locale\" content=\"es_ES\" \/>\n<meta property=\"og:type\" content=\"article\" \/>\n<meta property=\"og:title\" content=\"Dave Grohl y Taylor Hawkins participar\u00e1n en la ceremonia de inducci\u00f3n al Rock &amp; Roll Hall Of Fame - OidosSucios.Com\" \/>\n<meta property=\"og:description\" content=\"Al parecer, Dave Grohl no dejar\u00e1 de dar noticias este 2013, pues ahora no s\u00f3lo se ha revelado su participaci\u00f3n en una nueva banda, sino que formar\u00e1 parte de la ceremonia de inducci\u00f3n al Rock And Roll Hall Of Fame. El l\u00edder de Foo Fighters y su baterista, Taylor Hawkins, se encargar\u00e1n de dar paso [&hellip;]\" \/>\n<meta property=\"og:url\" content=\"https:\/\/www.oidossucios.com\/site\/dave-grohl-y-taylor-hawkins-participaran-en-la-ceremonia-de-induccion-al-rock-roll-hall-of-fame\/\" \/>\n<meta property=\"og:site_name\" content=\"OidosSucios.Com\" \/>\n<meta property=\"article:published_time\" content=\"2013-01-23T20:02:00+00:00\" \/>\n<meta property=\"og:image\" content=\"https:\/\/www.oidossucios.com\/site\/wp-content\/uploads\/2013\/01\/6730.jpg\" \/>\n\t<meta property=\"og:image:width\" content=\"350\" \/>\n\t<meta property=\"og:image:height\" content=\"300\" \/>\n<meta name=\"twitter:card\" content=\"summary_large_image\" \/>\n<meta name=\"twitter:creator\" content=\"@oidossucios\" \/>\n<script type=\"application\/ld+json\" class=\"yoast-schema-graph\">{\"@context\":\"https:\/\/schema.org\",\"@graph\":[{\"@type\":\"WebSite\",\"@id\":\"https:\/\/www.oidossucios.com\/site\/#website\",\"url\":\"https:\/\/www.oidossucios.com\/site\/\",\"name\":\"OidosSucios.Com\",\"description\":\"M\\u00fasica, conciertos, discos\",\"potentialAction\":[{\"@type\":\"SearchAction\",\"target\":\"https:\/\/www.oidossucios.com\/site\/?s={search_term_string}\",\"query-input\":\"required name=search_term_string\"}],\"inLanguage\":\"es\"},{\"@type\":\"ImageObject\",\"@id\":\"https:\/\/www.oidossucios.com\/site\/dave-grohl-y-taylor-hawkins-participaran-en-la-ceremonia-de-induccion-al-rock-roll-hall-of-fame\/#primaryimage\",\"inLanguage\":\"es\",\"url\":\"https:\/\/www.oidossucios.com\/site\/wp-content\/uploads\/2013\/01\/6730.jpg\",\"width\":350,\"height\":300},{\"@type\":\"WebPage\",\"@id\":\"https:\/\/www.oidossucios.com\/site\/dave-grohl-y-taylor-hawkins-participaran-en-la-ceremonia-de-induccion-al-rock-roll-hall-of-fame\/#webpage\",\"url\":\"https:\/\/www.oidossucios.com\/site\/dave-grohl-y-taylor-hawkins-participaran-en-la-ceremonia-de-induccion-al-rock-roll-hall-of-fame\/\",\"name\":\"Dave Grohl y Taylor Hawkins participar\\u00e1n en la ceremonia de inducci\\u00f3n al Rock &amp; Roll Hall Of Fame - OidosSucios.Com\",\"isPartOf\":{\"@id\":\"https:\/\/www.oidossucios.com\/site\/#website\"},\"primaryImageOfPage\":{\"@id\":\"https:\/\/www.oidossucios.com\/site\/dave-grohl-y-taylor-hawkins-participaran-en-la-ceremonia-de-induccion-al-rock-roll-hall-of-fame\/#primaryimage\"},\"datePublished\":\"2013-01-23T20:02:00+00:00\",\"dateModified\":\"2013-01-23T20:02:00+00:00\",\"author\":{\"@id\":\"https:\/\/www.oidossucios.com\/site\/#\/schema\/person\/24559eeb76bf83a63296fb072393a688\"},\"inLanguage\":\"es\",\"potentialAction\":[{\"@type\":\"ReadAction\",\"target\":[\"https:\/\/www.oidossucios.com\/site\/dave-grohl-y-taylor-hawkins-participaran-en-la-ceremonia-de-induccion-al-rock-roll-hall-of-fame\/\"]}]},{\"@type\":[\"Person\"],\"@id\":\"https:\/\/www.oidossucios.com\/site\/#\/schema\/person\/24559eeb76bf83a63296fb072393a688\",\"name\":\"Oidossucios\",\"image\":{\"@type\":\"ImageObject\",\"@id\":\"https:\/\/www.oidossucios.com\/site\/#personlogo\",\"inLanguage\":\"es\",\"url\":\"https:\/\/secure.gravatar.com\/avatar\/74fcb480f42f1a33e50a0b6e6369a3f907be2e43dc84fa5f76c66e9c22b4a5ab?s=96&d=mm&r=g\",\"caption\":\"Oidossucios\"},\"sameAs\":[\"https:\/\/twitter.com\/oidossucios\"]}]}<\/script>\n<!-- \/ Yoast SEO plugin. -->","jetpack_sharing_enabled":true,"_links":{"self":[{"href":"https:\/\/www.oidossucios.com\/site\/wp-json\/wp\/v2\/posts\/6730","targetHints":{"allow":["GET"]}}],"collection":[{"href":"https:\/\/www.oidossucios.com\/site\/wp-json\/wp\/v2\/posts"}],"about":[{"href":"https:\/\/www.oidossucios.com\/site\/wp-json\/wp\/v2\/types\/post"}],"author":[{"embeddable":true,"href":"https:\/\/www.oidossucios.com\/site\/wp-json\/wp\/v2\/users\/4"}],"replies":[{"embeddable":true,"href":"https:\/\/www.oidossucios.com\/site\/wp-json\/wp\/v2\/comments?post=6730"}],"version-history":[{"count":0,"href":"https:\/\/www.oidossucios.com\/site\/wp-json\/wp\/v2\/posts\/6730\/revisions"}],"wp:featuredmedia":[{"embeddable":true,"href":"https:\/\/www.oidossucios.com\/site\/wp-json\/wp\/v2\/media\/100006730"}],"wp:attachment":[{"href":"https:\/\/www.oidossucios.com\/site\/wp-json\/wp\/v2\/media?parent=6730"}],"wp:term":[{"taxonomy":"category","embeddable":true,"href":"https:\/\/www.oidossucios.com\/site\/wp-json\/wp\/v2\/categories?post=6730"},{"taxonomy":"post_tag","embeddable":true,"href":"https:\/\/www.oidossucios.com\/site\/wp-json\/wp\/v2\/tags?post=6730"}],"curies":[{"name":"wp","href":"https:\/\/api.w.org\/{rel}","templated":true}]}}