{"id":675,"date":"2002-09-17T18:12:00","date_gmt":"2002-09-17T18:12:00","guid":{"rendered":"https:\/\/www.oidossucios.com\/site\/2002\/09\/17\/marie-fredriksson-tiene-un-tumor-cerebral\/"},"modified":"2002-09-17T18:12:00","modified_gmt":"2002-09-17T18:12:00","slug":"marie-fredriksson-tiene-un-tumor-cerebral","status":"publish","type":"post","link":"https:\/\/www.oidossucios.com\/site\/marie-fredriksson-tiene-un-tumor-cerebral\/","title":{"rendered":"Marie Fredriksson tiene un tumor cerebral"},"content":{"rendered":"<p>A la cantante de Roxette, Marie Fredriksson, le fue detectado un tumor cerebral en unos estudios realizados la semana pasada, luego que perdiese el conocimiento practicando deportes.<\/p>\n<p>Fredriksson regresaba el mi\u00e9rcoles de trotar, cuando se desvaneci\u00f3 en el ba\u00f1o de su casa, seg\u00fan inform\u00f3 su manager. Los estudios m\u00e9dicos practicados durante dos d\u00edas, arrojaron como resultado que la vocalista tenia un peque\u00f1o tumor ubicado en la parte trasera del cerebro.<\/p>\n<p>R\u00e1pidamente tuvo que ser suspendida la gira de la banda que comenzar\u00eda el pr\u00f3ximo 25 de octubre en Francia y finalizar\u00eda el 22 de diciembre en Alemania. A\u00fan se desconoce el tipo de tratamiento al que ser\u00e1 sometida Fredriksson.<\/p>\n","protected":false},"excerpt":{"rendered":"<p>A la cantante de Roxette le fue detectado un tumor cerebral luego de perder el conocimiento la semana pasada. La gira de la banda en octubre fue suspendida.<\/p>\n","protected":false},"author":4,"featured_media":0,"comment_status":"open","ping_status":"open","sticky":false,"template":"","format":"standard","meta":{"_jetpack_memberships_contains_paid_content":false,"footnotes":""},"categories":[250],"tags":[],"class_list":["post-675","post","type-post","status-publish","format-standard","hentry","category-noticias"],"jetpack_featured_media_url":"","yoast_head":"<!-- This site is optimized with the Yoast SEO plugin v14.0.4 - https:\/\/yoast.com\/wordpress\/plugins\/seo\/ -->\n<title>Marie Fredriksson tiene un tumor cerebral - OidosSucios.Com<\/title>\n<meta name=\"description\" content=\"El inconcluso proyecto de los restantes integrantes de Rage Against The Machina y Chris Cornell (en la foto) se volvi\u00f3 a juntar para, ahora si (dicen ellos) sacar su material a la calle. Ahora se llamar\u00e1n Audioslave.\" \/>\n<meta name=\"robots\" content=\"index, follow\" \/>\n<meta name=\"googlebot\" content=\"index, follow, max-snippet:-1, max-image-preview:large, max-video-preview:-1\" \/>\n<meta name=\"bingbot\" content=\"index, follow, max-snippet:-1, max-image-preview:large, max-video-preview:-1\" \/>\n<link rel=\"canonical\" href=\"https:\/\/www.oidossucios.com\/site\/marie-fredriksson-tiene-un-tumor-cerebral\/\" \/>\n<meta property=\"og:locale\" content=\"es_ES\" \/>\n<meta property=\"og:type\" content=\"article\" \/>\n<meta property=\"og:title\" content=\"Marie Fredriksson tiene un tumor cerebral - OidosSucios.Com\" \/>\n<meta property=\"og:description\" content=\"El inconcluso proyecto de los restantes integrantes de Rage Against The Machina y Chris Cornell (en la foto) se volvi\u00f3 a juntar para, ahora si (dicen ellos) sacar su material a la calle. Ahora se llamar\u00e1n Audioslave.\" \/>\n<meta property=\"og:url\" content=\"https:\/\/www.oidossucios.com\/site\/marie-fredriksson-tiene-un-tumor-cerebral\/\" \/>\n<meta property=\"og:site_name\" content=\"OidosSucios.Com\" \/>\n<meta property=\"article:published_time\" content=\"2002-09-17T18:12:00+00:00\" \/>\n<meta name=\"twitter:card\" content=\"summary_large_image\" \/>\n<meta name=\"twitter:creator\" content=\"@oidossucios\" \/>\n<script type=\"application\/ld+json\" class=\"yoast-schema-graph\">{\"@context\":\"https:\/\/schema.org\",\"@graph\":[{\"@type\":\"WebSite\",\"@id\":\"https:\/\/www.oidossucios.com\/site\/#website\",\"url\":\"https:\/\/www.oidossucios.com\/site\/\",\"name\":\"OidosSucios.Com\",\"description\":\"M\\u00fasica, conciertos, discos\",\"potentialAction\":[{\"@type\":\"SearchAction\",\"target\":\"https:\/\/www.oidossucios.com\/site\/?s={search_term_string}\",\"query-input\":\"required name=search_term_string\"}],\"inLanguage\":\"es\"},{\"@type\":\"WebPage\",\"@id\":\"https:\/\/www.oidossucios.com\/site\/marie-fredriksson-tiene-un-tumor-cerebral\/#webpage\",\"url\":\"https:\/\/www.oidossucios.com\/site\/marie-fredriksson-tiene-un-tumor-cerebral\/\",\"name\":\"Marie Fredriksson tiene un tumor cerebral - OidosSucios.Com\",\"isPartOf\":{\"@id\":\"https:\/\/www.oidossucios.com\/site\/#website\"},\"datePublished\":\"2002-09-17T18:12:00+00:00\",\"dateModified\":\"2002-09-17T18:12:00+00:00\",\"author\":{\"@id\":\"https:\/\/www.oidossucios.com\/site\/#\/schema\/person\/24559eeb76bf83a63296fb072393a688\"},\"description\":\"El inconcluso proyecto de los restantes integrantes de Rage Against The Machina y Chris Cornell (en la foto) se volvi\\u00f3 a juntar para, ahora si (dicen ellos) sacar su material a la calle. Ahora se llamar\\u00e1n Audioslave.\",\"inLanguage\":\"es\",\"potentialAction\":[{\"@type\":\"ReadAction\",\"target\":[\"https:\/\/www.oidossucios.com\/site\/marie-fredriksson-tiene-un-tumor-cerebral\/\"]}]},{\"@type\":[\"Person\"],\"@id\":\"https:\/\/www.oidossucios.com\/site\/#\/schema\/person\/24559eeb76bf83a63296fb072393a688\",\"name\":\"Oidossucios\",\"image\":{\"@type\":\"ImageObject\",\"@id\":\"https:\/\/www.oidossucios.com\/site\/#personlogo\",\"inLanguage\":\"es\",\"url\":\"https:\/\/secure.gravatar.com\/avatar\/74fcb480f42f1a33e50a0b6e6369a3f907be2e43dc84fa5f76c66e9c22b4a5ab?s=96&d=mm&r=g\",\"caption\":\"Oidossucios\"},\"sameAs\":[\"https:\/\/twitter.com\/oidossucios\"]}]}<\/script>\n<!-- \/ Yoast SEO plugin. -->","jetpack_sharing_enabled":true,"_links":{"self":[{"href":"https:\/\/www.oidossucios.com\/site\/wp-json\/wp\/v2\/posts\/675","targetHints":{"allow":["GET"]}}],"collection":[{"href":"https:\/\/www.oidossucios.com\/site\/wp-json\/wp\/v2\/posts"}],"about":[{"href":"https:\/\/www.oidossucios.com\/site\/wp-json\/wp\/v2\/types\/post"}],"author":[{"embeddable":true,"href":"https:\/\/www.oidossucios.com\/site\/wp-json\/wp\/v2\/users\/4"}],"replies":[{"embeddable":true,"href":"https:\/\/www.oidossucios.com\/site\/wp-json\/wp\/v2\/comments?post=675"}],"version-history":[{"count":0,"href":"https:\/\/www.oidossucios.com\/site\/wp-json\/wp\/v2\/posts\/675\/revisions"}],"wp:attachment":[{"href":"https:\/\/www.oidossucios.com\/site\/wp-json\/wp\/v2\/media?parent=675"}],"wp:term":[{"taxonomy":"category","embeddable":true,"href":"https:\/\/www.oidossucios.com\/site\/wp-json\/wp\/v2\/categories?post=675"},{"taxonomy":"post_tag","embeddable":true,"href":"https:\/\/www.oidossucios.com\/site\/wp-json\/wp\/v2\/tags?post=675"}],"curies":[{"name":"wp","href":"https:\/\/api.w.org\/{rel}","templated":true}]}}