{"id":676,"date":"2002-09-18T16:32:00","date_gmt":"2002-09-18T16:32:00","guid":{"rendered":"https:\/\/www.oidossucios.com\/site\/2002\/09\/18\/revolution-es-el-nuevo-video-de-trece\/"},"modified":"2002-09-18T16:32:00","modified_gmt":"2002-09-18T16:32:00","slug":"revolution-es-el-nuevo-video-de-trece","status":"publish","type":"post","link":"https:\/\/www.oidossucios.com\/site\/revolution-es-el-nuevo-video-de-trece\/","title":{"rendered":"Revolution es el nuevo video de Trece"},"content":{"rendered":"<p>Trece, el fundador y ex \u0096 integrante de La Corte, lanza est\u00e1 semana a la calle el primer videoclip de su debut discogr\u00e1fico como solista, Fivetimesloco.<\/p>\n<p>Revolution, tema que interpreta junto a la ex \u0096 integrante de La Hermandad y actual miembro de su banda, Anabella Almenar, es el tema elegido para esta primera entrega promocional de v\u00eddeo. La canci\u00f3n ha alcanzado la posici\u00f3n n\u00famero 9 en el Record Report nacional.<\/p>\n<p>La versi\u00f3n video de la canci\u00f3n, que es dirigida por Juan Carlos Vega, fue registrada en m\u00e1s de 15 conciertos que Trece junto a su banda Black Bombay Crew, llev\u00f3 a cabo por todo el pa\u00eds, en ciudades como Maracay, San Felipe, Barquisimeto y Caracas. El v\u00eddeo entrar\u00e1 en rotaci\u00f3n en los pr\u00f3ximos d\u00edas en las principales cadenas televisivas del pa\u00eds.<\/p>\n","protected":false},"excerpt":{"rendered":"<p>El ex \u0096 integrante de La Corte lanza el primer video de su primer trabajo discogr\u00e1fico como solista, Fivetimesloco.<\/p>\n","protected":false},"author":4,"featured_media":0,"comment_status":"open","ping_status":"open","sticky":false,"template":"","format":"standard","meta":{"_jetpack_memberships_contains_paid_content":false,"footnotes":""},"categories":[250],"tags":[],"class_list":["post-676","post","type-post","status-publish","format-standard","hentry","category-noticias"],"jetpack_featured_media_url":"","yoast_head":"<!-- This site is optimized with the Yoast SEO plugin v14.0.4 - https:\/\/yoast.com\/wordpress\/plugins\/seo\/ -->\n<title>Revolution es el nuevo video de Trece - OidosSucios.Com<\/title>\n<meta name=\"description\" content=\"La banda venezolana participar\u00e1 en la segunda edici\u00f3n del Aca World Sound Fest, donde compartir\u00e1n tarima con Beck, Dj Sasha y Deep Dish, entre otros.\" \/>\n<meta name=\"robots\" content=\"index, follow\" \/>\n<meta name=\"googlebot\" content=\"index, follow, max-snippet:-1, max-image-preview:large, max-video-preview:-1\" \/>\n<meta name=\"bingbot\" content=\"index, follow, max-snippet:-1, max-image-preview:large, max-video-preview:-1\" \/>\n<link rel=\"canonical\" href=\"https:\/\/www.oidossucios.com\/site\/revolution-es-el-nuevo-video-de-trece\/\" \/>\n<meta property=\"og:locale\" content=\"es_ES\" \/>\n<meta property=\"og:type\" content=\"article\" \/>\n<meta property=\"og:title\" content=\"Revolution es el nuevo video de Trece - OidosSucios.Com\" \/>\n<meta property=\"og:description\" content=\"La banda venezolana participar\u00e1 en la segunda edici\u00f3n del Aca World Sound Fest, donde compartir\u00e1n tarima con Beck, Dj Sasha y Deep Dish, entre otros.\" \/>\n<meta property=\"og:url\" content=\"https:\/\/www.oidossucios.com\/site\/revolution-es-el-nuevo-video-de-trece\/\" \/>\n<meta property=\"og:site_name\" content=\"OidosSucios.Com\" \/>\n<meta property=\"article:published_time\" content=\"2002-09-18T16:32:00+00:00\" \/>\n<meta name=\"twitter:card\" content=\"summary_large_image\" \/>\n<meta name=\"twitter:creator\" content=\"@oidossucios\" \/>\n<script type=\"application\/ld+json\" class=\"yoast-schema-graph\">{\"@context\":\"https:\/\/schema.org\",\"@graph\":[{\"@type\":\"WebSite\",\"@id\":\"https:\/\/www.oidossucios.com\/site\/#website\",\"url\":\"https:\/\/www.oidossucios.com\/site\/\",\"name\":\"OidosSucios.Com\",\"description\":\"M\\u00fasica, conciertos, discos\",\"potentialAction\":[{\"@type\":\"SearchAction\",\"target\":\"https:\/\/www.oidossucios.com\/site\/?s={search_term_string}\",\"query-input\":\"required name=search_term_string\"}],\"inLanguage\":\"es\"},{\"@type\":\"WebPage\",\"@id\":\"https:\/\/www.oidossucios.com\/site\/revolution-es-el-nuevo-video-de-trece\/#webpage\",\"url\":\"https:\/\/www.oidossucios.com\/site\/revolution-es-el-nuevo-video-de-trece\/\",\"name\":\"Revolution es el nuevo video de Trece - OidosSucios.Com\",\"isPartOf\":{\"@id\":\"https:\/\/www.oidossucios.com\/site\/#website\"},\"datePublished\":\"2002-09-18T16:32:00+00:00\",\"dateModified\":\"2002-09-18T16:32:00+00:00\",\"author\":{\"@id\":\"https:\/\/www.oidossucios.com\/site\/#\/schema\/person\/24559eeb76bf83a63296fb072393a688\"},\"description\":\"La banda venezolana participar\\u00e1 en la segunda edici\\u00f3n del Aca World Sound Fest, donde compartir\\u00e1n tarima con Beck, Dj Sasha y Deep Dish, entre otros.\",\"inLanguage\":\"es\",\"potentialAction\":[{\"@type\":\"ReadAction\",\"target\":[\"https:\/\/www.oidossucios.com\/site\/revolution-es-el-nuevo-video-de-trece\/\"]}]},{\"@type\":[\"Person\"],\"@id\":\"https:\/\/www.oidossucios.com\/site\/#\/schema\/person\/24559eeb76bf83a63296fb072393a688\",\"name\":\"Oidossucios\",\"image\":{\"@type\":\"ImageObject\",\"@id\":\"https:\/\/www.oidossucios.com\/site\/#personlogo\",\"inLanguage\":\"es\",\"url\":\"https:\/\/secure.gravatar.com\/avatar\/74fcb480f42f1a33e50a0b6e6369a3f907be2e43dc84fa5f76c66e9c22b4a5ab?s=96&d=mm&r=g\",\"caption\":\"Oidossucios\"},\"sameAs\":[\"https:\/\/twitter.com\/oidossucios\"]}]}<\/script>\n<!-- \/ Yoast SEO plugin. -->","jetpack_sharing_enabled":true,"_links":{"self":[{"href":"https:\/\/www.oidossucios.com\/site\/wp-json\/wp\/v2\/posts\/676","targetHints":{"allow":["GET"]}}],"collection":[{"href":"https:\/\/www.oidossucios.com\/site\/wp-json\/wp\/v2\/posts"}],"about":[{"href":"https:\/\/www.oidossucios.com\/site\/wp-json\/wp\/v2\/types\/post"}],"author":[{"embeddable":true,"href":"https:\/\/www.oidossucios.com\/site\/wp-json\/wp\/v2\/users\/4"}],"replies":[{"embeddable":true,"href":"https:\/\/www.oidossucios.com\/site\/wp-json\/wp\/v2\/comments?post=676"}],"version-history":[{"count":0,"href":"https:\/\/www.oidossucios.com\/site\/wp-json\/wp\/v2\/posts\/676\/revisions"}],"wp:attachment":[{"href":"https:\/\/www.oidossucios.com\/site\/wp-json\/wp\/v2\/media?parent=676"}],"wp:term":[{"taxonomy":"category","embeddable":true,"href":"https:\/\/www.oidossucios.com\/site\/wp-json\/wp\/v2\/categories?post=676"},{"taxonomy":"post_tag","embeddable":true,"href":"https:\/\/www.oidossucios.com\/site\/wp-json\/wp\/v2\/tags?post=676"}],"curies":[{"name":"wp","href":"https:\/\/api.w.org\/{rel}","templated":true}]}}