{"id":6766,"date":"2013-01-30T16:47:00","date_gmt":"2013-01-30T16:47:00","guid":{"rendered":"https:\/\/www.oidossucios.com\/site\/2013\/01\/30\/brian-head-welch-vuelve-a-korn\/"},"modified":"2013-01-30T16:47:00","modified_gmt":"2013-01-30T16:47:00","slug":"brian-head-welch-vuelve-a-korn","status":"publish","type":"post","link":"https:\/\/www.oidossucios.com\/site\/brian-head-welch-vuelve-a-korn\/","title":{"rendered":"Brian &#8220;Head&#8221; Welch vuelve a Korn"},"content":{"rendered":"<p>Hace cerca de una d\u00e9cada que las cuerdas distorsionadas de Korn se limitan solamente a James &#8220;Munky&#8221; Schaffer, quien qued\u00f3 como \u00fanico guitarrista tras la partida de Brian &#8220;Head&#8221; Welch. Welch dej\u00f3 la banda oficialmente en 2005 a causa de su adicci\u00f3n a las drogas, para luego encontrar refugio en el cristianismo.<\/p>\n<p>Hoy Welch vuelve a ser violero de Korn para tocar en varias fechas de 2013. El guitarrista regresa tras 9 a\u00f1os sin presentarse en vivo con la banda que fund\u00f3 junto a Munky en 1994. A pesar de haber formado su proyecto Love And Death \u0096 antes llamada Head \u0096 donde es el frontman, Welch est\u00e1 listo para volver a su banda original y compartir su tiempo para dedicarle a ambas:&nbsp;&#8220;Amo mi nueva banda, ser vocalista es un reto para m\u00ed, y me gusta enfrentar ese desaf\u00edo. Si bien es menos estresante solo tocar la guitarra en Korn, algo que amo y amar\u00e9, pero amo las dos cosas&#8221;, dijo a Rolling Stone.<\/p>\n<p>Welch ya hab\u00eda tocado una canci\u00f3n con Korn de manera sorpresiva en un show de mayo pasado<b>&nbsp;<\/b>. Hab\u00eda ido simplemente a ver a sus ex compa\u00f1eros, cuando se encontr\u00f3 con Munky, a quien no ve\u00eda hac\u00eda 7 a\u00f1os. &#8220;Habl\u00e9 media hora con Munky y 10 minutos antes de que se suban al escenario, Fieldy&nbsp;(el bajista)&nbsp;me dijo &#8220;s\u00f3lo te digo, tenemos una guitarra lista para ti&#8221; y yo dije \u00bfc\u00f3mo? Bueno, tocar\u00e9 a ciegas. Fue realmente loco y muy emocionante. Munky me llam\u00f3 un mes despu\u00e9s diciendo que si quer\u00eda volver las puertas estaban abiertas.&#8221; <b>(Arriba dejamos un video de ese momento)<\/b>.<\/p>\n<p>Welch regresa a una formaci\u00f3n casi similar a la que dej\u00f3 en 2005, con excepci\u00f3n del baterista David Silviera, que se fue en 2006. Desde 2008, el encargado de los platos de Korn es Ray Luzier.<\/p>\n<p>Fuente: www.fmrockandpop.com<![endif]--><!--[if gte mso 10]> <\/style>\n\n <![endif]--><\/p>\n","protected":false},"excerpt":{"rendered":"<p>Hace cerca de una d\u00e9cada que las cuerdas distorsionadas de Korn se limitan solamente a James &#8220;Munky&#8221; Schaffer, quien qued\u00f3 como \u00fanico guitarrista tras la partida de Brian &#8220;Head&#8221; Welch. Welch dej\u00f3 la banda oficialmente en 2005 a causa de su adicci\u00f3n a las drogas, para luego encontrar refugio en el cristianismo. Hoy Welch vuelve [&hellip;]<\/p>\n","protected":false},"author":4,"featured_media":0,"comment_status":"open","ping_status":"open","sticky":false,"template":"","format":"standard","meta":{"_jetpack_memberships_contains_paid_content":false,"footnotes":""},"categories":[142],"tags":[],"class_list":["post-6766","post","type-post","status-publish","format-standard","hentry","category-buzznews"],"jetpack_featured_media_url":"","yoast_head":"<!-- This site is optimized with the Yoast SEO plugin v14.0.4 - https:\/\/yoast.com\/wordpress\/plugins\/seo\/ -->\n<title>Brian &quot;Head&quot; Welch vuelve a Korn - OidosSucios.Com<\/title>\n<meta name=\"robots\" content=\"index, follow\" \/>\n<meta name=\"googlebot\" content=\"index, follow, max-snippet:-1, max-image-preview:large, max-video-preview:-1\" \/>\n<meta name=\"bingbot\" content=\"index, follow, max-snippet:-1, max-image-preview:large, max-video-preview:-1\" \/>\n<link rel=\"canonical\" href=\"https:\/\/www.oidossucios.com\/site\/brian-head-welch-vuelve-a-korn\/\" \/>\n<meta property=\"og:locale\" content=\"es_ES\" \/>\n<meta property=\"og:type\" content=\"article\" \/>\n<meta property=\"og:title\" content=\"Brian &quot;Head&quot; Welch vuelve a Korn - OidosSucios.Com\" \/>\n<meta property=\"og:description\" content=\"Hace cerca de una d\u00e9cada que las cuerdas distorsionadas de Korn se limitan solamente a James &#8220;Munky&#8221; Schaffer, quien qued\u00f3 como \u00fanico guitarrista tras la partida de Brian &#8220;Head&#8221; Welch. Welch dej\u00f3 la banda oficialmente en 2005 a causa de su adicci\u00f3n a las drogas, para luego encontrar refugio en el cristianismo. Hoy Welch vuelve [&hellip;]\" \/>\n<meta property=\"og:url\" content=\"https:\/\/www.oidossucios.com\/site\/brian-head-welch-vuelve-a-korn\/\" \/>\n<meta property=\"og:site_name\" content=\"OidosSucios.Com\" \/>\n<meta property=\"article:published_time\" content=\"2013-01-30T16:47:00+00:00\" \/>\n<meta name=\"twitter:card\" content=\"summary_large_image\" \/>\n<meta name=\"twitter:creator\" content=\"@oidossucios\" \/>\n<script type=\"application\/ld+json\" class=\"yoast-schema-graph\">{\"@context\":\"https:\/\/schema.org\",\"@graph\":[{\"@type\":\"WebSite\",\"@id\":\"https:\/\/www.oidossucios.com\/site\/#website\",\"url\":\"https:\/\/www.oidossucios.com\/site\/\",\"name\":\"OidosSucios.Com\",\"description\":\"M\\u00fasica, conciertos, discos\",\"potentialAction\":[{\"@type\":\"SearchAction\",\"target\":\"https:\/\/www.oidossucios.com\/site\/?s={search_term_string}\",\"query-input\":\"required name=search_term_string\"}],\"inLanguage\":\"es\"},{\"@type\":\"WebPage\",\"@id\":\"https:\/\/www.oidossucios.com\/site\/brian-head-welch-vuelve-a-korn\/#webpage\",\"url\":\"https:\/\/www.oidossucios.com\/site\/brian-head-welch-vuelve-a-korn\/\",\"name\":\"Brian \\\"Head\\\" Welch vuelve a Korn - OidosSucios.Com\",\"isPartOf\":{\"@id\":\"https:\/\/www.oidossucios.com\/site\/#website\"},\"datePublished\":\"2013-01-30T16:47:00+00:00\",\"dateModified\":\"2013-01-30T16:47:00+00:00\",\"author\":{\"@id\":\"https:\/\/www.oidossucios.com\/site\/#\/schema\/person\/24559eeb76bf83a63296fb072393a688\"},\"inLanguage\":\"es\",\"potentialAction\":[{\"@type\":\"ReadAction\",\"target\":[\"https:\/\/www.oidossucios.com\/site\/brian-head-welch-vuelve-a-korn\/\"]}]},{\"@type\":[\"Person\"],\"@id\":\"https:\/\/www.oidossucios.com\/site\/#\/schema\/person\/24559eeb76bf83a63296fb072393a688\",\"name\":\"Oidossucios\",\"image\":{\"@type\":\"ImageObject\",\"@id\":\"https:\/\/www.oidossucios.com\/site\/#personlogo\",\"inLanguage\":\"es\",\"url\":\"https:\/\/secure.gravatar.com\/avatar\/74fcb480f42f1a33e50a0b6e6369a3f907be2e43dc84fa5f76c66e9c22b4a5ab?s=96&d=mm&r=g\",\"caption\":\"Oidossucios\"},\"sameAs\":[\"https:\/\/twitter.com\/oidossucios\"]}]}<\/script>\n<!-- \/ Yoast SEO plugin. -->","jetpack_sharing_enabled":true,"_links":{"self":[{"href":"https:\/\/www.oidossucios.com\/site\/wp-json\/wp\/v2\/posts\/6766","targetHints":{"allow":["GET"]}}],"collection":[{"href":"https:\/\/www.oidossucios.com\/site\/wp-json\/wp\/v2\/posts"}],"about":[{"href":"https:\/\/www.oidossucios.com\/site\/wp-json\/wp\/v2\/types\/post"}],"author":[{"embeddable":true,"href":"https:\/\/www.oidossucios.com\/site\/wp-json\/wp\/v2\/users\/4"}],"replies":[{"embeddable":true,"href":"https:\/\/www.oidossucios.com\/site\/wp-json\/wp\/v2\/comments?post=6766"}],"version-history":[{"count":0,"href":"https:\/\/www.oidossucios.com\/site\/wp-json\/wp\/v2\/posts\/6766\/revisions"}],"wp:attachment":[{"href":"https:\/\/www.oidossucios.com\/site\/wp-json\/wp\/v2\/media?parent=6766"}],"wp:term":[{"taxonomy":"category","embeddable":true,"href":"https:\/\/www.oidossucios.com\/site\/wp-json\/wp\/v2\/categories?post=6766"},{"taxonomy":"post_tag","embeddable":true,"href":"https:\/\/www.oidossucios.com\/site\/wp-json\/wp\/v2\/tags?post=6766"}],"curies":[{"name":"wp","href":"https:\/\/api.w.org\/{rel}","templated":true}]}}