{"id":6778,"date":"2013-02-01T08:23:00","date_gmt":"2013-02-01T08:23:00","guid":{"rendered":"https:\/\/www.oidossucios.com\/site\/2013\/02\/01\/colplay-cancela-su-gira-en-latinoamerica\/"},"modified":"2013-02-01T08:23:00","modified_gmt":"2013-02-01T08:23:00","slug":"colplay-cancela-su-gira-en-latinoamerica","status":"publish","type":"post","link":"https:\/\/www.oidossucios.com\/site\/colplay-cancela-su-gira-en-latinoamerica\/","title":{"rendered":"Colplay cancela su gira en Latinoam\u00e9rica"},"content":{"rendered":"<p>Luego de informar, en noviembre pasado, la postergaci\u00f3n de su gira por Latinoam\u00e9rica, Coldplay inform\u00f3 finalmente que la serie de conciertos que realizar\u00eda en esta zona queda completamente cancelada.<\/p>\n<p>La noticia fue dada a conocer a trav\u00e9s de su sitio oficial, donde se lee:<i><\/p>\n<p>&#8220;Queridos amigos de Latinoam\u00e9rica.<\/i><i><\/p>\n<p>Nos sentimos tristes ya que, debido a circunstancias m\u00e1s all\u00e1 de nuestro control, nos vemos incapaces de reagendar las fechas pospuestas de la gira Mylo Xyloto, en 2013. Estamos muy apenados por esto.<\/i><i><\/p>\n<p>Parece que hay poco consuelo ahora, pero definitivamente tendr\u00e1n su esquina del mundo al frente de nuestras mentes cuando llegue el momento de hacer otra gira.<\/i><i><\/p>\n<p>Gracias por su incre\u00edble paciencia y apoyo.<\/i><i><\/p>\n<p>Con amor, Chris, Will, Guy y Jonny.&#8221;<\/i><\/p>\n<p>Esta gira inclu\u00eda la visita de la banda liderada por Chris Martin a Argentina, Brasil, Chile y M\u00e9xico.<\/p>\n<p>Fuente: www.warp.la<![endif]--><!--[if gte mso 10]> <\/style>\n\n <![endif]--><\/p>\n","protected":false},"excerpt":{"rendered":"<p>Luego de informar, en noviembre pasado, la postergaci\u00f3n de su gira por Latinoam\u00e9rica, Coldplay inform\u00f3 finalmente que la serie de conciertos que realizar\u00eda en esta zona queda completamente cancelada. La noticia fue dada a conocer a trav\u00e9s de su sitio oficial, donde se lee: &#8220;Queridos amigos de Latinoam\u00e9rica. Nos sentimos tristes ya que, debido a [&hellip;]<\/p>\n","protected":false},"author":4,"featured_media":100006778,"comment_status":"open","ping_status":"open","sticky":false,"template":"","format":"standard","meta":{"_jetpack_memberships_contains_paid_content":false,"footnotes":""},"categories":[142],"tags":[],"class_list":["post-6778","post","type-post","status-publish","format-standard","has-post-thumbnail","hentry","category-buzznews"],"jetpack_featured_media_url":"https:\/\/www.oidossucios.com\/site\/wp-content\/uploads\/2013\/02\/6778.jpg","yoast_head":"<!-- This site is optimized with the Yoast SEO plugin v14.0.4 - https:\/\/yoast.com\/wordpress\/plugins\/seo\/ -->\n<title>Colplay cancela su gira en Latinoam\u00e9rica - OidosSucios.Com<\/title>\n<meta name=\"robots\" content=\"index, follow\" \/>\n<meta name=\"googlebot\" content=\"index, follow, max-snippet:-1, max-image-preview:large, max-video-preview:-1\" \/>\n<meta name=\"bingbot\" content=\"index, follow, max-snippet:-1, max-image-preview:large, max-video-preview:-1\" \/>\n<link rel=\"canonical\" href=\"https:\/\/www.oidossucios.com\/site\/colplay-cancela-su-gira-en-latinoamerica\/\" \/>\n<meta property=\"og:locale\" content=\"es_ES\" \/>\n<meta property=\"og:type\" content=\"article\" \/>\n<meta property=\"og:title\" content=\"Colplay cancela su gira en Latinoam\u00e9rica - OidosSucios.Com\" \/>\n<meta property=\"og:description\" content=\"Luego de informar, en noviembre pasado, la postergaci\u00f3n de su gira por Latinoam\u00e9rica, Coldplay inform\u00f3 finalmente que la serie de conciertos que realizar\u00eda en esta zona queda completamente cancelada. La noticia fue dada a conocer a trav\u00e9s de su sitio oficial, donde se lee: &#8220;Queridos amigos de Latinoam\u00e9rica. Nos sentimos tristes ya que, debido a [&hellip;]\" \/>\n<meta property=\"og:url\" content=\"https:\/\/www.oidossucios.com\/site\/colplay-cancela-su-gira-en-latinoamerica\/\" \/>\n<meta property=\"og:site_name\" content=\"OidosSucios.Com\" \/>\n<meta property=\"article:published_time\" content=\"2013-02-01T08:23:00+00:00\" \/>\n<meta property=\"og:image\" content=\"https:\/\/www.oidossucios.com\/site\/wp-content\/uploads\/2013\/02\/6778.jpg\" \/>\n\t<meta property=\"og:image:width\" content=\"350\" \/>\n\t<meta property=\"og:image:height\" content=\"300\" \/>\n<meta name=\"twitter:card\" content=\"summary_large_image\" \/>\n<meta name=\"twitter:creator\" content=\"@oidossucios\" \/>\n<script type=\"application\/ld+json\" class=\"yoast-schema-graph\">{\"@context\":\"https:\/\/schema.org\",\"@graph\":[{\"@type\":\"WebSite\",\"@id\":\"https:\/\/www.oidossucios.com\/site\/#website\",\"url\":\"https:\/\/www.oidossucios.com\/site\/\",\"name\":\"OidosSucios.Com\",\"description\":\"M\\u00fasica, conciertos, discos\",\"potentialAction\":[{\"@type\":\"SearchAction\",\"target\":\"https:\/\/www.oidossucios.com\/site\/?s={search_term_string}\",\"query-input\":\"required name=search_term_string\"}],\"inLanguage\":\"es\"},{\"@type\":\"ImageObject\",\"@id\":\"https:\/\/www.oidossucios.com\/site\/colplay-cancela-su-gira-en-latinoamerica\/#primaryimage\",\"inLanguage\":\"es\",\"url\":\"https:\/\/www.oidossucios.com\/site\/wp-content\/uploads\/2013\/02\/6778.jpg\",\"width\":350,\"height\":300},{\"@type\":\"WebPage\",\"@id\":\"https:\/\/www.oidossucios.com\/site\/colplay-cancela-su-gira-en-latinoamerica\/#webpage\",\"url\":\"https:\/\/www.oidossucios.com\/site\/colplay-cancela-su-gira-en-latinoamerica\/\",\"name\":\"Colplay cancela su gira en Latinoam\\u00e9rica - OidosSucios.Com\",\"isPartOf\":{\"@id\":\"https:\/\/www.oidossucios.com\/site\/#website\"},\"primaryImageOfPage\":{\"@id\":\"https:\/\/www.oidossucios.com\/site\/colplay-cancela-su-gira-en-latinoamerica\/#primaryimage\"},\"datePublished\":\"2013-02-01T08:23:00+00:00\",\"dateModified\":\"2013-02-01T08:23:00+00:00\",\"author\":{\"@id\":\"https:\/\/www.oidossucios.com\/site\/#\/schema\/person\/24559eeb76bf83a63296fb072393a688\"},\"inLanguage\":\"es\",\"potentialAction\":[{\"@type\":\"ReadAction\",\"target\":[\"https:\/\/www.oidossucios.com\/site\/colplay-cancela-su-gira-en-latinoamerica\/\"]}]},{\"@type\":[\"Person\"],\"@id\":\"https:\/\/www.oidossucios.com\/site\/#\/schema\/person\/24559eeb76bf83a63296fb072393a688\",\"name\":\"Oidossucios\",\"image\":{\"@type\":\"ImageObject\",\"@id\":\"https:\/\/www.oidossucios.com\/site\/#personlogo\",\"inLanguage\":\"es\",\"url\":\"https:\/\/secure.gravatar.com\/avatar\/74fcb480f42f1a33e50a0b6e6369a3f907be2e43dc84fa5f76c66e9c22b4a5ab?s=96&d=mm&r=g\",\"caption\":\"Oidossucios\"},\"sameAs\":[\"https:\/\/twitter.com\/oidossucios\"]}]}<\/script>\n<!-- \/ Yoast SEO plugin. -->","jetpack_sharing_enabled":true,"_links":{"self":[{"href":"https:\/\/www.oidossucios.com\/site\/wp-json\/wp\/v2\/posts\/6778","targetHints":{"allow":["GET"]}}],"collection":[{"href":"https:\/\/www.oidossucios.com\/site\/wp-json\/wp\/v2\/posts"}],"about":[{"href":"https:\/\/www.oidossucios.com\/site\/wp-json\/wp\/v2\/types\/post"}],"author":[{"embeddable":true,"href":"https:\/\/www.oidossucios.com\/site\/wp-json\/wp\/v2\/users\/4"}],"replies":[{"embeddable":true,"href":"https:\/\/www.oidossucios.com\/site\/wp-json\/wp\/v2\/comments?post=6778"}],"version-history":[{"count":0,"href":"https:\/\/www.oidossucios.com\/site\/wp-json\/wp\/v2\/posts\/6778\/revisions"}],"wp:featuredmedia":[{"embeddable":true,"href":"https:\/\/www.oidossucios.com\/site\/wp-json\/wp\/v2\/media\/100006778"}],"wp:attachment":[{"href":"https:\/\/www.oidossucios.com\/site\/wp-json\/wp\/v2\/media?parent=6778"}],"wp:term":[{"taxonomy":"category","embeddable":true,"href":"https:\/\/www.oidossucios.com\/site\/wp-json\/wp\/v2\/categories?post=6778"},{"taxonomy":"post_tag","embeddable":true,"href":"https:\/\/www.oidossucios.com\/site\/wp-json\/wp\/v2\/tags?post=6778"}],"curies":[{"name":"wp","href":"https:\/\/api.w.org\/{rel}","templated":true}]}}