{"id":6782,"date":"2013-02-01T18:24:00","date_gmt":"2013-02-01T18:24:00","guid":{"rendered":"https:\/\/www.oidossucios.com\/site\/2013\/02\/01\/primal-scream-anuncian-nuevo-album\/"},"modified":"2013-02-01T18:24:00","modified_gmt":"2013-02-01T18:24:00","slug":"primal-scream-anuncian-nuevo-album","status":"publish","type":"post","link":"https:\/\/www.oidossucios.com\/site\/primal-scream-anuncian-nuevo-album\/","title":{"rendered":"Primal Scream anuncian nuevo \u00e1lbum"},"content":{"rendered":"<p>El l\u00edder de Primal Scream, Bobby Gillespie, ha confirmado esta ma\u00f1ana los rumores. En una entrevista en la emisora BBC, el m\u00fasico ha revelado que el d\u00e9cimo trabajo de los escoceses, <i>More Light<\/i>, saldr\u00e1 a la venta el 6 de mayo.<\/p>\n<p>Seg\u00fan declar\u00f3 Gillespie hace unos meses a la revista Q, la continuaci\u00f3n de <i>Beautiful Future (2008<\/i>), &#8220;es rock n roll, pero rock n roll moderno. Bastante psicod\u00e9lico. Es muy guitarrero, pero usamos las guitarras de una manera orquestal, no de la forma habitual en que la gente hace discos. Creemos que lo hacemos de una forma m\u00e1s interesante. Mezclamos guitarras con electr\u00f3nica y con otros instrumentos ac\u00fasticos para crear el sonido central&#8221;.<\/p>\n<p>Primal Scream estrenar\u00e1 el primer sencillo del \u00e1lbum el pr\u00f3ximo 18 de febrero.<\/p>\n<p>Fuente: www.rollingstone.es<![endif]--><!--[if gte mso 10]> <\/style>\n\n <![endif]--><\/p>\n","protected":false},"excerpt":{"rendered":"<p>El l\u00edder de Primal Scream, Bobby Gillespie, ha confirmado esta ma\u00f1ana los rumores. En una entrevista en la emisora BBC, el m\u00fasico ha revelado que el d\u00e9cimo trabajo de los escoceses, More Light, saldr\u00e1 a la venta el 6 de mayo. Seg\u00fan declar\u00f3 Gillespie hace unos meses a la revista Q, la continuaci\u00f3n de Beautiful [&hellip;]<\/p>\n","protected":false},"author":4,"featured_media":0,"comment_status":"open","ping_status":"open","sticky":false,"template":"","format":"standard","meta":{"_jetpack_memberships_contains_paid_content":false,"footnotes":""},"categories":[142],"tags":[],"class_list":["post-6782","post","type-post","status-publish","format-standard","hentry","category-buzznews"],"jetpack_featured_media_url":"","yoast_head":"<!-- This site is optimized with the Yoast SEO plugin v14.0.4 - https:\/\/yoast.com\/wordpress\/plugins\/seo\/ -->\n<title>Primal Scream anuncian nuevo \u00e1lbum - OidosSucios.Com<\/title>\n<meta name=\"robots\" content=\"index, follow\" \/>\n<meta name=\"googlebot\" content=\"index, follow, max-snippet:-1, max-image-preview:large, max-video-preview:-1\" \/>\n<meta name=\"bingbot\" content=\"index, follow, max-snippet:-1, max-image-preview:large, max-video-preview:-1\" \/>\n<link rel=\"canonical\" href=\"https:\/\/www.oidossucios.com\/site\/primal-scream-anuncian-nuevo-album\/\" \/>\n<meta property=\"og:locale\" content=\"es_ES\" \/>\n<meta property=\"og:type\" content=\"article\" \/>\n<meta property=\"og:title\" content=\"Primal Scream anuncian nuevo \u00e1lbum - OidosSucios.Com\" \/>\n<meta property=\"og:description\" content=\"El l\u00edder de Primal Scream, Bobby Gillespie, ha confirmado esta ma\u00f1ana los rumores. En una entrevista en la emisora BBC, el m\u00fasico ha revelado que el d\u00e9cimo trabajo de los escoceses, More Light, saldr\u00e1 a la venta el 6 de mayo. Seg\u00fan declar\u00f3 Gillespie hace unos meses a la revista Q, la continuaci\u00f3n de Beautiful [&hellip;]\" \/>\n<meta property=\"og:url\" content=\"https:\/\/www.oidossucios.com\/site\/primal-scream-anuncian-nuevo-album\/\" \/>\n<meta property=\"og:site_name\" content=\"OidosSucios.Com\" \/>\n<meta property=\"article:published_time\" content=\"2013-02-01T18:24:00+00:00\" \/>\n<meta name=\"twitter:card\" content=\"summary_large_image\" \/>\n<meta name=\"twitter:creator\" content=\"@oidossucios\" \/>\n<script type=\"application\/ld+json\" class=\"yoast-schema-graph\">{\"@context\":\"https:\/\/schema.org\",\"@graph\":[{\"@type\":\"WebSite\",\"@id\":\"https:\/\/www.oidossucios.com\/site\/#website\",\"url\":\"https:\/\/www.oidossucios.com\/site\/\",\"name\":\"OidosSucios.Com\",\"description\":\"M\\u00fasica, conciertos, discos\",\"potentialAction\":[{\"@type\":\"SearchAction\",\"target\":\"https:\/\/www.oidossucios.com\/site\/?s={search_term_string}\",\"query-input\":\"required name=search_term_string\"}],\"inLanguage\":\"es\"},{\"@type\":\"WebPage\",\"@id\":\"https:\/\/www.oidossucios.com\/site\/primal-scream-anuncian-nuevo-album\/#webpage\",\"url\":\"https:\/\/www.oidossucios.com\/site\/primal-scream-anuncian-nuevo-album\/\",\"name\":\"Primal Scream anuncian nuevo \\u00e1lbum - OidosSucios.Com\",\"isPartOf\":{\"@id\":\"https:\/\/www.oidossucios.com\/site\/#website\"},\"datePublished\":\"2013-02-01T18:24:00+00:00\",\"dateModified\":\"2013-02-01T18:24:00+00:00\",\"author\":{\"@id\":\"https:\/\/www.oidossucios.com\/site\/#\/schema\/person\/24559eeb76bf83a63296fb072393a688\"},\"inLanguage\":\"es\",\"potentialAction\":[{\"@type\":\"ReadAction\",\"target\":[\"https:\/\/www.oidossucios.com\/site\/primal-scream-anuncian-nuevo-album\/\"]}]},{\"@type\":[\"Person\"],\"@id\":\"https:\/\/www.oidossucios.com\/site\/#\/schema\/person\/24559eeb76bf83a63296fb072393a688\",\"name\":\"Oidossucios\",\"image\":{\"@type\":\"ImageObject\",\"@id\":\"https:\/\/www.oidossucios.com\/site\/#personlogo\",\"inLanguage\":\"es\",\"url\":\"https:\/\/secure.gravatar.com\/avatar\/74fcb480f42f1a33e50a0b6e6369a3f907be2e43dc84fa5f76c66e9c22b4a5ab?s=96&d=mm&r=g\",\"caption\":\"Oidossucios\"},\"sameAs\":[\"https:\/\/twitter.com\/oidossucios\"]}]}<\/script>\n<!-- \/ Yoast SEO plugin. -->","jetpack_sharing_enabled":true,"_links":{"self":[{"href":"https:\/\/www.oidossucios.com\/site\/wp-json\/wp\/v2\/posts\/6782","targetHints":{"allow":["GET"]}}],"collection":[{"href":"https:\/\/www.oidossucios.com\/site\/wp-json\/wp\/v2\/posts"}],"about":[{"href":"https:\/\/www.oidossucios.com\/site\/wp-json\/wp\/v2\/types\/post"}],"author":[{"embeddable":true,"href":"https:\/\/www.oidossucios.com\/site\/wp-json\/wp\/v2\/users\/4"}],"replies":[{"embeddable":true,"href":"https:\/\/www.oidossucios.com\/site\/wp-json\/wp\/v2\/comments?post=6782"}],"version-history":[{"count":0,"href":"https:\/\/www.oidossucios.com\/site\/wp-json\/wp\/v2\/posts\/6782\/revisions"}],"wp:attachment":[{"href":"https:\/\/www.oidossucios.com\/site\/wp-json\/wp\/v2\/media?parent=6782"}],"wp:term":[{"taxonomy":"category","embeddable":true,"href":"https:\/\/www.oidossucios.com\/site\/wp-json\/wp\/v2\/categories?post=6782"},{"taxonomy":"post_tag","embeddable":true,"href":"https:\/\/www.oidossucios.com\/site\/wp-json\/wp\/v2\/tags?post=6782"}],"curies":[{"name":"wp","href":"https:\/\/api.w.org\/{rel}","templated":true}]}}