{"id":6786,"date":"2013-02-04T05:44:00","date_gmt":"2013-02-04T05:44:00","guid":{"rendered":"https:\/\/www.oidossucios.com\/site\/2013\/02\/04\/muse-ya-planea-grabar-su-septimo-disco\/"},"modified":"2013-02-04T05:44:00","modified_gmt":"2013-02-04T05:44:00","slug":"muse-ya-planea-grabar-su-septimo-disco","status":"publish","type":"post","link":"https:\/\/www.oidossucios.com\/site\/muse-ya-planea-grabar-su-septimo-disco\/","title":{"rendered":"Muse ya planea grabar su s\u00e9ptimo disco"},"content":{"rendered":"<p><![endif]--> <\/p>\n<p>Muse revelo que planea grabar la continuaci\u00f3n de <i>The 2nd Law<\/i>, lanzado el pasado mes de septiembre.<\/p>\n<p>Esta informaci\u00f3n fue revelada por el baterista de la banda brit\u00e1nica, Dominic Howard a Billboard a quien dijo: &#8220;Yo y Matt Bellamy hemos empezado a plantear qu\u00e9 haremos y c\u00f3mo lo haremos, lo que necesitamos saber es cu\u00e1ndo hacerlo&#8221;.<\/p>\n<p>Es decir, que m\u00e1s all\u00e1 de aspectos musicales, lo que quieren valorar es cu\u00e1ndo volver\u00e1n al estudio para preparar lo nuevo. Porque tambi\u00e9n deja claro agreg\u00f3: &#8220;Necesitamos terminar el tour antes de meternos al estudio. Nos gusta empezar frescos, cerrar cap\u00edtulos y abrir nuevos&#8221;.<\/p>\n<p>Sin embargo la banda antes de eso tiene pendiente una impresionante gira de estadios que les llevar\u00e1 por todo el mundo.<\/p>\n<p>Fuente: www.warp.la<\/p>\n<p><!--[if gte mso 10]> <\/style>\n\n <![endif]--><\/p>\n","protected":false},"excerpt":{"rendered":"<p>Muse revelo que planea grabar la continuaci\u00f3n de The 2nd Law, lanzado el pasado mes de septiembre. Esta informaci\u00f3n fue revelada por el baterista de la banda brit\u00e1nica, Dominic Howard a Billboard a quien dijo: &#8220;Yo y Matt Bellamy hemos empezado a plantear qu\u00e9 haremos y c\u00f3mo lo haremos, lo que necesitamos saber es cu\u00e1ndo [&hellip;]<\/p>\n","protected":false},"author":4,"featured_media":100006786,"comment_status":"open","ping_status":"open","sticky":false,"template":"","format":"standard","meta":{"_jetpack_memberships_contains_paid_content":false,"footnotes":""},"categories":[142],"tags":[],"class_list":["post-6786","post","type-post","status-publish","format-standard","has-post-thumbnail","hentry","category-buzznews"],"jetpack_featured_media_url":"https:\/\/www.oidossucios.com\/site\/wp-content\/uploads\/2013\/02\/6786.jpg","yoast_head":"<!-- This site is optimized with the Yoast SEO plugin v14.0.4 - https:\/\/yoast.com\/wordpress\/plugins\/seo\/ -->\n<title>Muse ya planea grabar su s\u00e9ptimo disco - OidosSucios.Com<\/title>\n<meta name=\"robots\" content=\"index, follow\" \/>\n<meta name=\"googlebot\" content=\"index, follow, max-snippet:-1, max-image-preview:large, max-video-preview:-1\" \/>\n<meta name=\"bingbot\" content=\"index, follow, max-snippet:-1, max-image-preview:large, max-video-preview:-1\" \/>\n<link rel=\"canonical\" href=\"https:\/\/www.oidossucios.com\/site\/muse-ya-planea-grabar-su-septimo-disco\/\" \/>\n<meta property=\"og:locale\" content=\"es_ES\" \/>\n<meta property=\"og:type\" content=\"article\" \/>\n<meta property=\"og:title\" content=\"Muse ya planea grabar su s\u00e9ptimo disco - OidosSucios.Com\" \/>\n<meta property=\"og:description\" content=\"Muse revelo que planea grabar la continuaci\u00f3n de The 2nd Law, lanzado el pasado mes de septiembre. Esta informaci\u00f3n fue revelada por el baterista de la banda brit\u00e1nica, Dominic Howard a Billboard a quien dijo: &#8220;Yo y Matt Bellamy hemos empezado a plantear qu\u00e9 haremos y c\u00f3mo lo haremos, lo que necesitamos saber es cu\u00e1ndo [&hellip;]\" \/>\n<meta property=\"og:url\" content=\"https:\/\/www.oidossucios.com\/site\/muse-ya-planea-grabar-su-septimo-disco\/\" \/>\n<meta property=\"og:site_name\" content=\"OidosSucios.Com\" \/>\n<meta property=\"article:published_time\" content=\"2013-02-04T05:44:00+00:00\" \/>\n<meta property=\"og:image\" content=\"https:\/\/www.oidossucios.com\/site\/wp-content\/uploads\/2013\/02\/6786.jpg\" \/>\n\t<meta property=\"og:image:width\" content=\"350\" \/>\n\t<meta property=\"og:image:height\" content=\"300\" \/>\n<meta name=\"twitter:card\" content=\"summary_large_image\" \/>\n<meta name=\"twitter:creator\" content=\"@oidossucios\" \/>\n<script type=\"application\/ld+json\" class=\"yoast-schema-graph\">{\"@context\":\"https:\/\/schema.org\",\"@graph\":[{\"@type\":\"WebSite\",\"@id\":\"https:\/\/www.oidossucios.com\/site\/#website\",\"url\":\"https:\/\/www.oidossucios.com\/site\/\",\"name\":\"OidosSucios.Com\",\"description\":\"M\\u00fasica, conciertos, discos\",\"potentialAction\":[{\"@type\":\"SearchAction\",\"target\":\"https:\/\/www.oidossucios.com\/site\/?s={search_term_string}\",\"query-input\":\"required name=search_term_string\"}],\"inLanguage\":\"es\"},{\"@type\":\"ImageObject\",\"@id\":\"https:\/\/www.oidossucios.com\/site\/muse-ya-planea-grabar-su-septimo-disco\/#primaryimage\",\"inLanguage\":\"es\",\"url\":\"https:\/\/www.oidossucios.com\/site\/wp-content\/uploads\/2013\/02\/6786.jpg\",\"width\":350,\"height\":300},{\"@type\":\"WebPage\",\"@id\":\"https:\/\/www.oidossucios.com\/site\/muse-ya-planea-grabar-su-septimo-disco\/#webpage\",\"url\":\"https:\/\/www.oidossucios.com\/site\/muse-ya-planea-grabar-su-septimo-disco\/\",\"name\":\"Muse ya planea grabar su s\\u00e9ptimo disco - OidosSucios.Com\",\"isPartOf\":{\"@id\":\"https:\/\/www.oidossucios.com\/site\/#website\"},\"primaryImageOfPage\":{\"@id\":\"https:\/\/www.oidossucios.com\/site\/muse-ya-planea-grabar-su-septimo-disco\/#primaryimage\"},\"datePublished\":\"2013-02-04T05:44:00+00:00\",\"dateModified\":\"2013-02-04T05:44:00+00:00\",\"author\":{\"@id\":\"https:\/\/www.oidossucios.com\/site\/#\/schema\/person\/24559eeb76bf83a63296fb072393a688\"},\"inLanguage\":\"es\",\"potentialAction\":[{\"@type\":\"ReadAction\",\"target\":[\"https:\/\/www.oidossucios.com\/site\/muse-ya-planea-grabar-su-septimo-disco\/\"]}]},{\"@type\":[\"Person\"],\"@id\":\"https:\/\/www.oidossucios.com\/site\/#\/schema\/person\/24559eeb76bf83a63296fb072393a688\",\"name\":\"Oidossucios\",\"image\":{\"@type\":\"ImageObject\",\"@id\":\"https:\/\/www.oidossucios.com\/site\/#personlogo\",\"inLanguage\":\"es\",\"url\":\"https:\/\/secure.gravatar.com\/avatar\/74fcb480f42f1a33e50a0b6e6369a3f907be2e43dc84fa5f76c66e9c22b4a5ab?s=96&d=mm&r=g\",\"caption\":\"Oidossucios\"},\"sameAs\":[\"https:\/\/twitter.com\/oidossucios\"]}]}<\/script>\n<!-- \/ Yoast SEO plugin. -->","jetpack_sharing_enabled":true,"_links":{"self":[{"href":"https:\/\/www.oidossucios.com\/site\/wp-json\/wp\/v2\/posts\/6786","targetHints":{"allow":["GET"]}}],"collection":[{"href":"https:\/\/www.oidossucios.com\/site\/wp-json\/wp\/v2\/posts"}],"about":[{"href":"https:\/\/www.oidossucios.com\/site\/wp-json\/wp\/v2\/types\/post"}],"author":[{"embeddable":true,"href":"https:\/\/www.oidossucios.com\/site\/wp-json\/wp\/v2\/users\/4"}],"replies":[{"embeddable":true,"href":"https:\/\/www.oidossucios.com\/site\/wp-json\/wp\/v2\/comments?post=6786"}],"version-history":[{"count":0,"href":"https:\/\/www.oidossucios.com\/site\/wp-json\/wp\/v2\/posts\/6786\/revisions"}],"wp:featuredmedia":[{"embeddable":true,"href":"https:\/\/www.oidossucios.com\/site\/wp-json\/wp\/v2\/media\/100006786"}],"wp:attachment":[{"href":"https:\/\/www.oidossucios.com\/site\/wp-json\/wp\/v2\/media?parent=6786"}],"wp:term":[{"taxonomy":"category","embeddable":true,"href":"https:\/\/www.oidossucios.com\/site\/wp-json\/wp\/v2\/categories?post=6786"},{"taxonomy":"post_tag","embeddable":true,"href":"https:\/\/www.oidossucios.com\/site\/wp-json\/wp\/v2\/tags?post=6786"}],"curies":[{"name":"wp","href":"https:\/\/api.w.org\/{rel}","templated":true}]}}