{"id":6789,"date":"2013-02-04T19:05:00","date_gmt":"2013-02-04T19:05:00","guid":{"rendered":"https:\/\/www.oidossucios.com\/site\/2013\/02\/04\/vltravioleta-lanzara-su-primer-ep\/"},"modified":"2013-02-04T19:05:00","modified_gmt":"2013-02-04T19:05:00","slug":"vltravioleta-lanzara-su-primer-ep","status":"publish","type":"post","link":"https:\/\/www.oidossucios.com\/site\/vltravioleta-lanzara-su-primer-ep\/","title":{"rendered":"Vltravioleta lanzar\u00e1 su primer EP"},"content":{"rendered":"<p>Vltravioleta, la banda de rock de Caracas, lanzar\u00e1 oficialmente su EP de 6 temas a medios de comunicaci\u00f3n y p\u00fablico el pr\u00f3ximo 1 de marzo en La Quinta Bar, ubicado en Las Mercedes.<\/p>\n<p>La banda, formada por Jorge Montero, Alejandro Zabala, Tom\u00e1s Zabala y Alejandro S\u00e1nchez, se encuentra en la promoci\u00f3n de su primer tema promocional &#8220;Sobrevuelo&#8221; a trav\u00e9s de las redes sociales.<\/p>\n<p><b>Showcase de Vltravioleta:<\/b><br \/>01\/03\/2013<br \/>La Quinta Bar<br \/>Cover en puerta <\/p>\n<p>&nbsp;<\/p>\n<div style=\"display: inline-block; width: 100%; height: 104px; margin: 0px; padding: 0px; border: 0px none;\" class=\"widget_iframe\"><iframe loading=\"lazy\" width=\"100%\" scrolling=\"no\" height=\"100%\" frameborder=\"0\" class=\"widget_iframe\" src=\"http:\/\/www.reverbnation.com\/widget_code\/html_widget\/artist_2044608?widget_id=50&amp;pwc[design]=default&amp;pwc[background_color]=%23333333&amp;pwc[included_songs]=0&amp;pwc[song_ids]=15061161&amp;pwc[photo]=1%2C0&amp;pwc[size]=fit\"><\/iframe>   <\/p>\n<div style=\"margin-top: -5px; font-size: 10px; font-family: Arial;\" class=\"footer_branding\"><center><a target=\"_blank\" style=\"text-decoration: none; color: rgb(68, 68, 68);\" href=\"http:\/\/www.reverbnation.com\/band-promotion\/fanreach?utm_campaign=a_features_fanreach&amp;utm_medium=widget&amp;utm_source=HTML5_Player&amp;utm_content=widgetfooter_GetBand%20email%20for%20free%20at%20ReverbNation.com\" rel=\"noopener noreferrer\">Get Band email for free at ReverbNation.com<\/a><\/center>   <\/div>\n<\/p><\/div>\n<p>&nbsp;<\/p>\n<p>&nbsp;<\/p>\n<p>Para m\u00e1s informaci\u00f3n:<\/p>\n<p><a href=\"http:\/\/www.twitter.com\/vltravioleta\">http:\/\/www.twitter.com\/vltravioleta<\/a><\/p>\n<p><a href=\"http:\/\/www.facebook.com\/pages\/Vltravioleta\/\">http:\/\/www.facebook.com\/pages\/Vltravioleta\/<\/a><\/p>\n<p><![endif]--><!--[if gte mso 10]> <\/style>\n\n <![endif]--><!--nextpage--><img decoding=\"async\" class=\"aligncenter size-medium wp-image-111116516\" src=\"https:\/\/www.oidossucios.com\/site\/wp-content\/uploads\/2020\/02\/6516.jpg\" alt=\"Vltravioleta lanzar\u00e1 su primer EP\"  \/><a href='https:\/\/www.oidossucios.com\/site\/vltravioleta-lanzara-su-primer-ep\/2\/'\n                        onclick='if (tpsInstance) { tpsInstance.setNext(); return false; }'\n                        rel='next'\n                        style=''\n                        class=''>Ver galer\u00eda<\/a>]]><\/p>\n","protected":false},"excerpt":{"rendered":"<p>Vltravioleta, la banda de rock de Caracas, lanzar\u00e1 oficialmente su EP de 6 temas a medios de comunicaci\u00f3n y p\u00fablico el pr\u00f3ximo 1 de marzo en La Quinta Bar, ubicado en Las Mercedes. La banda, formada por Jorge Montero, Alejandro Zabala, Tom\u00e1s Zabala y Alejandro S\u00e1nchez, se encuentra en la promoci\u00f3n de su primer tema [&hellip;]<\/p>\n","protected":false},"author":4,"featured_media":100006789,"comment_status":"open","ping_status":"open","sticky":false,"template":"","format":"standard","meta":{"_jetpack_memberships_contains_paid_content":false,"footnotes":""},"categories":[142],"tags":[],"class_list":["post-6789","post","type-post","status-publish","format-standard","has-post-thumbnail","hentry","category-buzznews"],"jetpack_featured_media_url":"https:\/\/www.oidossucios.com\/site\/wp-content\/uploads\/2013\/02\/6789.jpg","yoast_head":"<!-- This site is optimized with the Yoast SEO plugin v14.0.4 - https:\/\/yoast.com\/wordpress\/plugins\/seo\/ -->\n<title>Vltravioleta lanzar\u00e1 su primer EP - OidosSucios.Com<\/title>\n<meta name=\"robots\" content=\"index, follow\" \/>\n<meta name=\"googlebot\" content=\"index, follow, max-snippet:-1, max-image-preview:large, max-video-preview:-1\" \/>\n<meta name=\"bingbot\" content=\"index, follow, max-snippet:-1, max-image-preview:large, max-video-preview:-1\" \/>\n<link rel=\"canonical\" href=\"https:\/\/www.oidossucios.com\/site\/vltravioleta-lanzara-su-primer-ep\/\" \/>\n<link rel=\"next\" href=\"https:\/\/www.oidossucios.com\/site\/vltravioleta-lanzara-su-primer-ep\/2\/\" \/>\n<meta property=\"og:locale\" content=\"es_ES\" \/>\n<meta property=\"og:type\" content=\"article\" \/>\n<meta property=\"og:title\" content=\"Vltravioleta lanzar\u00e1 su primer EP - OidosSucios.Com\" \/>\n<meta property=\"og:description\" content=\"Vltravioleta, la banda de rock de Caracas, lanzar\u00e1 oficialmente su EP de 6 temas a medios de comunicaci\u00f3n y p\u00fablico el pr\u00f3ximo 1 de marzo en La Quinta Bar, ubicado en Las Mercedes. La banda, formada por Jorge Montero, Alejandro Zabala, Tom\u00e1s Zabala y Alejandro S\u00e1nchez, se encuentra en la promoci\u00f3n de su primer tema [&hellip;]\" \/>\n<meta property=\"og:url\" content=\"https:\/\/www.oidossucios.com\/site\/vltravioleta-lanzara-su-primer-ep\/\" \/>\n<meta property=\"og:site_name\" content=\"OidosSucios.Com\" \/>\n<meta property=\"article:published_time\" content=\"2013-02-04T19:05:00+00:00\" \/>\n<meta property=\"og:image\" content=\"https:\/\/www.oidossucios.com\/site\/wp-content\/uploads\/2013\/02\/6789.jpg\" \/>\n\t<meta property=\"og:image:width\" content=\"350\" \/>\n\t<meta property=\"og:image:height\" content=\"300\" \/>\n<meta name=\"twitter:card\" content=\"summary_large_image\" \/>\n<meta name=\"twitter:creator\" content=\"@oidossucios\" \/>\n<script type=\"application\/ld+json\" class=\"yoast-schema-graph\">{\"@context\":\"https:\/\/schema.org\",\"@graph\":[{\"@type\":\"WebSite\",\"@id\":\"https:\/\/www.oidossucios.com\/site\/#website\",\"url\":\"https:\/\/www.oidossucios.com\/site\/\",\"name\":\"OidosSucios.Com\",\"description\":\"M\\u00fasica, conciertos, discos\",\"potentialAction\":[{\"@type\":\"SearchAction\",\"target\":\"https:\/\/www.oidossucios.com\/site\/?s={search_term_string}\",\"query-input\":\"required name=search_term_string\"}],\"inLanguage\":\"es\"},{\"@type\":\"ImageObject\",\"@id\":\"https:\/\/www.oidossucios.com\/site\/vltravioleta-lanzara-su-primer-ep\/#primaryimage\",\"inLanguage\":\"es\",\"url\":\"https:\/\/www.oidossucios.com\/site\/wp-content\/uploads\/2013\/02\/6789.jpg\",\"width\":350,\"height\":300},{\"@type\":\"WebPage\",\"@id\":\"https:\/\/www.oidossucios.com\/site\/vltravioleta-lanzara-su-primer-ep\/#webpage\",\"url\":\"https:\/\/www.oidossucios.com\/site\/vltravioleta-lanzara-su-primer-ep\/\",\"name\":\"Vltravioleta lanzar\\u00e1 su primer EP - OidosSucios.Com\",\"isPartOf\":{\"@id\":\"https:\/\/www.oidossucios.com\/site\/#website\"},\"primaryImageOfPage\":{\"@id\":\"https:\/\/www.oidossucios.com\/site\/vltravioleta-lanzara-su-primer-ep\/#primaryimage\"},\"datePublished\":\"2013-02-04T19:05:00+00:00\",\"dateModified\":\"2013-02-04T19:05:00+00:00\",\"author\":{\"@id\":\"https:\/\/www.oidossucios.com\/site\/#\/schema\/person\/24559eeb76bf83a63296fb072393a688\"},\"inLanguage\":\"es\",\"potentialAction\":[{\"@type\":\"ReadAction\",\"target\":[\"https:\/\/www.oidossucios.com\/site\/vltravioleta-lanzara-su-primer-ep\/\"]}]},{\"@type\":[\"Person\"],\"@id\":\"https:\/\/www.oidossucios.com\/site\/#\/schema\/person\/24559eeb76bf83a63296fb072393a688\",\"name\":\"Oidossucios\",\"image\":{\"@type\":\"ImageObject\",\"@id\":\"https:\/\/www.oidossucios.com\/site\/#personlogo\",\"inLanguage\":\"es\",\"url\":\"https:\/\/secure.gravatar.com\/avatar\/74fcb480f42f1a33e50a0b6e6369a3f907be2e43dc84fa5f76c66e9c22b4a5ab?s=96&d=mm&r=g\",\"caption\":\"Oidossucios\"},\"sameAs\":[\"https:\/\/twitter.com\/oidossucios\"]}]}<\/script>\n<!-- \/ Yoast SEO plugin. -->","jetpack_sharing_enabled":true,"_links":{"self":[{"href":"https:\/\/www.oidossucios.com\/site\/wp-json\/wp\/v2\/posts\/6789","targetHints":{"allow":["GET"]}}],"collection":[{"href":"https:\/\/www.oidossucios.com\/site\/wp-json\/wp\/v2\/posts"}],"about":[{"href":"https:\/\/www.oidossucios.com\/site\/wp-json\/wp\/v2\/types\/post"}],"author":[{"embeddable":true,"href":"https:\/\/www.oidossucios.com\/site\/wp-json\/wp\/v2\/users\/4"}],"replies":[{"embeddable":true,"href":"https:\/\/www.oidossucios.com\/site\/wp-json\/wp\/v2\/comments?post=6789"}],"version-history":[{"count":0,"href":"https:\/\/www.oidossucios.com\/site\/wp-json\/wp\/v2\/posts\/6789\/revisions"}],"wp:featuredmedia":[{"embeddable":true,"href":"https:\/\/www.oidossucios.com\/site\/wp-json\/wp\/v2\/media\/100006789"}],"wp:attachment":[{"href":"https:\/\/www.oidossucios.com\/site\/wp-json\/wp\/v2\/media?parent=6789"}],"wp:term":[{"taxonomy":"category","embeddable":true,"href":"https:\/\/www.oidossucios.com\/site\/wp-json\/wp\/v2\/categories?post=6789"},{"taxonomy":"post_tag","embeddable":true,"href":"https:\/\/www.oidossucios.com\/site\/wp-json\/wp\/v2\/tags?post=6789"}],"curies":[{"name":"wp","href":"https:\/\/api.w.org\/{rel}","templated":true}]}}