{"id":6823,"date":"2013-02-13T18:11:00","date_gmt":"2013-02-13T18:11:00","guid":{"rendered":"https:\/\/www.oidossucios.com\/site\/2013\/02\/13\/lavu-duban-lanza-su-primer-disco\/"},"modified":"2013-02-13T18:11:00","modified_gmt":"2013-02-13T18:11:00","slug":"lavu-duban-lanza-su-primer-disco","status":"publish","type":"post","link":"https:\/\/www.oidossucios.com\/site\/lavu-duban-lanza-su-primer-disco\/","title":{"rendered":"Lavu Duban lanza su primer disco"},"content":{"rendered":"<p>Tras varios a\u00f1os de trabajo, la agrupaci\u00f3n de rock Lavu Dub\u00e1n lanza su primera placa discogr\u00e1fica de t\u00edtulo hom\u00f3nimo, una co-producci\u00f3n de la banda y el sello discogr\u00e1fico &#8220;Souvenir&#8221;, perteneciente a Interamericana de Grabaciones (Integra).<\/p>\n<p>El nuevo disco de la banda venezolana, cargado de narrativa e historias, cont\u00f3 con la producci\u00f3n de Jorge Spiteri, la grabaci\u00f3n y mezcla de Daniel Montesinos, y fue grabado y masterizado entre el 2009 y el 2012 en Spiteri Records, estudios de Bol\u00edvar Films. La fotograf\u00eda y el arte, estuvieron a cargo de Adolfo German y Jonathan Montoya, respectivamente.<\/p>\n<p>Tras lograr rotaci\u00f3n nacional a trav\u00e9s del circuito Mega del primer sencillo titulado &#8220;Ojos de Noche&#8221;, los tachirenses dan fuerza a este lanzamiento con la presentaci\u00f3n del video del segundo sencillo promocional titulado &#8220;Persiguiendo el Rock n\u00b4 Roll&#8221;.<\/p>\n<p>En rueda de prensa, realizada este mi\u00e9rcoles en el Restaurant Zen de la capital tachirense, los miembros de la banda presentaron unas caricaturas en digital, que representan parte del concepto visual del disco y una de las canciones de la placa titulada &#8220;Coyote&#8221;. Asimismo, dieron a conocer su primer video musical, grabado en exteriores, en diversos puntos de San Crist\u00f3bal y bajo la direcci\u00f3n del equipo de&nbsp; &#8220;Piment\u00f3n Estudio&#8221;.<\/p>\n<p>Para celebrar con sus seguidores y tocar las nuevas canciones en vivo, los tachirenses planean realizar un show especial del lanzamiento del disco, el pr\u00f3ximo 16 de febrero en Solof\u00fatbol a partir de las 8pm.<\/p>\n<p>Sobre el disco, la banda declar\u00f3: &#8220;Este lanzamiento representa para nosotros la culminaci\u00f3n de una etapa que empezamos en 2008, pero al mismo tiempo es un despegue para nuevos retos que emprenderemos como banda&#8221;.<\/p>\n<p>&#8220;Es el resultado de la captaci\u00f3n de c\u00f3mo percibimos la m\u00fasica en cierto punto del tiempo desde que la creamos. Las letras est\u00e1n escritas buscando la universalidad. Tiene mucha crudeza y quisimos reflejar las ra\u00edces del g\u00e9nero a trav\u00e9s de la incorporaci\u00f3n de elementos como el Blues, rock n roll, country, y el folk, logrando una buena adaptaci\u00f3n al espa\u00f1ol y con letras que tuvieran contenido&#8221; finalizaron.<\/p>\n<p>Tracklist:<\/p>\n<p>110.<br \/>Si Tuviera<br \/>Zapatero Siciliano<br \/>Persiguiendo el Rock n\u00b4 Roll<br \/>Irreal<br \/>Ojos de Noche<br \/>Coyote<br \/>Noches Blancas<br \/>Seductora Adicci\u00f3n<br \/>10<br \/>Sin Lugar<br \/>El techo del Universo<\/p>\n<p>M\u00e1s info:<br \/>@lavuduban<br \/>Fb: Lavudubanoficial <a href=\"http:\/\/www.lavuduban.com\/\"><br \/>www.lavuduban.com<\/a><![endif]--><!--[if gte mso 10]> <\/style>\n\n <![endif]--><\/p>\n","protected":false},"excerpt":{"rendered":"<p>Tras varios a\u00f1os de trabajo, Lavu Dub\u00e1n lanza su primera placa discogr\u00e1fica de t\u00edtulo hom\u00f3nimo, producida por Jorge Spiteri.<\/p>\n","protected":false},"author":4,"featured_media":100006823,"comment_status":"open","ping_status":"open","sticky":false,"template":"","format":"standard","meta":{"_jetpack_memberships_contains_paid_content":false,"footnotes":""},"categories":[250],"tags":[],"class_list":["post-6823","post","type-post","status-publish","format-standard","has-post-thumbnail","hentry","category-noticias"],"jetpack_featured_media_url":"https:\/\/www.oidossucios.com\/site\/wp-content\/uploads\/2013\/02\/6823.jpg","yoast_head":"<!-- This site is optimized with the Yoast SEO plugin v14.0.4 - https:\/\/yoast.com\/wordpress\/plugins\/seo\/ -->\n<title>Lavu Duban lanza su primer disco - OidosSucios.Com<\/title>\n<meta name=\"description\" content=\"Tras varios a\u00f1os de trabajo, Lavu Dub\u00e1n lanza su primera placa discogr\u00e1fica de t\u00edtulo hom\u00f3nimo, producida por Jorge Spiteri.\" \/>\n<meta name=\"robots\" content=\"index, follow\" \/>\n<meta name=\"googlebot\" content=\"index, follow, max-snippet:-1, max-image-preview:large, max-video-preview:-1\" \/>\n<meta name=\"bingbot\" content=\"index, follow, max-snippet:-1, max-image-preview:large, max-video-preview:-1\" \/>\n<link rel=\"canonical\" href=\"https:\/\/www.oidossucios.com\/site\/lavu-duban-lanza-su-primer-disco\/\" \/>\n<meta property=\"og:locale\" content=\"es_ES\" \/>\n<meta property=\"og:type\" content=\"article\" \/>\n<meta property=\"og:title\" content=\"Lavu Duban lanza su primer disco - OidosSucios.Com\" \/>\n<meta property=\"og:description\" content=\"Tras varios a\u00f1os de trabajo, Lavu Dub\u00e1n lanza su primera placa discogr\u00e1fica de t\u00edtulo hom\u00f3nimo, producida por Jorge Spiteri.\" \/>\n<meta property=\"og:url\" content=\"https:\/\/www.oidossucios.com\/site\/lavu-duban-lanza-su-primer-disco\/\" \/>\n<meta property=\"og:site_name\" content=\"OidosSucios.Com\" \/>\n<meta property=\"article:published_time\" content=\"2013-02-13T18:11:00+00:00\" \/>\n<meta property=\"og:image\" content=\"https:\/\/www.oidossucios.com\/site\/wp-content\/uploads\/2013\/02\/6823.jpg\" \/>\n\t<meta property=\"og:image:width\" content=\"350\" \/>\n\t<meta property=\"og:image:height\" content=\"300\" \/>\n<meta name=\"twitter:card\" content=\"summary_large_image\" \/>\n<meta name=\"twitter:creator\" content=\"@oidossucios\" \/>\n<script type=\"application\/ld+json\" class=\"yoast-schema-graph\">{\"@context\":\"https:\/\/schema.org\",\"@graph\":[{\"@type\":\"WebSite\",\"@id\":\"https:\/\/www.oidossucios.com\/site\/#website\",\"url\":\"https:\/\/www.oidossucios.com\/site\/\",\"name\":\"OidosSucios.Com\",\"description\":\"M\\u00fasica, conciertos, discos\",\"potentialAction\":[{\"@type\":\"SearchAction\",\"target\":\"https:\/\/www.oidossucios.com\/site\/?s={search_term_string}\",\"query-input\":\"required name=search_term_string\"}],\"inLanguage\":\"es\"},{\"@type\":\"ImageObject\",\"@id\":\"https:\/\/www.oidossucios.com\/site\/lavu-duban-lanza-su-primer-disco\/#primaryimage\",\"inLanguage\":\"es\",\"url\":\"https:\/\/www.oidossucios.com\/site\/wp-content\/uploads\/2013\/02\/6823.jpg\",\"width\":350,\"height\":300},{\"@type\":\"WebPage\",\"@id\":\"https:\/\/www.oidossucios.com\/site\/lavu-duban-lanza-su-primer-disco\/#webpage\",\"url\":\"https:\/\/www.oidossucios.com\/site\/lavu-duban-lanza-su-primer-disco\/\",\"name\":\"Lavu Duban lanza su primer disco - OidosSucios.Com\",\"isPartOf\":{\"@id\":\"https:\/\/www.oidossucios.com\/site\/#website\"},\"primaryImageOfPage\":{\"@id\":\"https:\/\/www.oidossucios.com\/site\/lavu-duban-lanza-su-primer-disco\/#primaryimage\"},\"datePublished\":\"2013-02-13T18:11:00+00:00\",\"dateModified\":\"2013-02-13T18:11:00+00:00\",\"author\":{\"@id\":\"https:\/\/www.oidossucios.com\/site\/#\/schema\/person\/24559eeb76bf83a63296fb072393a688\"},\"description\":\"Tras varios a\\u00f1os de trabajo, Lavu Dub\\u00e1n lanza su primera placa discogr\\u00e1fica de t\\u00edtulo hom\\u00f3nimo, producida por Jorge Spiteri.\",\"inLanguage\":\"es\",\"potentialAction\":[{\"@type\":\"ReadAction\",\"target\":[\"https:\/\/www.oidossucios.com\/site\/lavu-duban-lanza-su-primer-disco\/\"]}]},{\"@type\":[\"Person\"],\"@id\":\"https:\/\/www.oidossucios.com\/site\/#\/schema\/person\/24559eeb76bf83a63296fb072393a688\",\"name\":\"Oidossucios\",\"image\":{\"@type\":\"ImageObject\",\"@id\":\"https:\/\/www.oidossucios.com\/site\/#personlogo\",\"inLanguage\":\"es\",\"url\":\"https:\/\/secure.gravatar.com\/avatar\/74fcb480f42f1a33e50a0b6e6369a3f907be2e43dc84fa5f76c66e9c22b4a5ab?s=96&d=mm&r=g\",\"caption\":\"Oidossucios\"},\"sameAs\":[\"https:\/\/twitter.com\/oidossucios\"]}]}<\/script>\n<!-- \/ Yoast SEO plugin. -->","jetpack_sharing_enabled":true,"_links":{"self":[{"href":"https:\/\/www.oidossucios.com\/site\/wp-json\/wp\/v2\/posts\/6823","targetHints":{"allow":["GET"]}}],"collection":[{"href":"https:\/\/www.oidossucios.com\/site\/wp-json\/wp\/v2\/posts"}],"about":[{"href":"https:\/\/www.oidossucios.com\/site\/wp-json\/wp\/v2\/types\/post"}],"author":[{"embeddable":true,"href":"https:\/\/www.oidossucios.com\/site\/wp-json\/wp\/v2\/users\/4"}],"replies":[{"embeddable":true,"href":"https:\/\/www.oidossucios.com\/site\/wp-json\/wp\/v2\/comments?post=6823"}],"version-history":[{"count":0,"href":"https:\/\/www.oidossucios.com\/site\/wp-json\/wp\/v2\/posts\/6823\/revisions"}],"wp:featuredmedia":[{"embeddable":true,"href":"https:\/\/www.oidossucios.com\/site\/wp-json\/wp\/v2\/media\/100006823"}],"wp:attachment":[{"href":"https:\/\/www.oidossucios.com\/site\/wp-json\/wp\/v2\/media?parent=6823"}],"wp:term":[{"taxonomy":"category","embeddable":true,"href":"https:\/\/www.oidossucios.com\/site\/wp-json\/wp\/v2\/categories?post=6823"},{"taxonomy":"post_tag","embeddable":true,"href":"https:\/\/www.oidossucios.com\/site\/wp-json\/wp\/v2\/tags?post=6823"}],"curies":[{"name":"wp","href":"https:\/\/api.w.org\/{rel}","templated":true}]}}