{"id":6827,"date":"2013-02-14T15:10:00","date_gmt":"2013-02-14T15:10:00","guid":{"rendered":"https:\/\/www.oidossucios.com\/site\/2013\/02\/14\/barquisimeto-da-inicio-a-la-orquesta-experimental-de-rock-larense\/"},"modified":"2013-02-14T15:10:00","modified_gmt":"2013-02-14T15:10:00","slug":"barquisimeto-da-inicio-a-la-orquesta-experimental-de-rock-larense","status":"publish","type":"post","link":"https:\/\/www.oidossucios.com\/site\/barquisimeto-da-inicio-a-la-orquesta-experimental-de-rock-larense\/","title":{"rendered":"Barquisimeto da inicio a la Orquesta Experimental de Rock Larense"},"content":{"rendered":"<p>Barquisimeto, la capital musical de Venezuela, da inicio a la &#8220;Orquesta Experimental de Rock Larense&#8221;, conformada por j\u00f3venes integrantes del Sistema de Orquesta de Lara, m\u00fasicos populares de bandas barquisimetanas, artistas pl\u00e1sticos, dise\u00f1adores, ilustradores, danza contempor\u00e1nea, Vjs, Djs, y El Coro Experimental de Rock, entre otros performance m\u00e1s.<\/p>\n<p>M\u00e1s que una Orquesta &#8220;Experimental&#8221;, como su nombre lo dice, se conforma por innumerables tendencias art\u00edsticas, donde el pretexto musical es el Rock (Sin generalizar este estilo musical).<\/p>\n<p>La propuesta surge por iniciativa del joven Jes\u00fas V\u00e1squez, quien ha llevado este estilo musical denominado &#8220;Rock Sinf\u00f3nico&#8221;, principalmente en su ex-agrupaci\u00f3n Akashiaft, y actualmente con su proyecto solista &#8220;Percucello&#8221;, y quien estuvo cargo a la batuta del Estreno Latinoamericano del &#8220;Concierto Suite para Guitarra El\u00e9ctrica y Orquesta de Yngwie Malsteen&#8221;, donde el solista guitarrista\/arreglista fue Carlos Mosquera (integrante de Nota Profana y la Orquesta Sinf\u00f3nica Sim\u00f3n Bol\u00edvar).<\/p>\n<p>El primer concierto de la Orquesta Experimental de Rock ser\u00e1:<\/p>\n<p>Fecha: S\u00e1bado 02 de Marzo 2013<br \/>Lugar: Auditorio &#8220;Ambrosio Oropeza&#8221; (UCLA) Barquisimeto<br \/>Hora: 07:00pm<br \/>Costo: Entrada Libre (Gratis)<\/p>\n<p>M\u00e1s info:<br \/>Twitter: <a href=\"https:\/\/twitter.com\/OrquestaRock\">@OrquestaRock<\/a><a href=\"http:\/\/www.facebook.com\/OrquestaExperimentalDeRock?fref=ts\"><br \/>Facebook<\/a><br \/>@Percucello<![endif]--><!--[if gte mso 10]> <\/style>\n\n <![endif]--><\/p>\n","protected":false},"excerpt":{"rendered":"<p>Barquisimeto, la capital musical de Venezuela, da inicio a la &#8220;Orquesta Experimental de Rock Larense&#8221;, conformada por j\u00f3venes integrantes del Sistema de Orquesta de Lara, m\u00fasicos populares de bandas barquisimetanas, artistas pl\u00e1sticos, dise\u00f1adores, ilustradores, danza contempor\u00e1nea, Vjs, Djs, y El Coro Experimental de Rock, entre otros performance m\u00e1s. M\u00e1s que una Orquesta &#8220;Experimental&#8221;, como su [&hellip;]<\/p>\n","protected":false},"author":4,"featured_media":100006827,"comment_status":"open","ping_status":"open","sticky":false,"template":"","format":"standard","meta":{"_jetpack_memberships_contains_paid_content":false,"footnotes":""},"categories":[142],"tags":[],"class_list":["post-6827","post","type-post","status-publish","format-standard","has-post-thumbnail","hentry","category-buzznews"],"jetpack_featured_media_url":"https:\/\/www.oidossucios.com\/site\/wp-content\/uploads\/2013\/02\/6827.jpg","yoast_head":"<!-- This site is optimized with the Yoast SEO plugin v14.0.4 - https:\/\/yoast.com\/wordpress\/plugins\/seo\/ -->\n<title>Barquisimeto da inicio a la Orquesta Experimental de Rock Larense - OidosSucios.Com<\/title>\n<meta name=\"robots\" content=\"index, follow\" \/>\n<meta name=\"googlebot\" content=\"index, follow, max-snippet:-1, max-image-preview:large, max-video-preview:-1\" \/>\n<meta name=\"bingbot\" content=\"index, follow, max-snippet:-1, max-image-preview:large, max-video-preview:-1\" \/>\n<link rel=\"canonical\" href=\"https:\/\/www.oidossucios.com\/site\/barquisimeto-da-inicio-a-la-orquesta-experimental-de-rock-larense\/\" \/>\n<meta property=\"og:locale\" content=\"es_ES\" \/>\n<meta property=\"og:type\" content=\"article\" \/>\n<meta property=\"og:title\" content=\"Barquisimeto da inicio a la Orquesta Experimental de Rock Larense - OidosSucios.Com\" \/>\n<meta property=\"og:description\" content=\"Barquisimeto, la capital musical de Venezuela, da inicio a la &#8220;Orquesta Experimental de Rock Larense&#8221;, conformada por j\u00f3venes integrantes del Sistema de Orquesta de Lara, m\u00fasicos populares de bandas barquisimetanas, artistas pl\u00e1sticos, dise\u00f1adores, ilustradores, danza contempor\u00e1nea, Vjs, Djs, y El Coro Experimental de Rock, entre otros performance m\u00e1s. M\u00e1s que una Orquesta &#8220;Experimental&#8221;, como su [&hellip;]\" \/>\n<meta property=\"og:url\" content=\"https:\/\/www.oidossucios.com\/site\/barquisimeto-da-inicio-a-la-orquesta-experimental-de-rock-larense\/\" \/>\n<meta property=\"og:site_name\" content=\"OidosSucios.Com\" \/>\n<meta property=\"article:published_time\" content=\"2013-02-14T15:10:00+00:00\" \/>\n<meta property=\"og:image\" content=\"https:\/\/www.oidossucios.com\/site\/wp-content\/uploads\/2013\/02\/6827.jpg\" \/>\n\t<meta property=\"og:image:width\" content=\"350\" \/>\n\t<meta property=\"og:image:height\" content=\"300\" \/>\n<meta name=\"twitter:card\" content=\"summary_large_image\" \/>\n<meta name=\"twitter:creator\" content=\"@oidossucios\" \/>\n<script type=\"application\/ld+json\" class=\"yoast-schema-graph\">{\"@context\":\"https:\/\/schema.org\",\"@graph\":[{\"@type\":\"WebSite\",\"@id\":\"https:\/\/www.oidossucios.com\/site\/#website\",\"url\":\"https:\/\/www.oidossucios.com\/site\/\",\"name\":\"OidosSucios.Com\",\"description\":\"M\\u00fasica, conciertos, discos\",\"potentialAction\":[{\"@type\":\"SearchAction\",\"target\":\"https:\/\/www.oidossucios.com\/site\/?s={search_term_string}\",\"query-input\":\"required name=search_term_string\"}],\"inLanguage\":\"es\"},{\"@type\":\"ImageObject\",\"@id\":\"https:\/\/www.oidossucios.com\/site\/barquisimeto-da-inicio-a-la-orquesta-experimental-de-rock-larense\/#primaryimage\",\"inLanguage\":\"es\",\"url\":\"https:\/\/www.oidossucios.com\/site\/wp-content\/uploads\/2013\/02\/6827.jpg\",\"width\":350,\"height\":300},{\"@type\":\"WebPage\",\"@id\":\"https:\/\/www.oidossucios.com\/site\/barquisimeto-da-inicio-a-la-orquesta-experimental-de-rock-larense\/#webpage\",\"url\":\"https:\/\/www.oidossucios.com\/site\/barquisimeto-da-inicio-a-la-orquesta-experimental-de-rock-larense\/\",\"name\":\"Barquisimeto da inicio a la Orquesta Experimental de Rock Larense - OidosSucios.Com\",\"isPartOf\":{\"@id\":\"https:\/\/www.oidossucios.com\/site\/#website\"},\"primaryImageOfPage\":{\"@id\":\"https:\/\/www.oidossucios.com\/site\/barquisimeto-da-inicio-a-la-orquesta-experimental-de-rock-larense\/#primaryimage\"},\"datePublished\":\"2013-02-14T15:10:00+00:00\",\"dateModified\":\"2013-02-14T15:10:00+00:00\",\"author\":{\"@id\":\"https:\/\/www.oidossucios.com\/site\/#\/schema\/person\/24559eeb76bf83a63296fb072393a688\"},\"inLanguage\":\"es\",\"potentialAction\":[{\"@type\":\"ReadAction\",\"target\":[\"https:\/\/www.oidossucios.com\/site\/barquisimeto-da-inicio-a-la-orquesta-experimental-de-rock-larense\/\"]}]},{\"@type\":[\"Person\"],\"@id\":\"https:\/\/www.oidossucios.com\/site\/#\/schema\/person\/24559eeb76bf83a63296fb072393a688\",\"name\":\"Oidossucios\",\"image\":{\"@type\":\"ImageObject\",\"@id\":\"https:\/\/www.oidossucios.com\/site\/#personlogo\",\"inLanguage\":\"es\",\"url\":\"https:\/\/secure.gravatar.com\/avatar\/74fcb480f42f1a33e50a0b6e6369a3f907be2e43dc84fa5f76c66e9c22b4a5ab?s=96&d=mm&r=g\",\"caption\":\"Oidossucios\"},\"sameAs\":[\"https:\/\/twitter.com\/oidossucios\"]}]}<\/script>\n<!-- \/ Yoast SEO plugin. -->","jetpack_sharing_enabled":true,"_links":{"self":[{"href":"https:\/\/www.oidossucios.com\/site\/wp-json\/wp\/v2\/posts\/6827","targetHints":{"allow":["GET"]}}],"collection":[{"href":"https:\/\/www.oidossucios.com\/site\/wp-json\/wp\/v2\/posts"}],"about":[{"href":"https:\/\/www.oidossucios.com\/site\/wp-json\/wp\/v2\/types\/post"}],"author":[{"embeddable":true,"href":"https:\/\/www.oidossucios.com\/site\/wp-json\/wp\/v2\/users\/4"}],"replies":[{"embeddable":true,"href":"https:\/\/www.oidossucios.com\/site\/wp-json\/wp\/v2\/comments?post=6827"}],"version-history":[{"count":0,"href":"https:\/\/www.oidossucios.com\/site\/wp-json\/wp\/v2\/posts\/6827\/revisions"}],"wp:featuredmedia":[{"embeddable":true,"href":"https:\/\/www.oidossucios.com\/site\/wp-json\/wp\/v2\/media\/100006827"}],"wp:attachment":[{"href":"https:\/\/www.oidossucios.com\/site\/wp-json\/wp\/v2\/media?parent=6827"}],"wp:term":[{"taxonomy":"category","embeddable":true,"href":"https:\/\/www.oidossucios.com\/site\/wp-json\/wp\/v2\/categories?post=6827"},{"taxonomy":"post_tag","embeddable":true,"href":"https:\/\/www.oidossucios.com\/site\/wp-json\/wp\/v2\/tags?post=6827"}],"curies":[{"name":"wp","href":"https:\/\/api.w.org\/{rel}","templated":true}]}}