{"id":6830,"date":"2013-02-14T15:48:00","date_gmt":"2013-02-14T15:48:00","guid":{"rendered":"https:\/\/www.oidossucios.com\/site\/2013\/02\/14\/planeador-estara-presente-en-el-mega-weekend-el-17-y-18-de-marzo\/"},"modified":"2013-02-14T15:48:00","modified_gmt":"2013-02-14T15:48:00","slug":"planeador-estara-presente-en-el-mega-weekend-el-17-y-18-de-marzo","status":"publish","type":"post","link":"https:\/\/www.oidossucios.com\/site\/planeador-estara-presente-en-el-mega-weekend-el-17-y-18-de-marzo\/","title":{"rendered":"Planeador estar\u00e1 presente en el Mega Weekend el 17 y 18 de marzo"},"content":{"rendered":"<p>La banda de rock anzoatiguense Planeador es una de las elegidas por la emisora radial La Mega, perteneciente al Circuito Uni\u00f3n Radio, para participar en el Mega Weekend, programa que consiste en sonar durante un fin de semana micros con noticias de una banda seleccionada para esa edici\u00f3n, narradas por los integrantes de la misma, as\u00ed como las canciones m\u00e1s recientes de la agrupaci\u00f3n, comentadas por los miembros de la banda.<\/p>\n<p>Este pr\u00f3ximo fin de semana, espec\u00edficamente los d\u00edas 17 y 18 de febrero, es la cita con Planeador en el Mega Weekend, donde los integrantes de la banda estar\u00e1n relatando c\u00f3mo ha sido su recorrido musical, dar\u00e1n noticias de <i>Barcelona 10C<\/i>, su m\u00e1s reciente disco de estudio, y sonaran sus temas favoritos, extra\u00eddos de esta nueva producci\u00f3n.<![endif]--><!--[if gte mso 10]> <\/style>\n\n <![endif]--><\/p>\n","protected":false},"excerpt":{"rendered":"<p>La banda de rock anzoatiguense Planeador es una de las elegidas por la emisora radial La Mega, perteneciente al Circuito Uni\u00f3n Radio, para participar en el Mega Weekend, programa que consiste en sonar durante un fin de semana micros con noticias de una banda seleccionada para esa edici\u00f3n, narradas por los integrantes de la misma, [&hellip;]<\/p>\n","protected":false},"author":4,"featured_media":100006830,"comment_status":"open","ping_status":"open","sticky":false,"template":"","format":"standard","meta":{"_jetpack_memberships_contains_paid_content":false,"footnotes":""},"categories":[142],"tags":[],"class_list":["post-6830","post","type-post","status-publish","format-standard","has-post-thumbnail","hentry","category-buzznews"],"jetpack_featured_media_url":"https:\/\/www.oidossucios.com\/site\/wp-content\/uploads\/2013\/02\/6830.jpg","yoast_head":"<!-- This site is optimized with the Yoast SEO plugin v14.0.4 - https:\/\/yoast.com\/wordpress\/plugins\/seo\/ -->\n<title>Planeador estar\u00e1 presente en el Mega Weekend el 17 y 18 de marzo - OidosSucios.Com<\/title>\n<meta name=\"robots\" content=\"index, follow\" \/>\n<meta name=\"googlebot\" content=\"index, follow, max-snippet:-1, max-image-preview:large, max-video-preview:-1\" \/>\n<meta name=\"bingbot\" content=\"index, follow, max-snippet:-1, max-image-preview:large, max-video-preview:-1\" \/>\n<link rel=\"canonical\" href=\"https:\/\/www.oidossucios.com\/site\/planeador-estara-presente-en-el-mega-weekend-el-17-y-18-de-marzo\/\" \/>\n<meta property=\"og:locale\" content=\"es_ES\" \/>\n<meta property=\"og:type\" content=\"article\" \/>\n<meta property=\"og:title\" content=\"Planeador estar\u00e1 presente en el Mega Weekend el 17 y 18 de marzo - OidosSucios.Com\" \/>\n<meta property=\"og:description\" content=\"La banda de rock anzoatiguense Planeador es una de las elegidas por la emisora radial La Mega, perteneciente al Circuito Uni\u00f3n Radio, para participar en el Mega Weekend, programa que consiste en sonar durante un fin de semana micros con noticias de una banda seleccionada para esa edici\u00f3n, narradas por los integrantes de la misma, [&hellip;]\" \/>\n<meta property=\"og:url\" content=\"https:\/\/www.oidossucios.com\/site\/planeador-estara-presente-en-el-mega-weekend-el-17-y-18-de-marzo\/\" \/>\n<meta property=\"og:site_name\" content=\"OidosSucios.Com\" \/>\n<meta property=\"article:published_time\" content=\"2013-02-14T15:48:00+00:00\" \/>\n<meta property=\"og:image\" content=\"https:\/\/www.oidossucios.com\/site\/wp-content\/uploads\/2013\/02\/6830.jpg\" \/>\n\t<meta property=\"og:image:width\" content=\"350\" \/>\n\t<meta property=\"og:image:height\" content=\"300\" \/>\n<meta name=\"twitter:card\" content=\"summary_large_image\" \/>\n<meta name=\"twitter:creator\" content=\"@oidossucios\" \/>\n<script type=\"application\/ld+json\" class=\"yoast-schema-graph\">{\"@context\":\"https:\/\/schema.org\",\"@graph\":[{\"@type\":\"WebSite\",\"@id\":\"https:\/\/www.oidossucios.com\/site\/#website\",\"url\":\"https:\/\/www.oidossucios.com\/site\/\",\"name\":\"OidosSucios.Com\",\"description\":\"M\\u00fasica, conciertos, discos\",\"potentialAction\":[{\"@type\":\"SearchAction\",\"target\":\"https:\/\/www.oidossucios.com\/site\/?s={search_term_string}\",\"query-input\":\"required name=search_term_string\"}],\"inLanguage\":\"es\"},{\"@type\":\"ImageObject\",\"@id\":\"https:\/\/www.oidossucios.com\/site\/planeador-estara-presente-en-el-mega-weekend-el-17-y-18-de-marzo\/#primaryimage\",\"inLanguage\":\"es\",\"url\":\"https:\/\/www.oidossucios.com\/site\/wp-content\/uploads\/2013\/02\/6830.jpg\",\"width\":350,\"height\":300},{\"@type\":\"WebPage\",\"@id\":\"https:\/\/www.oidossucios.com\/site\/planeador-estara-presente-en-el-mega-weekend-el-17-y-18-de-marzo\/#webpage\",\"url\":\"https:\/\/www.oidossucios.com\/site\/planeador-estara-presente-en-el-mega-weekend-el-17-y-18-de-marzo\/\",\"name\":\"Planeador estar\\u00e1 presente en el Mega Weekend el 17 y 18 de marzo - OidosSucios.Com\",\"isPartOf\":{\"@id\":\"https:\/\/www.oidossucios.com\/site\/#website\"},\"primaryImageOfPage\":{\"@id\":\"https:\/\/www.oidossucios.com\/site\/planeador-estara-presente-en-el-mega-weekend-el-17-y-18-de-marzo\/#primaryimage\"},\"datePublished\":\"2013-02-14T15:48:00+00:00\",\"dateModified\":\"2013-02-14T15:48:00+00:00\",\"author\":{\"@id\":\"https:\/\/www.oidossucios.com\/site\/#\/schema\/person\/24559eeb76bf83a63296fb072393a688\"},\"inLanguage\":\"es\",\"potentialAction\":[{\"@type\":\"ReadAction\",\"target\":[\"https:\/\/www.oidossucios.com\/site\/planeador-estara-presente-en-el-mega-weekend-el-17-y-18-de-marzo\/\"]}]},{\"@type\":[\"Person\"],\"@id\":\"https:\/\/www.oidossucios.com\/site\/#\/schema\/person\/24559eeb76bf83a63296fb072393a688\",\"name\":\"Oidossucios\",\"image\":{\"@type\":\"ImageObject\",\"@id\":\"https:\/\/www.oidossucios.com\/site\/#personlogo\",\"inLanguage\":\"es\",\"url\":\"https:\/\/secure.gravatar.com\/avatar\/74fcb480f42f1a33e50a0b6e6369a3f907be2e43dc84fa5f76c66e9c22b4a5ab?s=96&d=mm&r=g\",\"caption\":\"Oidossucios\"},\"sameAs\":[\"https:\/\/twitter.com\/oidossucios\"]}]}<\/script>\n<!-- \/ Yoast SEO plugin. -->","jetpack_sharing_enabled":true,"_links":{"self":[{"href":"https:\/\/www.oidossucios.com\/site\/wp-json\/wp\/v2\/posts\/6830","targetHints":{"allow":["GET"]}}],"collection":[{"href":"https:\/\/www.oidossucios.com\/site\/wp-json\/wp\/v2\/posts"}],"about":[{"href":"https:\/\/www.oidossucios.com\/site\/wp-json\/wp\/v2\/types\/post"}],"author":[{"embeddable":true,"href":"https:\/\/www.oidossucios.com\/site\/wp-json\/wp\/v2\/users\/4"}],"replies":[{"embeddable":true,"href":"https:\/\/www.oidossucios.com\/site\/wp-json\/wp\/v2\/comments?post=6830"}],"version-history":[{"count":0,"href":"https:\/\/www.oidossucios.com\/site\/wp-json\/wp\/v2\/posts\/6830\/revisions"}],"wp:featuredmedia":[{"embeddable":true,"href":"https:\/\/www.oidossucios.com\/site\/wp-json\/wp\/v2\/media\/100006830"}],"wp:attachment":[{"href":"https:\/\/www.oidossucios.com\/site\/wp-json\/wp\/v2\/media?parent=6830"}],"wp:term":[{"taxonomy":"category","embeddable":true,"href":"https:\/\/www.oidossucios.com\/site\/wp-json\/wp\/v2\/categories?post=6830"},{"taxonomy":"post_tag","embeddable":true,"href":"https:\/\/www.oidossucios.com\/site\/wp-json\/wp\/v2\/tags?post=6830"}],"curies":[{"name":"wp","href":"https:\/\/api.w.org\/{rel}","templated":true}]}}