{"id":6836,"date":"2013-02-15T17:38:00","date_gmt":"2013-02-15T17:38:00","guid":{"rendered":"https:\/\/www.oidossucios.com\/site\/2013\/02\/15\/los-bunkers-resultaron-sin-danos-en-accidente-que-involucro-a-su-autobus\/"},"modified":"2013-02-15T17:38:00","modified_gmt":"2013-02-15T17:38:00","slug":"los-bunkers-resultaron-sin-danos-en-accidente-que-involucro-a-su-autobus","status":"publish","type":"post","link":"https:\/\/www.oidossucios.com\/site\/los-bunkers-resultaron-sin-danos-en-accidente-que-involucro-a-su-autobus\/","title":{"rendered":"Los Bunkers resultaron sin da\u00f1os en accidente que involucr\u00f3 a su autob\u00fas"},"content":{"rendered":"<p>Los miembros del grupo chileno Los Bunkers y su equipo se vieron involucrados esta ma\u00f1ana en un accidente automovil\u00edstico en la Regi\u00f3n del Biob\u00edo, Chile, que afect\u00f3 a dos buses y una camioneta.<\/p>\n<p>Uno de ellos fue el de Los Bunkers, que se encuentran de gira por el sur de su pa\u00eds. Ni de ellos ni de su staff se report\u00f3 ning\u00fan lesionado y solo se registraron da\u00f1os materiales, seg\u00fan confirmaron desde su equipo de producci\u00f3n a Cooperativa.<\/p>\n<p>El accidente, eso s\u00ed, dej\u00f3 10 heridos de car\u00e1cter leve, que fueron llevados al Hospital de Mulch\u00e9n. De acuerdo a lo establecido por autoridades chilenas, cerca de un peaje en la carretera uno de los veh\u00edculos fren\u00f3 intempestivamente, lo que dio pie a la colisi\u00f3n entre los dos buses y la camioneta.<\/p>\n<p>La noticia ya ha generado revuelo en las redes sociales, pero la banda comunic\u00f3 a trav\u00e9s de <a href=\"https:\/\/twitter.com\/Los_Bunkers\">Twitter<\/a>que no sufrieron da\u00f1o alguno y continuar\u00e1n con su gira.<\/p>\n<p>Fuente: www.cooperativa.cl<![endif]--><!--[if gte mso 10]> <\/style>\n\n <![endif]--><\/p>\n","protected":false},"excerpt":{"rendered":"<p>Los miembros del grupo chileno Los Bunkers y su equipo se vieron involucrados esta ma\u00f1ana en un accidente automovil\u00edstico en la Regi\u00f3n del Biob\u00edo, Chile, que afect\u00f3 a dos buses y una camioneta. Uno de ellos fue el de Los Bunkers, que se encuentran de gira por el sur de su pa\u00eds. Ni de ellos [&hellip;]<\/p>\n","protected":false},"author":4,"featured_media":0,"comment_status":"open","ping_status":"open","sticky":false,"template":"","format":"standard","meta":{"_jetpack_memberships_contains_paid_content":false,"footnotes":""},"categories":[142],"tags":[],"class_list":["post-6836","post","type-post","status-publish","format-standard","hentry","category-buzznews"],"jetpack_featured_media_url":"","yoast_head":"<!-- This site is optimized with the Yoast SEO plugin v14.0.4 - https:\/\/yoast.com\/wordpress\/plugins\/seo\/ -->\n<title>Los Bunkers resultaron sin da\u00f1os en accidente que involucr\u00f3 a su autob\u00fas - OidosSucios.Com<\/title>\n<meta name=\"robots\" content=\"index, follow\" \/>\n<meta name=\"googlebot\" content=\"index, follow, max-snippet:-1, max-image-preview:large, max-video-preview:-1\" \/>\n<meta name=\"bingbot\" content=\"index, follow, max-snippet:-1, max-image-preview:large, max-video-preview:-1\" \/>\n<link rel=\"canonical\" href=\"https:\/\/www.oidossucios.com\/site\/los-bunkers-resultaron-sin-danos-en-accidente-que-involucro-a-su-autobus\/\" \/>\n<meta property=\"og:locale\" content=\"es_ES\" \/>\n<meta property=\"og:type\" content=\"article\" \/>\n<meta property=\"og:title\" content=\"Los Bunkers resultaron sin da\u00f1os en accidente que involucr\u00f3 a su autob\u00fas - OidosSucios.Com\" \/>\n<meta property=\"og:description\" content=\"Los miembros del grupo chileno Los Bunkers y su equipo se vieron involucrados esta ma\u00f1ana en un accidente automovil\u00edstico en la Regi\u00f3n del Biob\u00edo, Chile, que afect\u00f3 a dos buses y una camioneta. Uno de ellos fue el de Los Bunkers, que se encuentran de gira por el sur de su pa\u00eds. Ni de ellos [&hellip;]\" \/>\n<meta property=\"og:url\" content=\"https:\/\/www.oidossucios.com\/site\/los-bunkers-resultaron-sin-danos-en-accidente-que-involucro-a-su-autobus\/\" \/>\n<meta property=\"og:site_name\" content=\"OidosSucios.Com\" \/>\n<meta property=\"article:published_time\" content=\"2013-02-15T17:38:00+00:00\" \/>\n<meta name=\"twitter:card\" content=\"summary_large_image\" \/>\n<meta name=\"twitter:creator\" content=\"@oidossucios\" \/>\n<script type=\"application\/ld+json\" class=\"yoast-schema-graph\">{\"@context\":\"https:\/\/schema.org\",\"@graph\":[{\"@type\":\"WebSite\",\"@id\":\"https:\/\/www.oidossucios.com\/site\/#website\",\"url\":\"https:\/\/www.oidossucios.com\/site\/\",\"name\":\"OidosSucios.Com\",\"description\":\"M\\u00fasica, conciertos, discos\",\"potentialAction\":[{\"@type\":\"SearchAction\",\"target\":\"https:\/\/www.oidossucios.com\/site\/?s={search_term_string}\",\"query-input\":\"required name=search_term_string\"}],\"inLanguage\":\"es\"},{\"@type\":\"WebPage\",\"@id\":\"https:\/\/www.oidossucios.com\/site\/los-bunkers-resultaron-sin-danos-en-accidente-que-involucro-a-su-autobus\/#webpage\",\"url\":\"https:\/\/www.oidossucios.com\/site\/los-bunkers-resultaron-sin-danos-en-accidente-que-involucro-a-su-autobus\/\",\"name\":\"Los Bunkers resultaron sin da\\u00f1os en accidente que involucr\\u00f3 a su autob\\u00fas - OidosSucios.Com\",\"isPartOf\":{\"@id\":\"https:\/\/www.oidossucios.com\/site\/#website\"},\"datePublished\":\"2013-02-15T17:38:00+00:00\",\"dateModified\":\"2013-02-15T17:38:00+00:00\",\"author\":{\"@id\":\"https:\/\/www.oidossucios.com\/site\/#\/schema\/person\/24559eeb76bf83a63296fb072393a688\"},\"inLanguage\":\"es\",\"potentialAction\":[{\"@type\":\"ReadAction\",\"target\":[\"https:\/\/www.oidossucios.com\/site\/los-bunkers-resultaron-sin-danos-en-accidente-que-involucro-a-su-autobus\/\"]}]},{\"@type\":[\"Person\"],\"@id\":\"https:\/\/www.oidossucios.com\/site\/#\/schema\/person\/24559eeb76bf83a63296fb072393a688\",\"name\":\"Oidossucios\",\"image\":{\"@type\":\"ImageObject\",\"@id\":\"https:\/\/www.oidossucios.com\/site\/#personlogo\",\"inLanguage\":\"es\",\"url\":\"https:\/\/secure.gravatar.com\/avatar\/74fcb480f42f1a33e50a0b6e6369a3f907be2e43dc84fa5f76c66e9c22b4a5ab?s=96&d=mm&r=g\",\"caption\":\"Oidossucios\"},\"sameAs\":[\"https:\/\/twitter.com\/oidossucios\"]}]}<\/script>\n<!-- \/ Yoast SEO plugin. -->","jetpack_sharing_enabled":true,"_links":{"self":[{"href":"https:\/\/www.oidossucios.com\/site\/wp-json\/wp\/v2\/posts\/6836","targetHints":{"allow":["GET"]}}],"collection":[{"href":"https:\/\/www.oidossucios.com\/site\/wp-json\/wp\/v2\/posts"}],"about":[{"href":"https:\/\/www.oidossucios.com\/site\/wp-json\/wp\/v2\/types\/post"}],"author":[{"embeddable":true,"href":"https:\/\/www.oidossucios.com\/site\/wp-json\/wp\/v2\/users\/4"}],"replies":[{"embeddable":true,"href":"https:\/\/www.oidossucios.com\/site\/wp-json\/wp\/v2\/comments?post=6836"}],"version-history":[{"count":0,"href":"https:\/\/www.oidossucios.com\/site\/wp-json\/wp\/v2\/posts\/6836\/revisions"}],"wp:attachment":[{"href":"https:\/\/www.oidossucios.com\/site\/wp-json\/wp\/v2\/media?parent=6836"}],"wp:term":[{"taxonomy":"category","embeddable":true,"href":"https:\/\/www.oidossucios.com\/site\/wp-json\/wp\/v2\/categories?post=6836"},{"taxonomy":"post_tag","embeddable":true,"href":"https:\/\/www.oidossucios.com\/site\/wp-json\/wp\/v2\/tags?post=6836"}],"curies":[{"name":"wp","href":"https:\/\/api.w.org\/{rel}","templated":true}]}}