{"id":6840,"date":"2013-02-15T18:40:00","date_gmt":"2013-02-15T18:40:00","guid":{"rendered":"https:\/\/www.oidossucios.com\/site\/2013\/02\/15\/brandon-flowers-podria-lanzar-nuevo-album-solista\/"},"modified":"2013-02-15T18:40:00","modified_gmt":"2013-02-15T18:40:00","slug":"brandon-flowers-podria-lanzar-nuevo-album-solista","status":"publish","type":"post","link":"https:\/\/www.oidossucios.com\/site\/brandon-flowers-podria-lanzar-nuevo-album-solista\/","title":{"rendered":"Brandon Flowers podr\u00eda lanzar nuevo \u00e1lbum solista"},"content":{"rendered":"<p>El vocalista de The Killers, Brandon Flowers, en entrevista con el sitio WEB australiano, Fasterlouder, habl\u00f3 de la posibilidad de lanzar otro disco solista, seguimiento de su \u00e1lbum debut, <i>Flamingo<\/i> (2010).<\/p>\n<p>Flowers coment\u00f3 que no ha descartado la posibilidad de hacer otro LP en solitario.<\/p>\n<p>&#8220;No s\u00e9, yo no descarto nada. Me encant\u00f3 hacer mi disco en solitario, me encant\u00f3 estar de tour y cantar esas canciones. Esto seguramente puede pasar de nuevo&#8221;.<\/p>\n<p>Fuente: www.warp.la<![endif]--><!--[if gte mso 10]> <\/style>\n\n <![endif]--><\/p>\n","protected":false},"excerpt":{"rendered":"<p>El vocalista de The Killers, Brandon Flowers, en entrevista con el sitio WEB australiano, Fasterlouder, habl\u00f3 de la posibilidad de lanzar otro disco solista, seguimiento de su \u00e1lbum debut, Flamingo (2010). Flowers coment\u00f3 que no ha descartado la posibilidad de hacer otro LP en solitario. &#8220;No s\u00e9, yo no descarto nada. Me encant\u00f3 hacer mi [&hellip;]<\/p>\n","protected":false},"author":4,"featured_media":0,"comment_status":"open","ping_status":"open","sticky":false,"template":"","format":"standard","meta":{"_jetpack_memberships_contains_paid_content":false,"footnotes":""},"categories":[142],"tags":[],"class_list":["post-6840","post","type-post","status-publish","format-standard","hentry","category-buzznews"],"jetpack_featured_media_url":"","yoast_head":"<!-- This site is optimized with the Yoast SEO plugin v14.0.4 - https:\/\/yoast.com\/wordpress\/plugins\/seo\/ -->\n<title>Brandon Flowers podr\u00eda lanzar nuevo \u00e1lbum solista - OidosSucios.Com<\/title>\n<meta name=\"robots\" content=\"index, follow\" \/>\n<meta name=\"googlebot\" content=\"index, follow, max-snippet:-1, max-image-preview:large, max-video-preview:-1\" \/>\n<meta name=\"bingbot\" content=\"index, follow, max-snippet:-1, max-image-preview:large, max-video-preview:-1\" \/>\n<link rel=\"canonical\" href=\"https:\/\/www.oidossucios.com\/site\/brandon-flowers-podria-lanzar-nuevo-album-solista\/\" \/>\n<meta property=\"og:locale\" content=\"es_ES\" \/>\n<meta property=\"og:type\" content=\"article\" \/>\n<meta property=\"og:title\" content=\"Brandon Flowers podr\u00eda lanzar nuevo \u00e1lbum solista - OidosSucios.Com\" \/>\n<meta property=\"og:description\" content=\"El vocalista de The Killers, Brandon Flowers, en entrevista con el sitio WEB australiano, Fasterlouder, habl\u00f3 de la posibilidad de lanzar otro disco solista, seguimiento de su \u00e1lbum debut, Flamingo (2010). Flowers coment\u00f3 que no ha descartado la posibilidad de hacer otro LP en solitario. &#8220;No s\u00e9, yo no descarto nada. Me encant\u00f3 hacer mi [&hellip;]\" \/>\n<meta property=\"og:url\" content=\"https:\/\/www.oidossucios.com\/site\/brandon-flowers-podria-lanzar-nuevo-album-solista\/\" \/>\n<meta property=\"og:site_name\" content=\"OidosSucios.Com\" \/>\n<meta property=\"article:published_time\" content=\"2013-02-15T18:40:00+00:00\" \/>\n<meta name=\"twitter:card\" content=\"summary_large_image\" \/>\n<meta name=\"twitter:creator\" content=\"@oidossucios\" \/>\n<script type=\"application\/ld+json\" class=\"yoast-schema-graph\">{\"@context\":\"https:\/\/schema.org\",\"@graph\":[{\"@type\":\"WebSite\",\"@id\":\"https:\/\/www.oidossucios.com\/site\/#website\",\"url\":\"https:\/\/www.oidossucios.com\/site\/\",\"name\":\"OidosSucios.Com\",\"description\":\"M\\u00fasica, conciertos, discos\",\"potentialAction\":[{\"@type\":\"SearchAction\",\"target\":\"https:\/\/www.oidossucios.com\/site\/?s={search_term_string}\",\"query-input\":\"required name=search_term_string\"}],\"inLanguage\":\"es\"},{\"@type\":\"WebPage\",\"@id\":\"https:\/\/www.oidossucios.com\/site\/brandon-flowers-podria-lanzar-nuevo-album-solista\/#webpage\",\"url\":\"https:\/\/www.oidossucios.com\/site\/brandon-flowers-podria-lanzar-nuevo-album-solista\/\",\"name\":\"Brandon Flowers podr\\u00eda lanzar nuevo \\u00e1lbum solista - OidosSucios.Com\",\"isPartOf\":{\"@id\":\"https:\/\/www.oidossucios.com\/site\/#website\"},\"datePublished\":\"2013-02-15T18:40:00+00:00\",\"dateModified\":\"2013-02-15T18:40:00+00:00\",\"author\":{\"@id\":\"https:\/\/www.oidossucios.com\/site\/#\/schema\/person\/24559eeb76bf83a63296fb072393a688\"},\"inLanguage\":\"es\",\"potentialAction\":[{\"@type\":\"ReadAction\",\"target\":[\"https:\/\/www.oidossucios.com\/site\/brandon-flowers-podria-lanzar-nuevo-album-solista\/\"]}]},{\"@type\":[\"Person\"],\"@id\":\"https:\/\/www.oidossucios.com\/site\/#\/schema\/person\/24559eeb76bf83a63296fb072393a688\",\"name\":\"Oidossucios\",\"image\":{\"@type\":\"ImageObject\",\"@id\":\"https:\/\/www.oidossucios.com\/site\/#personlogo\",\"inLanguage\":\"es\",\"url\":\"https:\/\/secure.gravatar.com\/avatar\/74fcb480f42f1a33e50a0b6e6369a3f907be2e43dc84fa5f76c66e9c22b4a5ab?s=96&d=mm&r=g\",\"caption\":\"Oidossucios\"},\"sameAs\":[\"https:\/\/twitter.com\/oidossucios\"]}]}<\/script>\n<!-- \/ Yoast SEO plugin. -->","jetpack_sharing_enabled":true,"_links":{"self":[{"href":"https:\/\/www.oidossucios.com\/site\/wp-json\/wp\/v2\/posts\/6840","targetHints":{"allow":["GET"]}}],"collection":[{"href":"https:\/\/www.oidossucios.com\/site\/wp-json\/wp\/v2\/posts"}],"about":[{"href":"https:\/\/www.oidossucios.com\/site\/wp-json\/wp\/v2\/types\/post"}],"author":[{"embeddable":true,"href":"https:\/\/www.oidossucios.com\/site\/wp-json\/wp\/v2\/users\/4"}],"replies":[{"embeddable":true,"href":"https:\/\/www.oidossucios.com\/site\/wp-json\/wp\/v2\/comments?post=6840"}],"version-history":[{"count":0,"href":"https:\/\/www.oidossucios.com\/site\/wp-json\/wp\/v2\/posts\/6840\/revisions"}],"wp:attachment":[{"href":"https:\/\/www.oidossucios.com\/site\/wp-json\/wp\/v2\/media?parent=6840"}],"wp:term":[{"taxonomy":"category","embeddable":true,"href":"https:\/\/www.oidossucios.com\/site\/wp-json\/wp\/v2\/categories?post=6840"},{"taxonomy":"post_tag","embeddable":true,"href":"https:\/\/www.oidossucios.com\/site\/wp-json\/wp\/v2\/tags?post=6840"}],"curies":[{"name":"wp","href":"https:\/\/api.w.org\/{rel}","templated":true}]}}