{"id":6842,"date":"2013-02-15T19:01:00","date_gmt":"2013-02-15T19:01:00","guid":{"rendered":"https:\/\/www.oidossucios.com\/site\/2013\/02\/15\/kanye-west-y-will-smith-graban-nueva-musica-juntos-en-brasil\/"},"modified":"2013-02-15T19:01:00","modified_gmt":"2013-02-15T19:01:00","slug":"kanye-west-y-will-smith-graban-nueva-musica-juntos-en-brasil","status":"publish","type":"post","link":"https:\/\/www.oidossucios.com\/site\/kanye-west-y-will-smith-graban-nueva-musica-juntos-en-brasil\/","title":{"rendered":"Kanye West y Will Smith graban nueva m\u00fasica juntos en Brasil"},"content":{"rendered":"<p>El cantante Kanye West y el actor Will Smith se reunieron en un estudio de grabaci\u00f3n en Brasil, durante la celebraci\u00f3n del carnaval de la ciudad, afirm\u00f3 el medio brasile\u00f1o &#8220;EGO&#8221;.<\/p>\n<p>El due\u00f1o del estudio &#8220;DJ Batutinha&#8221;, se\u00f1al\u00f3 que el reconocido rapero viaj\u00f3 al pa\u00eds para conocer el Funk de la regi\u00f3n, como parte de una reuni\u00f3n que se logr\u00f3 con un conocido suyo, al lugar llego con el famoso actor quienes despu\u00e9s de ver el lugar decidieron hacer un proyecto en conjunto, el cual aseguraron que lo terminar\u00e1n en Estados Unidos.<\/p>\n<p>Hace algunos d\u00edas durante el Festival de Rio de Janeiro Kanye West en compa\u00f1\u00eda de Kim Kardashian se encontraron con el actor Will Smith un hotel, donde el famoso protagonista de &#8220;Hombres de Negro&#8221; se hospedaba la habitaci\u00f3n superior a la de la pareja.<\/p>\n<p>Hasta el momento ninguna de las dos estrellas ha comentado sobre la melod\u00eda que grabaron en Brasil, por lo que se espera que en los pr\u00f3ximos d\u00edas sean revelados m\u00e1s detalles.<\/p>\n<p>De ser un nuevo tema de Will Smith, marcar\u00eda su regreso al ambiente musical tras casi ocho a\u00f1os de su \u00faltimo disco <i>Lost &amp; Fond<\/i>.<\/p>\n<p>Fuente: www.mimorelia.com<![endif]--><!--[if gte mso 10]> <\/style>\n\n <![endif]--><\/p>\n","protected":false},"excerpt":{"rendered":"<p>El cantante Kanye West y el actor Will Smith se reunieron en un estudio de grabaci\u00f3n en Brasil, durante la celebraci\u00f3n del carnaval de la ciudad, afirm\u00f3 el medio brasile\u00f1o &#8220;EGO&#8221;. El due\u00f1o del estudio &#8220;DJ Batutinha&#8221;, se\u00f1al\u00f3 que el reconocido rapero viaj\u00f3 al pa\u00eds para conocer el Funk de la regi\u00f3n, como parte de [&hellip;]<\/p>\n","protected":false},"author":4,"featured_media":100006842,"comment_status":"open","ping_status":"open","sticky":false,"template":"","format":"standard","meta":{"_jetpack_memberships_contains_paid_content":false,"footnotes":""},"categories":[142],"tags":[],"class_list":["post-6842","post","type-post","status-publish","format-standard","has-post-thumbnail","hentry","category-buzznews"],"jetpack_featured_media_url":"https:\/\/www.oidossucios.com\/site\/wp-content\/uploads\/2013\/02\/6842.jpg","yoast_head":"<!-- This site is optimized with the Yoast SEO plugin v14.0.4 - https:\/\/yoast.com\/wordpress\/plugins\/seo\/ -->\n<title>Kanye West y Will Smith graban nueva m\u00fasica juntos en Brasil - OidosSucios.Com<\/title>\n<meta name=\"robots\" content=\"index, follow\" \/>\n<meta name=\"googlebot\" content=\"index, follow, max-snippet:-1, max-image-preview:large, max-video-preview:-1\" \/>\n<meta name=\"bingbot\" content=\"index, follow, max-snippet:-1, max-image-preview:large, max-video-preview:-1\" \/>\n<link rel=\"canonical\" href=\"https:\/\/www.oidossucios.com\/site\/kanye-west-y-will-smith-graban-nueva-musica-juntos-en-brasil\/\" \/>\n<meta property=\"og:locale\" content=\"es_ES\" \/>\n<meta property=\"og:type\" content=\"article\" \/>\n<meta property=\"og:title\" content=\"Kanye West y Will Smith graban nueva m\u00fasica juntos en Brasil - OidosSucios.Com\" \/>\n<meta property=\"og:description\" content=\"El cantante Kanye West y el actor Will Smith se reunieron en un estudio de grabaci\u00f3n en Brasil, durante la celebraci\u00f3n del carnaval de la ciudad, afirm\u00f3 el medio brasile\u00f1o &#8220;EGO&#8221;. El due\u00f1o del estudio &#8220;DJ Batutinha&#8221;, se\u00f1al\u00f3 que el reconocido rapero viaj\u00f3 al pa\u00eds para conocer el Funk de la regi\u00f3n, como parte de [&hellip;]\" \/>\n<meta property=\"og:url\" content=\"https:\/\/www.oidossucios.com\/site\/kanye-west-y-will-smith-graban-nueva-musica-juntos-en-brasil\/\" \/>\n<meta property=\"og:site_name\" content=\"OidosSucios.Com\" \/>\n<meta property=\"article:published_time\" content=\"2013-02-15T19:01:00+00:00\" \/>\n<meta property=\"og:image\" content=\"https:\/\/www.oidossucios.com\/site\/wp-content\/uploads\/2013\/02\/6842.jpg\" \/>\n\t<meta property=\"og:image:width\" content=\"580\" \/>\n\t<meta property=\"og:image:height\" content=\"375\" \/>\n<meta name=\"twitter:card\" content=\"summary_large_image\" \/>\n<meta name=\"twitter:creator\" content=\"@oidossucios\" \/>\n<script type=\"application\/ld+json\" class=\"yoast-schema-graph\">{\"@context\":\"https:\/\/schema.org\",\"@graph\":[{\"@type\":\"WebSite\",\"@id\":\"https:\/\/www.oidossucios.com\/site\/#website\",\"url\":\"https:\/\/www.oidossucios.com\/site\/\",\"name\":\"OidosSucios.Com\",\"description\":\"M\\u00fasica, conciertos, discos\",\"potentialAction\":[{\"@type\":\"SearchAction\",\"target\":\"https:\/\/www.oidossucios.com\/site\/?s={search_term_string}\",\"query-input\":\"required name=search_term_string\"}],\"inLanguage\":\"es\"},{\"@type\":\"ImageObject\",\"@id\":\"https:\/\/www.oidossucios.com\/site\/kanye-west-y-will-smith-graban-nueva-musica-juntos-en-brasil\/#primaryimage\",\"inLanguage\":\"es\",\"url\":\"https:\/\/www.oidossucios.com\/site\/wp-content\/uploads\/2013\/02\/6842.jpg\",\"width\":580,\"height\":375},{\"@type\":\"WebPage\",\"@id\":\"https:\/\/www.oidossucios.com\/site\/kanye-west-y-will-smith-graban-nueva-musica-juntos-en-brasil\/#webpage\",\"url\":\"https:\/\/www.oidossucios.com\/site\/kanye-west-y-will-smith-graban-nueva-musica-juntos-en-brasil\/\",\"name\":\"Kanye West y Will Smith graban nueva m\\u00fasica juntos en Brasil - OidosSucios.Com\",\"isPartOf\":{\"@id\":\"https:\/\/www.oidossucios.com\/site\/#website\"},\"primaryImageOfPage\":{\"@id\":\"https:\/\/www.oidossucios.com\/site\/kanye-west-y-will-smith-graban-nueva-musica-juntos-en-brasil\/#primaryimage\"},\"datePublished\":\"2013-02-15T19:01:00+00:00\",\"dateModified\":\"2013-02-15T19:01:00+00:00\",\"author\":{\"@id\":\"https:\/\/www.oidossucios.com\/site\/#\/schema\/person\/24559eeb76bf83a63296fb072393a688\"},\"inLanguage\":\"es\",\"potentialAction\":[{\"@type\":\"ReadAction\",\"target\":[\"https:\/\/www.oidossucios.com\/site\/kanye-west-y-will-smith-graban-nueva-musica-juntos-en-brasil\/\"]}]},{\"@type\":[\"Person\"],\"@id\":\"https:\/\/www.oidossucios.com\/site\/#\/schema\/person\/24559eeb76bf83a63296fb072393a688\",\"name\":\"Oidossucios\",\"image\":{\"@type\":\"ImageObject\",\"@id\":\"https:\/\/www.oidossucios.com\/site\/#personlogo\",\"inLanguage\":\"es\",\"url\":\"https:\/\/secure.gravatar.com\/avatar\/74fcb480f42f1a33e50a0b6e6369a3f907be2e43dc84fa5f76c66e9c22b4a5ab?s=96&d=mm&r=g\",\"caption\":\"Oidossucios\"},\"sameAs\":[\"https:\/\/twitter.com\/oidossucios\"]}]}<\/script>\n<!-- \/ Yoast SEO plugin. -->","jetpack_sharing_enabled":true,"_links":{"self":[{"href":"https:\/\/www.oidossucios.com\/site\/wp-json\/wp\/v2\/posts\/6842","targetHints":{"allow":["GET"]}}],"collection":[{"href":"https:\/\/www.oidossucios.com\/site\/wp-json\/wp\/v2\/posts"}],"about":[{"href":"https:\/\/www.oidossucios.com\/site\/wp-json\/wp\/v2\/types\/post"}],"author":[{"embeddable":true,"href":"https:\/\/www.oidossucios.com\/site\/wp-json\/wp\/v2\/users\/4"}],"replies":[{"embeddable":true,"href":"https:\/\/www.oidossucios.com\/site\/wp-json\/wp\/v2\/comments?post=6842"}],"version-history":[{"count":0,"href":"https:\/\/www.oidossucios.com\/site\/wp-json\/wp\/v2\/posts\/6842\/revisions"}],"wp:featuredmedia":[{"embeddable":true,"href":"https:\/\/www.oidossucios.com\/site\/wp-json\/wp\/v2\/media\/100006842"}],"wp:attachment":[{"href":"https:\/\/www.oidossucios.com\/site\/wp-json\/wp\/v2\/media?parent=6842"}],"wp:term":[{"taxonomy":"category","embeddable":true,"href":"https:\/\/www.oidossucios.com\/site\/wp-json\/wp\/v2\/categories?post=6842"},{"taxonomy":"post_tag","embeddable":true,"href":"https:\/\/www.oidossucios.com\/site\/wp-json\/wp\/v2\/tags?post=6842"}],"curies":[{"name":"wp","href":"https:\/\/api.w.org\/{rel}","templated":true}]}}