{"id":6844,"date":"2013-02-18T06:33:00","date_gmt":"2013-02-18T06:33:00","guid":{"rendered":"https:\/\/www.oidossucios.com\/site\/2013\/02\/18\/morrissey-cancela-mas-fechas-en-eeuu-y-publica-un-comunicado\/"},"modified":"2013-02-18T06:33:00","modified_gmt":"2013-02-18T06:33:00","slug":"morrissey-cancela-mas-fechas-en-eeuu-y-publica-un-comunicado","status":"publish","type":"post","link":"https:\/\/www.oidossucios.com\/site\/morrissey-cancela-mas-fechas-en-eeuu-y-publica-un-comunicado\/","title":{"rendered":"Morrissey cancela m\u00e1s fechas en EEUU y publica un &#8220;comunicado&#8221;"},"content":{"rendered":"<p>Por cuarta ocasi\u00f3n (19 fechas en total) y por la misma raz\u00f3n (\u00falcera hemorr\u00e1gica), se han cancelado los pr\u00f3ximos conciertos de Morrissey en Denver, CO., Salt Lake City, UT. y San Francisco, CA.<\/p>\n<p>Ahora, Morrissey escribi\u00f3 una disculpa p\u00fablica a todos los afectados, donde se nota que no ha perdido su sentido del humor:<\/p>\n<p>&#8220;Pido disculpas a un grado casi molesto por cualquier problema que haya causado, a esos que hicieron planes de viajar, que contrataron ni\u00f1eras para sus perros, por el desembolso en los boletos y por esos peinados re moldeados.<\/p>\n<p>Estoy muy consiente que la palabra &#8220;cancelaci\u00f3n&#8221; en cualquier diccionario, est\u00e1 acompa\u00f1ada con mi nombre, pero ninguna moral recae tan bajo como la m\u00eda ante la mera sugerencia de re acomodar los shows.<\/p>\n<p>A los que reclaman que est\u00e1n oficialmente hartos de mi \u0096 si esto fuera verdad, entonces \u00bfpor qu\u00e9 est\u00e1n leyendo esto?&#8221;<\/p>\n<p>La gira se reanudar\u00e1 el 26 de febrero con una presentaci\u00f3n en &#8220;Jimmy Kimmel Live!&#8221;.<\/p>\n<p>Fuente: www.warp.la<![endif]--><!--[if gte mso 10]> <\/style>\n\n <![endif]--><\/p>\n","protected":false},"excerpt":{"rendered":"<p>Por cuarta ocasi\u00f3n (19 fechas en total) y por la misma raz\u00f3n (\u00falcera hemorr\u00e1gica), se han cancelado los pr\u00f3ximos conciertos de Morrissey en Denver, CO., Salt Lake City, UT. y San Francisco, CA. Ahora, Morrissey escribi\u00f3 una disculpa p\u00fablica a todos los afectados, donde se nota que no ha perdido su sentido del humor: &#8220;Pido [&hellip;]<\/p>\n","protected":false},"author":4,"featured_media":100006844,"comment_status":"open","ping_status":"open","sticky":false,"template":"","format":"standard","meta":{"_jetpack_memberships_contains_paid_content":false,"footnotes":""},"categories":[142],"tags":[],"class_list":["post-6844","post","type-post","status-publish","format-standard","has-post-thumbnail","hentry","category-buzznews"],"jetpack_featured_media_url":"https:\/\/www.oidossucios.com\/site\/wp-content\/uploads\/2013\/02\/6844.jpg","yoast_head":"<!-- This site is optimized with the Yoast SEO plugin v14.0.4 - https:\/\/yoast.com\/wordpress\/plugins\/seo\/ -->\n<title>Morrissey cancela m\u00e1s fechas en EEUU y publica un &quot;comunicado&quot; - OidosSucios.Com<\/title>\n<meta name=\"robots\" content=\"index, follow\" \/>\n<meta name=\"googlebot\" content=\"index, follow, max-snippet:-1, max-image-preview:large, max-video-preview:-1\" \/>\n<meta name=\"bingbot\" content=\"index, follow, max-snippet:-1, max-image-preview:large, max-video-preview:-1\" \/>\n<link rel=\"canonical\" href=\"https:\/\/www.oidossucios.com\/site\/morrissey-cancela-mas-fechas-en-eeuu-y-publica-un-comunicado\/\" \/>\n<meta property=\"og:locale\" content=\"es_ES\" \/>\n<meta property=\"og:type\" content=\"article\" \/>\n<meta property=\"og:title\" content=\"Morrissey cancela m\u00e1s fechas en EEUU y publica un &quot;comunicado&quot; - OidosSucios.Com\" \/>\n<meta property=\"og:description\" content=\"Por cuarta ocasi\u00f3n (19 fechas en total) y por la misma raz\u00f3n (\u00falcera hemorr\u00e1gica), se han cancelado los pr\u00f3ximos conciertos de Morrissey en Denver, CO., Salt Lake City, UT. y San Francisco, CA. Ahora, Morrissey escribi\u00f3 una disculpa p\u00fablica a todos los afectados, donde se nota que no ha perdido su sentido del humor: &#8220;Pido [&hellip;]\" \/>\n<meta property=\"og:url\" content=\"https:\/\/www.oidossucios.com\/site\/morrissey-cancela-mas-fechas-en-eeuu-y-publica-un-comunicado\/\" \/>\n<meta property=\"og:site_name\" content=\"OidosSucios.Com\" \/>\n<meta property=\"article:published_time\" content=\"2013-02-18T06:33:00+00:00\" \/>\n<meta property=\"og:image\" content=\"https:\/\/www.oidossucios.com\/site\/wp-content\/uploads\/2013\/02\/6844.jpg\" \/>\n\t<meta property=\"og:image:width\" content=\"350\" \/>\n\t<meta property=\"og:image:height\" content=\"300\" \/>\n<meta name=\"twitter:card\" content=\"summary_large_image\" \/>\n<meta name=\"twitter:creator\" content=\"@oidossucios\" \/>\n<script type=\"application\/ld+json\" class=\"yoast-schema-graph\">{\"@context\":\"https:\/\/schema.org\",\"@graph\":[{\"@type\":\"WebSite\",\"@id\":\"https:\/\/www.oidossucios.com\/site\/#website\",\"url\":\"https:\/\/www.oidossucios.com\/site\/\",\"name\":\"OidosSucios.Com\",\"description\":\"M\\u00fasica, conciertos, discos\",\"potentialAction\":[{\"@type\":\"SearchAction\",\"target\":\"https:\/\/www.oidossucios.com\/site\/?s={search_term_string}\",\"query-input\":\"required name=search_term_string\"}],\"inLanguage\":\"es\"},{\"@type\":\"ImageObject\",\"@id\":\"https:\/\/www.oidossucios.com\/site\/morrissey-cancela-mas-fechas-en-eeuu-y-publica-un-comunicado\/#primaryimage\",\"inLanguage\":\"es\",\"url\":\"https:\/\/www.oidossucios.com\/site\/wp-content\/uploads\/2013\/02\/6844.jpg\",\"width\":350,\"height\":300},{\"@type\":\"WebPage\",\"@id\":\"https:\/\/www.oidossucios.com\/site\/morrissey-cancela-mas-fechas-en-eeuu-y-publica-un-comunicado\/#webpage\",\"url\":\"https:\/\/www.oidossucios.com\/site\/morrissey-cancela-mas-fechas-en-eeuu-y-publica-un-comunicado\/\",\"name\":\"Morrissey cancela m\\u00e1s fechas en EEUU y publica un \\\"comunicado\\\" - OidosSucios.Com\",\"isPartOf\":{\"@id\":\"https:\/\/www.oidossucios.com\/site\/#website\"},\"primaryImageOfPage\":{\"@id\":\"https:\/\/www.oidossucios.com\/site\/morrissey-cancela-mas-fechas-en-eeuu-y-publica-un-comunicado\/#primaryimage\"},\"datePublished\":\"2013-02-18T06:33:00+00:00\",\"dateModified\":\"2013-02-18T06:33:00+00:00\",\"author\":{\"@id\":\"https:\/\/www.oidossucios.com\/site\/#\/schema\/person\/24559eeb76bf83a63296fb072393a688\"},\"inLanguage\":\"es\",\"potentialAction\":[{\"@type\":\"ReadAction\",\"target\":[\"https:\/\/www.oidossucios.com\/site\/morrissey-cancela-mas-fechas-en-eeuu-y-publica-un-comunicado\/\"]}]},{\"@type\":[\"Person\"],\"@id\":\"https:\/\/www.oidossucios.com\/site\/#\/schema\/person\/24559eeb76bf83a63296fb072393a688\",\"name\":\"Oidossucios\",\"image\":{\"@type\":\"ImageObject\",\"@id\":\"https:\/\/www.oidossucios.com\/site\/#personlogo\",\"inLanguage\":\"es\",\"url\":\"https:\/\/secure.gravatar.com\/avatar\/74fcb480f42f1a33e50a0b6e6369a3f907be2e43dc84fa5f76c66e9c22b4a5ab?s=96&d=mm&r=g\",\"caption\":\"Oidossucios\"},\"sameAs\":[\"https:\/\/twitter.com\/oidossucios\"]}]}<\/script>\n<!-- \/ Yoast SEO plugin. -->","jetpack_sharing_enabled":true,"_links":{"self":[{"href":"https:\/\/www.oidossucios.com\/site\/wp-json\/wp\/v2\/posts\/6844","targetHints":{"allow":["GET"]}}],"collection":[{"href":"https:\/\/www.oidossucios.com\/site\/wp-json\/wp\/v2\/posts"}],"about":[{"href":"https:\/\/www.oidossucios.com\/site\/wp-json\/wp\/v2\/types\/post"}],"author":[{"embeddable":true,"href":"https:\/\/www.oidossucios.com\/site\/wp-json\/wp\/v2\/users\/4"}],"replies":[{"embeddable":true,"href":"https:\/\/www.oidossucios.com\/site\/wp-json\/wp\/v2\/comments?post=6844"}],"version-history":[{"count":0,"href":"https:\/\/www.oidossucios.com\/site\/wp-json\/wp\/v2\/posts\/6844\/revisions"}],"wp:featuredmedia":[{"embeddable":true,"href":"https:\/\/www.oidossucios.com\/site\/wp-json\/wp\/v2\/media\/100006844"}],"wp:attachment":[{"href":"https:\/\/www.oidossucios.com\/site\/wp-json\/wp\/v2\/media?parent=6844"}],"wp:term":[{"taxonomy":"category","embeddable":true,"href":"https:\/\/www.oidossucios.com\/site\/wp-json\/wp\/v2\/categories?post=6844"},{"taxonomy":"post_tag","embeddable":true,"href":"https:\/\/www.oidossucios.com\/site\/wp-json\/wp\/v2\/tags?post=6844"}],"curies":[{"name":"wp","href":"https:\/\/api.w.org\/{rel}","templated":true}]}}