{"id":6854,"date":"2013-02-20T06:52:00","date_gmt":"2013-02-20T06:52:00","guid":{"rendered":"https:\/\/www.oidossucios.com\/site\/2013\/02\/20\/tan-frio-el-verano-se-prepara-para-tocar-en-el-sxsw-con-par-de-presentaciones-en-venezuela\/"},"modified":"2013-02-20T06:52:00","modified_gmt":"2013-02-20T06:52:00","slug":"tan-frio-el-verano-se-prepara-para-tocar-en-el-sxsw-con-par-de-presentaciones-en-venezuela","status":"publish","type":"post","link":"https:\/\/www.oidossucios.com\/site\/tan-frio-el-verano-se-prepara-para-tocar-en-el-sxsw-con-par-de-presentaciones-en-venezuela\/","title":{"rendered":"Tan Fr\u00edo el Verano se prepara para tocar en el SXSW con par de presentaciones en Venezuela"},"content":{"rendered":"<p>Tan Fr\u00edo el Verano es actualmente un colectivo audiovisual el cual integra elementos como la fotograf\u00eda, la proyecci\u00f3n de cortometrajes, la ilustraci\u00f3n y el dise\u00f1o digital a la propuesta musical que ha llevado hasta ahora. <\/p>\n<p>De igual manera, cuenta con la producci\u00f3n de un compilado de artistas venezolanos en f\u00edsico llamado <i>El Soundtrack de tus Historias Vol.1<\/i>, un EP de descarga digital gratis llamado <i>Invierno<\/i>, un disco de remixes <i>Pulsar Nebula Remixes<\/i> en donde participaron grandes artistas nacionales y un larga duraci\u00f3n titulado <i>Primavera<\/i> el cual sali\u00f3 el pasado mes de Junio y con el cual han trascendido fronteras, a tal punto de formar parte de Sellos y Netlabels como Onion Music (Corea del Sur), Half Eaten Records (Polonia),Paperheart (Francia), Fuego Amigo Discos (Argentina), entre otros.<\/p>\n<p>Actualmente Tan Fr\u00edo el Verano se encuentra a punto de emprender viaje a suelo norteamericano para mostrar todo su trabajo Audiovisual en el Festival SXSW (South by Southwest)<b>&nbsp;<\/b>en Austin, Texas los primeros d\u00edas de marzo pero antes de partir cuentan con dos presentaciones:<\/p>\n<p>Los d\u00edas 22 de Febrero (Teatro Bar Caracas) y el 23 de Febrero (Teatro Bar Valencia).<a target=\"_blank\" href=\"http:\/\/www.tanfrioelverano.com\/\" rel=\"noopener noreferrer\"><\/p>\n<p>www.tanfrioelverano.com<\/a> <a target=\"_blank\" href=\"http:\/\/www.facebook.com\/tanfrioelverano\" rel=\"noopener noreferrer\"><br \/>www.facebook.com\/tanfrioelverano<\/a> <a href=\"http:\/\/twitter.com\/#!\/@tanfrioelverano\"><br \/>@tanfrioelverano<\/a>&nbsp;<![endif]--><!--[if gte mso 10]> <\/style>\n\n <![endif]--><\/p>\n","protected":false},"excerpt":{"rendered":"<p>Tan Fr\u00edo el Verano es actualmente un colectivo audiovisual el cual integra elementos como la fotograf\u00eda, la proyecci\u00f3n de cortometrajes, la ilustraci\u00f3n y el dise\u00f1o digital a la propuesta musical que ha llevado hasta ahora. De igual manera, cuenta con la producci\u00f3n de un compilado de artistas venezolanos en f\u00edsico llamado El Soundtrack de tus [&hellip;]<\/p>\n","protected":false},"author":4,"featured_media":0,"comment_status":"open","ping_status":"open","sticky":false,"template":"","format":"standard","meta":{"_jetpack_memberships_contains_paid_content":false,"footnotes":""},"categories":[142],"tags":[],"class_list":["post-6854","post","type-post","status-publish","format-standard","hentry","category-buzznews"],"jetpack_featured_media_url":"","yoast_head":"<!-- This site is optimized with the Yoast SEO plugin v14.0.4 - https:\/\/yoast.com\/wordpress\/plugins\/seo\/ -->\n<title>Tan Fr\u00edo el Verano se prepara para tocar en el SXSW con par de presentaciones en Venezuela - OidosSucios.Com<\/title>\n<meta name=\"robots\" content=\"index, follow\" \/>\n<meta name=\"googlebot\" content=\"index, follow, max-snippet:-1, max-image-preview:large, max-video-preview:-1\" \/>\n<meta name=\"bingbot\" content=\"index, follow, max-snippet:-1, max-image-preview:large, max-video-preview:-1\" \/>\n<link rel=\"canonical\" href=\"https:\/\/www.oidossucios.com\/site\/tan-frio-el-verano-se-prepara-para-tocar-en-el-sxsw-con-par-de-presentaciones-en-venezuela\/\" \/>\n<meta property=\"og:locale\" content=\"es_ES\" \/>\n<meta property=\"og:type\" content=\"article\" \/>\n<meta property=\"og:title\" content=\"Tan Fr\u00edo el Verano se prepara para tocar en el SXSW con par de presentaciones en Venezuela - OidosSucios.Com\" \/>\n<meta property=\"og:description\" content=\"Tan Fr\u00edo el Verano es actualmente un colectivo audiovisual el cual integra elementos como la fotograf\u00eda, la proyecci\u00f3n de cortometrajes, la ilustraci\u00f3n y el dise\u00f1o digital a la propuesta musical que ha llevado hasta ahora. De igual manera, cuenta con la producci\u00f3n de un compilado de artistas venezolanos en f\u00edsico llamado El Soundtrack de tus [&hellip;]\" \/>\n<meta property=\"og:url\" content=\"https:\/\/www.oidossucios.com\/site\/tan-frio-el-verano-se-prepara-para-tocar-en-el-sxsw-con-par-de-presentaciones-en-venezuela\/\" \/>\n<meta property=\"og:site_name\" content=\"OidosSucios.Com\" \/>\n<meta property=\"article:published_time\" content=\"2013-02-20T06:52:00+00:00\" \/>\n<meta name=\"twitter:card\" content=\"summary_large_image\" \/>\n<meta name=\"twitter:creator\" content=\"@oidossucios\" \/>\n<script type=\"application\/ld+json\" class=\"yoast-schema-graph\">{\"@context\":\"https:\/\/schema.org\",\"@graph\":[{\"@type\":\"WebSite\",\"@id\":\"https:\/\/www.oidossucios.com\/site\/#website\",\"url\":\"https:\/\/www.oidossucios.com\/site\/\",\"name\":\"OidosSucios.Com\",\"description\":\"M\\u00fasica, conciertos, discos\",\"potentialAction\":[{\"@type\":\"SearchAction\",\"target\":\"https:\/\/www.oidossucios.com\/site\/?s={search_term_string}\",\"query-input\":\"required name=search_term_string\"}],\"inLanguage\":\"es\"},{\"@type\":\"WebPage\",\"@id\":\"https:\/\/www.oidossucios.com\/site\/tan-frio-el-verano-se-prepara-para-tocar-en-el-sxsw-con-par-de-presentaciones-en-venezuela\/#webpage\",\"url\":\"https:\/\/www.oidossucios.com\/site\/tan-frio-el-verano-se-prepara-para-tocar-en-el-sxsw-con-par-de-presentaciones-en-venezuela\/\",\"name\":\"Tan Fr\\u00edo el Verano se prepara para tocar en el SXSW con par de presentaciones en Venezuela - OidosSucios.Com\",\"isPartOf\":{\"@id\":\"https:\/\/www.oidossucios.com\/site\/#website\"},\"datePublished\":\"2013-02-20T06:52:00+00:00\",\"dateModified\":\"2013-02-20T06:52:00+00:00\",\"author\":{\"@id\":\"https:\/\/www.oidossucios.com\/site\/#\/schema\/person\/24559eeb76bf83a63296fb072393a688\"},\"inLanguage\":\"es\",\"potentialAction\":[{\"@type\":\"ReadAction\",\"target\":[\"https:\/\/www.oidossucios.com\/site\/tan-frio-el-verano-se-prepara-para-tocar-en-el-sxsw-con-par-de-presentaciones-en-venezuela\/\"]}]},{\"@type\":[\"Person\"],\"@id\":\"https:\/\/www.oidossucios.com\/site\/#\/schema\/person\/24559eeb76bf83a63296fb072393a688\",\"name\":\"Oidossucios\",\"image\":{\"@type\":\"ImageObject\",\"@id\":\"https:\/\/www.oidossucios.com\/site\/#personlogo\",\"inLanguage\":\"es\",\"url\":\"https:\/\/secure.gravatar.com\/avatar\/74fcb480f42f1a33e50a0b6e6369a3f907be2e43dc84fa5f76c66e9c22b4a5ab?s=96&d=mm&r=g\",\"caption\":\"Oidossucios\"},\"sameAs\":[\"https:\/\/twitter.com\/oidossucios\"]}]}<\/script>\n<!-- \/ Yoast SEO plugin. -->","jetpack_sharing_enabled":true,"_links":{"self":[{"href":"https:\/\/www.oidossucios.com\/site\/wp-json\/wp\/v2\/posts\/6854","targetHints":{"allow":["GET"]}}],"collection":[{"href":"https:\/\/www.oidossucios.com\/site\/wp-json\/wp\/v2\/posts"}],"about":[{"href":"https:\/\/www.oidossucios.com\/site\/wp-json\/wp\/v2\/types\/post"}],"author":[{"embeddable":true,"href":"https:\/\/www.oidossucios.com\/site\/wp-json\/wp\/v2\/users\/4"}],"replies":[{"embeddable":true,"href":"https:\/\/www.oidossucios.com\/site\/wp-json\/wp\/v2\/comments?post=6854"}],"version-history":[{"count":0,"href":"https:\/\/www.oidossucios.com\/site\/wp-json\/wp\/v2\/posts\/6854\/revisions"}],"wp:attachment":[{"href":"https:\/\/www.oidossucios.com\/site\/wp-json\/wp\/v2\/media?parent=6854"}],"wp:term":[{"taxonomy":"category","embeddable":true,"href":"https:\/\/www.oidossucios.com\/site\/wp-json\/wp\/v2\/categories?post=6854"},{"taxonomy":"post_tag","embeddable":true,"href":"https:\/\/www.oidossucios.com\/site\/wp-json\/wp\/v2\/tags?post=6854"}],"curies":[{"name":"wp","href":"https:\/\/api.w.org\/{rel}","templated":true}]}}