{"id":6855,"date":"2013-02-20T07:00:00","date_gmt":"2013-02-20T07:00:00","guid":{"rendered":"https:\/\/www.oidossucios.com\/site\/2013\/02\/20\/planeador-se-presentara-en-la-primera-edicion-de-mi-experiencia-rock\/"},"modified":"2013-02-20T07:00:00","modified_gmt":"2013-02-20T07:00:00","slug":"planeador-se-presentara-en-la-primera-edicion-de-mi-experiencia-rock","status":"publish","type":"post","link":"https:\/\/www.oidossucios.com\/site\/planeador-se-presentara-en-la-primera-edicion-de-mi-experiencia-rock\/","title":{"rendered":"Planeador se presentar\u00e1 en la primera edici\u00f3n de &#8220;Mi experiencia rock&#8221;"},"content":{"rendered":"<p>El pr\u00f3ximo s\u00e1bado 23 de febrero, en el marco de la primera edici\u00f3n de &#8220;Mi experiencia rock&#8221;, la banda de rock Planeador estar\u00e1 tocando, en versi\u00f3n ac\u00fastica, sus canciones m\u00e1s conocidas, en el museo Dimitrius Demo, de la ciudad de Lecher\u00edas, a las 6 pm.<\/p>\n<p>&#8220;Mi experiencia rock&#8221; es un show con un formato totalmente distinto al que estamos acostumbrados, consiste en darle la oportunidad al p\u00fablico de interactuar con su favorita, haci\u00e9ndole preguntas mientras esta est\u00e1 haciendo el show en la tarima.<\/p>\n<p>Cabe destacar que el total de las ganancias generadas en el show ser\u00e1n donadas a la Fundaci\u00f3n Centro Integral de Apoyo y Mejoramiento Infantil (CIAMI).<\/p>\n<p>Recuerden, la cita con Planeador, es este s\u00e1bado 23 de febrero, en el museo Dimitrius Demo (Lecher\u00edas, edo. Anzo\u00e1tegui), a las 6 de la tarde. Durante el show, banda estar\u00e1 compartiendo tarima con el grupo de rock Andreazulado.<\/p>\n<p>Twitter:&nbsp;<a href=\"http:\/\/twitter.com\/#!\/@Planeadorband\">@Planeadorband<\/a><![endif]--><!--[if gte mso 10]> <\/style>\n\n <![endif]--><\/p>\n","protected":false},"excerpt":{"rendered":"<p>El pr\u00f3ximo s\u00e1bado 23 de febrero, en el marco de la primera edici\u00f3n de &#8220;Mi experiencia rock&#8221;, la banda de rock Planeador estar\u00e1 tocando, en versi\u00f3n ac\u00fastica, sus canciones m\u00e1s conocidas, en el museo Dimitrius Demo, de la ciudad de Lecher\u00edas, a las 6 pm. &#8220;Mi experiencia rock&#8221; es un show con un formato totalmente [&hellip;]<\/p>\n","protected":false},"author":4,"featured_media":100006855,"comment_status":"open","ping_status":"open","sticky":false,"template":"","format":"standard","meta":{"_jetpack_memberships_contains_paid_content":false,"footnotes":""},"categories":[142],"tags":[],"class_list":["post-6855","post","type-post","status-publish","format-standard","has-post-thumbnail","hentry","category-buzznews"],"jetpack_featured_media_url":"https:\/\/www.oidossucios.com\/site\/wp-content\/uploads\/2013\/02\/6855.jpg","yoast_head":"<!-- This site is optimized with the Yoast SEO plugin v14.0.4 - https:\/\/yoast.com\/wordpress\/plugins\/seo\/ -->\n<title>Planeador se presentar\u00e1 en la primera edici\u00f3n de &quot;Mi experiencia rock&quot; - OidosSucios.Com<\/title>\n<meta name=\"robots\" content=\"index, follow\" \/>\n<meta name=\"googlebot\" content=\"index, follow, max-snippet:-1, max-image-preview:large, max-video-preview:-1\" \/>\n<meta name=\"bingbot\" content=\"index, follow, max-snippet:-1, max-image-preview:large, max-video-preview:-1\" \/>\n<link rel=\"canonical\" href=\"https:\/\/www.oidossucios.com\/site\/planeador-se-presentara-en-la-primera-edicion-de-mi-experiencia-rock\/\" \/>\n<meta property=\"og:locale\" content=\"es_ES\" \/>\n<meta property=\"og:type\" content=\"article\" \/>\n<meta property=\"og:title\" content=\"Planeador se presentar\u00e1 en la primera edici\u00f3n de &quot;Mi experiencia rock&quot; - OidosSucios.Com\" \/>\n<meta property=\"og:description\" content=\"El pr\u00f3ximo s\u00e1bado 23 de febrero, en el marco de la primera edici\u00f3n de &#8220;Mi experiencia rock&#8221;, la banda de rock Planeador estar\u00e1 tocando, en versi\u00f3n ac\u00fastica, sus canciones m\u00e1s conocidas, en el museo Dimitrius Demo, de la ciudad de Lecher\u00edas, a las 6 pm. &#8220;Mi experiencia rock&#8221; es un show con un formato totalmente [&hellip;]\" \/>\n<meta property=\"og:url\" content=\"https:\/\/www.oidossucios.com\/site\/planeador-se-presentara-en-la-primera-edicion-de-mi-experiencia-rock\/\" \/>\n<meta property=\"og:site_name\" content=\"OidosSucios.Com\" \/>\n<meta property=\"article:published_time\" content=\"2013-02-20T07:00:00+00:00\" \/>\n<meta property=\"og:image\" content=\"https:\/\/www.oidossucios.com\/site\/wp-content\/uploads\/2013\/02\/6855.jpg\" \/>\n\t<meta property=\"og:image:width\" content=\"350\" \/>\n\t<meta property=\"og:image:height\" content=\"300\" \/>\n<meta name=\"twitter:card\" content=\"summary_large_image\" \/>\n<meta name=\"twitter:creator\" content=\"@oidossucios\" \/>\n<script type=\"application\/ld+json\" class=\"yoast-schema-graph\">{\"@context\":\"https:\/\/schema.org\",\"@graph\":[{\"@type\":\"WebSite\",\"@id\":\"https:\/\/www.oidossucios.com\/site\/#website\",\"url\":\"https:\/\/www.oidossucios.com\/site\/\",\"name\":\"OidosSucios.Com\",\"description\":\"M\\u00fasica, conciertos, discos\",\"potentialAction\":[{\"@type\":\"SearchAction\",\"target\":\"https:\/\/www.oidossucios.com\/site\/?s={search_term_string}\",\"query-input\":\"required name=search_term_string\"}],\"inLanguage\":\"es\"},{\"@type\":\"ImageObject\",\"@id\":\"https:\/\/www.oidossucios.com\/site\/planeador-se-presentara-en-la-primera-edicion-de-mi-experiencia-rock\/#primaryimage\",\"inLanguage\":\"es\",\"url\":\"https:\/\/www.oidossucios.com\/site\/wp-content\/uploads\/2013\/02\/6855.jpg\",\"width\":350,\"height\":300},{\"@type\":\"WebPage\",\"@id\":\"https:\/\/www.oidossucios.com\/site\/planeador-se-presentara-en-la-primera-edicion-de-mi-experiencia-rock\/#webpage\",\"url\":\"https:\/\/www.oidossucios.com\/site\/planeador-se-presentara-en-la-primera-edicion-de-mi-experiencia-rock\/\",\"name\":\"Planeador se presentar\\u00e1 en la primera edici\\u00f3n de \\\"Mi experiencia rock\\\" - OidosSucios.Com\",\"isPartOf\":{\"@id\":\"https:\/\/www.oidossucios.com\/site\/#website\"},\"primaryImageOfPage\":{\"@id\":\"https:\/\/www.oidossucios.com\/site\/planeador-se-presentara-en-la-primera-edicion-de-mi-experiencia-rock\/#primaryimage\"},\"datePublished\":\"2013-02-20T07:00:00+00:00\",\"dateModified\":\"2013-02-20T07:00:00+00:00\",\"author\":{\"@id\":\"https:\/\/www.oidossucios.com\/site\/#\/schema\/person\/24559eeb76bf83a63296fb072393a688\"},\"inLanguage\":\"es\",\"potentialAction\":[{\"@type\":\"ReadAction\",\"target\":[\"https:\/\/www.oidossucios.com\/site\/planeador-se-presentara-en-la-primera-edicion-de-mi-experiencia-rock\/\"]}]},{\"@type\":[\"Person\"],\"@id\":\"https:\/\/www.oidossucios.com\/site\/#\/schema\/person\/24559eeb76bf83a63296fb072393a688\",\"name\":\"Oidossucios\",\"image\":{\"@type\":\"ImageObject\",\"@id\":\"https:\/\/www.oidossucios.com\/site\/#personlogo\",\"inLanguage\":\"es\",\"url\":\"https:\/\/secure.gravatar.com\/avatar\/74fcb480f42f1a33e50a0b6e6369a3f907be2e43dc84fa5f76c66e9c22b4a5ab?s=96&d=mm&r=g\",\"caption\":\"Oidossucios\"},\"sameAs\":[\"https:\/\/twitter.com\/oidossucios\"]}]}<\/script>\n<!-- \/ Yoast SEO plugin. -->","jetpack_sharing_enabled":true,"_links":{"self":[{"href":"https:\/\/www.oidossucios.com\/site\/wp-json\/wp\/v2\/posts\/6855","targetHints":{"allow":["GET"]}}],"collection":[{"href":"https:\/\/www.oidossucios.com\/site\/wp-json\/wp\/v2\/posts"}],"about":[{"href":"https:\/\/www.oidossucios.com\/site\/wp-json\/wp\/v2\/types\/post"}],"author":[{"embeddable":true,"href":"https:\/\/www.oidossucios.com\/site\/wp-json\/wp\/v2\/users\/4"}],"replies":[{"embeddable":true,"href":"https:\/\/www.oidossucios.com\/site\/wp-json\/wp\/v2\/comments?post=6855"}],"version-history":[{"count":0,"href":"https:\/\/www.oidossucios.com\/site\/wp-json\/wp\/v2\/posts\/6855\/revisions"}],"wp:featuredmedia":[{"embeddable":true,"href":"https:\/\/www.oidossucios.com\/site\/wp-json\/wp\/v2\/media\/100006855"}],"wp:attachment":[{"href":"https:\/\/www.oidossucios.com\/site\/wp-json\/wp\/v2\/media?parent=6855"}],"wp:term":[{"taxonomy":"category","embeddable":true,"href":"https:\/\/www.oidossucios.com\/site\/wp-json\/wp\/v2\/categories?post=6855"},{"taxonomy":"post_tag","embeddable":true,"href":"https:\/\/www.oidossucios.com\/site\/wp-json\/wp\/v2\/tags?post=6855"}],"curies":[{"name":"wp","href":"https:\/\/api.w.org\/{rel}","templated":true}]}}