{"id":6864,"date":"2013-02-22T08:14:00","date_gmt":"2013-02-22T08:14:00","guid":{"rendered":"https:\/\/www.oidossucios.com\/site\/2013\/02\/22\/chambao-ya-no-se-presentara-gratis-manana-en-la-plaza-diego-ibarra\/"},"modified":"2013-02-22T08:14:00","modified_gmt":"2013-02-22T08:14:00","slug":"chambao-ya-no-se-presentara-gratis-manana-en-la-plaza-diego-ibarra","status":"publish","type":"post","link":"https:\/\/www.oidossucios.com\/site\/chambao-ya-no-se-presentara-gratis-manana-en-la-plaza-diego-ibarra\/","title":{"rendered":"Chambao ya no se presentar\u00e1 gratis ma\u00f1ana en la plaza Diego Ibarra"},"content":{"rendered":"<p>La agrupaci\u00f3n de <i>Flamenco Chill <\/i>Chambao, se present\u00f3 en Caracas el pasado jueves 22 en el centro cultural BOD-Corp Banca, y bajo el marco de su visita a nuestra pa\u00eds en coincidencia con el Festival de Teatro de Caracas, se anunci\u00f3 un concierto gratuito de los malague\u00f1os en la Plaza Diego Ibarra este s\u00e1bado. Sin embargo, la banda se fue hoy del pa\u00eds, al no poder concretar una negociaci\u00f3n con la Alcald\u00eda de Caracas.<\/p>\n<p>A pesar de esto, el Festival de Teatro de Caracas contin\u00faa dando cabida a diferentes manifestaciones art\u00edsticas y propuestas est\u00e9ticas, contando con la participaci\u00f3n de 150 agrupaciones, 500 actividades en 48 espacios p\u00fablicos y en 27 teatros, entre ellas talleres, foros, presentaciones de libros y exposiciones teatrales.<\/p>\n<p>Otras locaciones donde habr\u00e1 actividad del Festival de Teatro de Caracas son los teatros Municipal, Nacional, Principal Cristo Rey, la Colmenita, R\u00edo Teatro Caribe, San Mart\u00edn, Rajatabla, Sim\u00f3n Rodr\u00edguez, Catia, Arte Nativo, Luis Peraza, Alberto de Paz y Mateos, La Colmenita y Altoff. As\u00ed como la Universidad Nacional Experimental de las Artes (Unearte, antigua sede del Ateneo), Casa del Artista, Fundaci\u00f3n Rajatabla, Sala Cantaclaro, Hotel Alba, el Centro de Estudios Latinoamericanos R\u00f3mulo Gallegos (Celarg) y el Complejo Cultural Teresa Carre\u00f1o.<![endif]--><!--[if gte mso 10]> <\/style>\n\n <![endif]--><!--nextpage--><img decoding=\"async\" class=\"aligncenter size-medium wp-image-111116532\" src=\"https:\/\/www.oidossucios.com\/site\/wp-content\/uploads\/2020\/02\/6532.jpg\" alt=\"Chambao ya no se presentar\u00e1 gratis ma\u00f1ana en la plaza Diego Ibarra\"  \/><a href='https:\/\/www.oidossucios.com\/site\/chambao-ya-no-se-presentara-gratis-manana-en-la-plaza-diego-ibarra\/2\/'\n                        onclick='if (tpsInstance) { tpsInstance.setNext(); return false; }'\n                        rel='next'\n                        style=''\n                        class=''>Ver galer\u00eda<\/a>]]><\/p>\n","protected":false},"excerpt":{"rendered":"<p>La agrupaci\u00f3n malague\u00f1a se fue del pa\u00eds al no poder concretar una negocioaci\u00f3n con la Alcald\u00eda.<\/p>\n","protected":false},"author":4,"featured_media":100006864,"comment_status":"open","ping_status":"open","sticky":false,"template":"","format":"standard","meta":{"_jetpack_memberships_contains_paid_content":false,"footnotes":""},"categories":[250],"tags":[],"class_list":["post-6864","post","type-post","status-publish","format-standard","has-post-thumbnail","hentry","category-noticias"],"jetpack_featured_media_url":"https:\/\/www.oidossucios.com\/site\/wp-content\/uploads\/2013\/02\/6864.jpg","yoast_head":"<!-- This site is optimized with the Yoast SEO plugin v14.0.4 - https:\/\/yoast.com\/wordpress\/plugins\/seo\/ -->\n<title>Chambao ya no se presentar\u00e1 gratis ma\u00f1ana en la plaza Diego Ibarra - OidosSucios.Com<\/title>\n<meta name=\"description\" content=\"La agrupaci\u00f3n malague\u00f1a se fue del pa\u00eds al no poder concretar una negocioaci\u00f3n con la Alcald\u00eda.\" \/>\n<meta name=\"robots\" content=\"index, follow\" \/>\n<meta name=\"googlebot\" content=\"index, follow, max-snippet:-1, max-image-preview:large, max-video-preview:-1\" \/>\n<meta name=\"bingbot\" content=\"index, follow, max-snippet:-1, max-image-preview:large, max-video-preview:-1\" \/>\n<link rel=\"canonical\" href=\"https:\/\/www.oidossucios.com\/site\/chambao-ya-no-se-presentara-gratis-manana-en-la-plaza-diego-ibarra\/\" \/>\n<link rel=\"next\" href=\"https:\/\/www.oidossucios.com\/site\/chambao-ya-no-se-presentara-gratis-manana-en-la-plaza-diego-ibarra\/2\/\" \/>\n<meta property=\"og:locale\" content=\"es_ES\" \/>\n<meta property=\"og:type\" content=\"article\" \/>\n<meta property=\"og:title\" content=\"Chambao ya no se presentar\u00e1 gratis ma\u00f1ana en la plaza Diego Ibarra - OidosSucios.Com\" \/>\n<meta property=\"og:description\" content=\"La agrupaci\u00f3n malague\u00f1a se fue del pa\u00eds al no poder concretar una negocioaci\u00f3n con la Alcald\u00eda.\" \/>\n<meta property=\"og:url\" content=\"https:\/\/www.oidossucios.com\/site\/chambao-ya-no-se-presentara-gratis-manana-en-la-plaza-diego-ibarra\/\" \/>\n<meta property=\"og:site_name\" content=\"OidosSucios.Com\" \/>\n<meta property=\"article:published_time\" content=\"2013-02-22T08:14:00+00:00\" \/>\n<meta property=\"og:image\" content=\"https:\/\/www.oidossucios.com\/site\/wp-content\/uploads\/2013\/02\/6864.jpg\" \/>\n\t<meta property=\"og:image:width\" content=\"350\" \/>\n\t<meta property=\"og:image:height\" content=\"300\" \/>\n<meta name=\"twitter:card\" content=\"summary_large_image\" \/>\n<meta name=\"twitter:creator\" content=\"@oidossucios\" \/>\n<script type=\"application\/ld+json\" class=\"yoast-schema-graph\">{\"@context\":\"https:\/\/schema.org\",\"@graph\":[{\"@type\":\"WebSite\",\"@id\":\"https:\/\/www.oidossucios.com\/site\/#website\",\"url\":\"https:\/\/www.oidossucios.com\/site\/\",\"name\":\"OidosSucios.Com\",\"description\":\"M\\u00fasica, conciertos, discos\",\"potentialAction\":[{\"@type\":\"SearchAction\",\"target\":\"https:\/\/www.oidossucios.com\/site\/?s={search_term_string}\",\"query-input\":\"required name=search_term_string\"}],\"inLanguage\":\"es\"},{\"@type\":\"ImageObject\",\"@id\":\"https:\/\/www.oidossucios.com\/site\/chambao-ya-no-se-presentara-gratis-manana-en-la-plaza-diego-ibarra\/#primaryimage\",\"inLanguage\":\"es\",\"url\":\"https:\/\/www.oidossucios.com\/site\/wp-content\/uploads\/2013\/02\/6864.jpg\",\"width\":350,\"height\":300},{\"@type\":\"WebPage\",\"@id\":\"https:\/\/www.oidossucios.com\/site\/chambao-ya-no-se-presentara-gratis-manana-en-la-plaza-diego-ibarra\/#webpage\",\"url\":\"https:\/\/www.oidossucios.com\/site\/chambao-ya-no-se-presentara-gratis-manana-en-la-plaza-diego-ibarra\/\",\"name\":\"Chambao ya no se presentar\\u00e1 gratis ma\\u00f1ana en la plaza Diego Ibarra - OidosSucios.Com\",\"isPartOf\":{\"@id\":\"https:\/\/www.oidossucios.com\/site\/#website\"},\"primaryImageOfPage\":{\"@id\":\"https:\/\/www.oidossucios.com\/site\/chambao-ya-no-se-presentara-gratis-manana-en-la-plaza-diego-ibarra\/#primaryimage\"},\"datePublished\":\"2013-02-22T08:14:00+00:00\",\"dateModified\":\"2013-02-22T08:14:00+00:00\",\"author\":{\"@id\":\"https:\/\/www.oidossucios.com\/site\/#\/schema\/person\/24559eeb76bf83a63296fb072393a688\"},\"description\":\"La agrupaci\\u00f3n malague\\u00f1a se fue del pa\\u00eds al no poder concretar una negocioaci\\u00f3n con la Alcald\\u00eda.\",\"inLanguage\":\"es\",\"potentialAction\":[{\"@type\":\"ReadAction\",\"target\":[\"https:\/\/www.oidossucios.com\/site\/chambao-ya-no-se-presentara-gratis-manana-en-la-plaza-diego-ibarra\/\"]}]},{\"@type\":[\"Person\"],\"@id\":\"https:\/\/www.oidossucios.com\/site\/#\/schema\/person\/24559eeb76bf83a63296fb072393a688\",\"name\":\"Oidossucios\",\"image\":{\"@type\":\"ImageObject\",\"@id\":\"https:\/\/www.oidossucios.com\/site\/#personlogo\",\"inLanguage\":\"es\",\"url\":\"https:\/\/secure.gravatar.com\/avatar\/74fcb480f42f1a33e50a0b6e6369a3f907be2e43dc84fa5f76c66e9c22b4a5ab?s=96&d=mm&r=g\",\"caption\":\"Oidossucios\"},\"sameAs\":[\"https:\/\/twitter.com\/oidossucios\"]}]}<\/script>\n<!-- \/ Yoast SEO plugin. -->","jetpack_sharing_enabled":true,"_links":{"self":[{"href":"https:\/\/www.oidossucios.com\/site\/wp-json\/wp\/v2\/posts\/6864","targetHints":{"allow":["GET"]}}],"collection":[{"href":"https:\/\/www.oidossucios.com\/site\/wp-json\/wp\/v2\/posts"}],"about":[{"href":"https:\/\/www.oidossucios.com\/site\/wp-json\/wp\/v2\/types\/post"}],"author":[{"embeddable":true,"href":"https:\/\/www.oidossucios.com\/site\/wp-json\/wp\/v2\/users\/4"}],"replies":[{"embeddable":true,"href":"https:\/\/www.oidossucios.com\/site\/wp-json\/wp\/v2\/comments?post=6864"}],"version-history":[{"count":0,"href":"https:\/\/www.oidossucios.com\/site\/wp-json\/wp\/v2\/posts\/6864\/revisions"}],"wp:featuredmedia":[{"embeddable":true,"href":"https:\/\/www.oidossucios.com\/site\/wp-json\/wp\/v2\/media\/100006864"}],"wp:attachment":[{"href":"https:\/\/www.oidossucios.com\/site\/wp-json\/wp\/v2\/media?parent=6864"}],"wp:term":[{"taxonomy":"category","embeddable":true,"href":"https:\/\/www.oidossucios.com\/site\/wp-json\/wp\/v2\/categories?post=6864"},{"taxonomy":"post_tag","embeddable":true,"href":"https:\/\/www.oidossucios.com\/site\/wp-json\/wp\/v2\/tags?post=6864"}],"curies":[{"name":"wp","href":"https:\/\/api.w.org\/{rel}","templated":true}]}}