{"id":6865,"date":"2013-02-22T08:34:00","date_gmt":"2013-02-22T08:34:00","guid":{"rendered":"https:\/\/www.oidossucios.com\/site\/2013\/02\/22\/foo-fighters-inicia-las-grabaciones-de-su-nuevo-disco\/"},"modified":"2013-02-22T08:34:00","modified_gmt":"2013-02-22T08:34:00","slug":"foo-fighters-inicia-las-grabaciones-de-su-nuevo-disco","status":"publish","type":"post","link":"https:\/\/www.oidossucios.com\/site\/foo-fighters-inicia-las-grabaciones-de-su-nuevo-disco\/","title":{"rendered":"Foo Fighters inicia las grabaciones de su nuevo disco"},"content":{"rendered":"<p>De visita en Reino Unido, como parte de la promoci\u00f3n de la cinta <i>Sound City<\/i>, Dave Grohl form\u00f3 parte de la reciente entrega de los Brit Awards 2013, en donde declar\u00f3 que empezar\u00e1 a trabajar en el pr\u00f3ximo \u00e1lbum de Foo Fighters.<\/p>\n<p>En pl\u00e1tica con James Corden, anfitri\u00f3n del evento, el frontman de la nueva superbanda Sound City Players dijo: &#8220;Regreso a Los Angeles ma\u00f1ana para empezar a trabajar en un disco de Foo Fighters.&#8221;<\/p>\n<p>Esta declaraci\u00f3n llega luego de que el m\u00fasico insinuara -en octubre pasado- que la banda se tomar\u00eda un descanso, hecho que ahora quedar\u00eda descartado parcialmente pues al pregunt\u00e1rsele cu\u00e1ndo saldr\u00e1 al mercado Grohl se limit\u00f3 a decir: &#8220;eventualmente&#8221;.<\/p>\n<p>Cabe se\u00f1alar que el m\u00e1s reciente material de Foo Fighters es<i>Wasting Light<\/i>, lanzado en 2011.<\/p>\n<p>Fuente: www.warp.la<![endif]--><!--[if gte mso 10]> <\/style>\n\n <![endif]--><\/p>\n","protected":false},"excerpt":{"rendered":"<p>De visita en Reino Unido, como parte de la promoci\u00f3n de la cinta Sound City, Dave Grohl form\u00f3 parte de la reciente entrega de los Brit Awards 2013, en donde declar\u00f3 que empezar\u00e1 a trabajar en el pr\u00f3ximo \u00e1lbum de Foo Fighters. En pl\u00e1tica con James Corden, anfitri\u00f3n del evento, el frontman de la nueva [&hellip;]<\/p>\n","protected":false},"author":4,"featured_media":100006865,"comment_status":"open","ping_status":"open","sticky":false,"template":"","format":"standard","meta":{"_jetpack_memberships_contains_paid_content":false,"footnotes":""},"categories":[142],"tags":[],"class_list":["post-6865","post","type-post","status-publish","format-standard","has-post-thumbnail","hentry","category-buzznews"],"jetpack_featured_media_url":"https:\/\/www.oidossucios.com\/site\/wp-content\/uploads\/2013\/02\/6865.jpg","yoast_head":"<!-- This site is optimized with the Yoast SEO plugin v14.0.4 - https:\/\/yoast.com\/wordpress\/plugins\/seo\/ -->\n<title>Foo Fighters inicia las grabaciones de su nuevo disco - OidosSucios.Com<\/title>\n<meta name=\"robots\" content=\"index, follow\" \/>\n<meta name=\"googlebot\" content=\"index, follow, max-snippet:-1, max-image-preview:large, max-video-preview:-1\" \/>\n<meta name=\"bingbot\" content=\"index, follow, max-snippet:-1, max-image-preview:large, max-video-preview:-1\" \/>\n<link rel=\"canonical\" href=\"https:\/\/www.oidossucios.com\/site\/foo-fighters-inicia-las-grabaciones-de-su-nuevo-disco\/\" \/>\n<meta property=\"og:locale\" content=\"es_ES\" \/>\n<meta property=\"og:type\" content=\"article\" \/>\n<meta property=\"og:title\" content=\"Foo Fighters inicia las grabaciones de su nuevo disco - OidosSucios.Com\" \/>\n<meta property=\"og:description\" content=\"De visita en Reino Unido, como parte de la promoci\u00f3n de la cinta Sound City, Dave Grohl form\u00f3 parte de la reciente entrega de los Brit Awards 2013, en donde declar\u00f3 que empezar\u00e1 a trabajar en el pr\u00f3ximo \u00e1lbum de Foo Fighters. En pl\u00e1tica con James Corden, anfitri\u00f3n del evento, el frontman de la nueva [&hellip;]\" \/>\n<meta property=\"og:url\" content=\"https:\/\/www.oidossucios.com\/site\/foo-fighters-inicia-las-grabaciones-de-su-nuevo-disco\/\" \/>\n<meta property=\"og:site_name\" content=\"OidosSucios.Com\" \/>\n<meta property=\"article:published_time\" content=\"2013-02-22T08:34:00+00:00\" \/>\n<meta property=\"og:image\" content=\"https:\/\/www.oidossucios.com\/site\/wp-content\/uploads\/2013\/02\/6865.jpg\" \/>\n\t<meta property=\"og:image:width\" content=\"350\" \/>\n\t<meta property=\"og:image:height\" content=\"300\" \/>\n<meta name=\"twitter:card\" content=\"summary_large_image\" \/>\n<meta name=\"twitter:creator\" content=\"@oidossucios\" \/>\n<script type=\"application\/ld+json\" class=\"yoast-schema-graph\">{\"@context\":\"https:\/\/schema.org\",\"@graph\":[{\"@type\":\"WebSite\",\"@id\":\"https:\/\/www.oidossucios.com\/site\/#website\",\"url\":\"https:\/\/www.oidossucios.com\/site\/\",\"name\":\"OidosSucios.Com\",\"description\":\"M\\u00fasica, conciertos, discos\",\"potentialAction\":[{\"@type\":\"SearchAction\",\"target\":\"https:\/\/www.oidossucios.com\/site\/?s={search_term_string}\",\"query-input\":\"required name=search_term_string\"}],\"inLanguage\":\"es\"},{\"@type\":\"ImageObject\",\"@id\":\"https:\/\/www.oidossucios.com\/site\/foo-fighters-inicia-las-grabaciones-de-su-nuevo-disco\/#primaryimage\",\"inLanguage\":\"es\",\"url\":\"https:\/\/www.oidossucios.com\/site\/wp-content\/uploads\/2013\/02\/6865.jpg\",\"width\":350,\"height\":300},{\"@type\":\"WebPage\",\"@id\":\"https:\/\/www.oidossucios.com\/site\/foo-fighters-inicia-las-grabaciones-de-su-nuevo-disco\/#webpage\",\"url\":\"https:\/\/www.oidossucios.com\/site\/foo-fighters-inicia-las-grabaciones-de-su-nuevo-disco\/\",\"name\":\"Foo Fighters inicia las grabaciones de su nuevo disco - OidosSucios.Com\",\"isPartOf\":{\"@id\":\"https:\/\/www.oidossucios.com\/site\/#website\"},\"primaryImageOfPage\":{\"@id\":\"https:\/\/www.oidossucios.com\/site\/foo-fighters-inicia-las-grabaciones-de-su-nuevo-disco\/#primaryimage\"},\"datePublished\":\"2013-02-22T08:34:00+00:00\",\"dateModified\":\"2013-02-22T08:34:00+00:00\",\"author\":{\"@id\":\"https:\/\/www.oidossucios.com\/site\/#\/schema\/person\/24559eeb76bf83a63296fb072393a688\"},\"inLanguage\":\"es\",\"potentialAction\":[{\"@type\":\"ReadAction\",\"target\":[\"https:\/\/www.oidossucios.com\/site\/foo-fighters-inicia-las-grabaciones-de-su-nuevo-disco\/\"]}]},{\"@type\":[\"Person\"],\"@id\":\"https:\/\/www.oidossucios.com\/site\/#\/schema\/person\/24559eeb76bf83a63296fb072393a688\",\"name\":\"Oidossucios\",\"image\":{\"@type\":\"ImageObject\",\"@id\":\"https:\/\/www.oidossucios.com\/site\/#personlogo\",\"inLanguage\":\"es\",\"url\":\"https:\/\/secure.gravatar.com\/avatar\/74fcb480f42f1a33e50a0b6e6369a3f907be2e43dc84fa5f76c66e9c22b4a5ab?s=96&d=mm&r=g\",\"caption\":\"Oidossucios\"},\"sameAs\":[\"https:\/\/twitter.com\/oidossucios\"]}]}<\/script>\n<!-- \/ Yoast SEO plugin. -->","jetpack_sharing_enabled":true,"_links":{"self":[{"href":"https:\/\/www.oidossucios.com\/site\/wp-json\/wp\/v2\/posts\/6865","targetHints":{"allow":["GET"]}}],"collection":[{"href":"https:\/\/www.oidossucios.com\/site\/wp-json\/wp\/v2\/posts"}],"about":[{"href":"https:\/\/www.oidossucios.com\/site\/wp-json\/wp\/v2\/types\/post"}],"author":[{"embeddable":true,"href":"https:\/\/www.oidossucios.com\/site\/wp-json\/wp\/v2\/users\/4"}],"replies":[{"embeddable":true,"href":"https:\/\/www.oidossucios.com\/site\/wp-json\/wp\/v2\/comments?post=6865"}],"version-history":[{"count":0,"href":"https:\/\/www.oidossucios.com\/site\/wp-json\/wp\/v2\/posts\/6865\/revisions"}],"wp:featuredmedia":[{"embeddable":true,"href":"https:\/\/www.oidossucios.com\/site\/wp-json\/wp\/v2\/media\/100006865"}],"wp:attachment":[{"href":"https:\/\/www.oidossucios.com\/site\/wp-json\/wp\/v2\/media?parent=6865"}],"wp:term":[{"taxonomy":"category","embeddable":true,"href":"https:\/\/www.oidossucios.com\/site\/wp-json\/wp\/v2\/categories?post=6865"},{"taxonomy":"post_tag","embeddable":true,"href":"https:\/\/www.oidossucios.com\/site\/wp-json\/wp\/v2\/tags?post=6865"}],"curies":[{"name":"wp","href":"https:\/\/api.w.org\/{rel}","templated":true}]}}