{"id":6866,"date":"2013-02-22T08:52:00","date_gmt":"2013-02-22T08:52:00","guid":{"rendered":"https:\/\/www.oidossucios.com\/site\/2013\/02\/22\/justin-timberlake-se-presentara-en-snl-y-late-night-with-jimmy-fallon\/"},"modified":"2013-02-22T08:52:00","modified_gmt":"2013-02-22T08:52:00","slug":"justin-timberlake-se-presentara-en-snl-y-late-night-with-jimmy-fallon","status":"publish","type":"post","link":"https:\/\/www.oidossucios.com\/site\/justin-timberlake-se-presentara-en-snl-y-late-night-with-jimmy-fallon\/","title":{"rendered":"Justin Timberlake se presentar\u00e1 en SNL y Late Night With Jimmy Fallon"},"content":{"rendered":"<p>Sin duda, uno de los regresos m\u00e1s sonados este a\u00f1o es el de Justin Timberlake, y no s\u00f3lo por lo esperado del anuncio, sino porque las noticias y apariciones del cantante no se detienen.<\/p>\n<p>Es as\u00ed que, luego de presentarse en los premios Grammy, anoche form\u00f3 parte de los Brit Awards y ahora se ha dado a conocer que ser\u00e1 anfitri\u00f3n en Saturday Night Live y se presentar\u00e1 una semana completa en Late Night with Jimmy Fallon.<\/p>\n<p>En lo que respecta al primer programa, Timberlake se presentar\u00e1 el 9 de marzo pero no s\u00f3lo como anfitri\u00f3n, sino que tambi\u00e9n ser\u00e1 el invitado musical de la noche, mientras que el late night contar\u00e1 con el m\u00fasico del 11 al 15 del mismo mes.<i><\/p>\n<p>The 20\/20 Experience<\/i>ser\u00e1 lanzado al mercado el 19 de marzo, a trav\u00e9s de RCA, por lo que, al parecer, el pr\u00f3ximo mes estar\u00e1 m\u00e1s que cargado de Justin Timberlake.<\/p>\n<p>Fuente: www.warp.la<![endif]--><!--[if gte mso 10]> <\/style>\n\n <![endif]--><\/p>\n","protected":false},"excerpt":{"rendered":"<p>Sin duda, uno de los regresos m\u00e1s sonados este a\u00f1o es el de Justin Timberlake, y no s\u00f3lo por lo esperado del anuncio, sino porque las noticias y apariciones del cantante no se detienen. Es as\u00ed que, luego de presentarse en los premios Grammy, anoche form\u00f3 parte de los Brit Awards y ahora se ha [&hellip;]<\/p>\n","protected":false},"author":4,"featured_media":100006866,"comment_status":"open","ping_status":"open","sticky":false,"template":"","format":"standard","meta":{"_jetpack_memberships_contains_paid_content":false,"footnotes":""},"categories":[142],"tags":[],"class_list":["post-6866","post","type-post","status-publish","format-standard","has-post-thumbnail","hentry","category-buzznews"],"jetpack_featured_media_url":"https:\/\/www.oidossucios.com\/site\/wp-content\/uploads\/2013\/02\/6866.jpg","yoast_head":"<!-- This site is optimized with the Yoast SEO plugin v14.0.4 - https:\/\/yoast.com\/wordpress\/plugins\/seo\/ -->\n<title>Justin Timberlake se presentar\u00e1 en SNL y Late Night With Jimmy Fallon - OidosSucios.Com<\/title>\n<meta name=\"robots\" content=\"index, follow\" \/>\n<meta name=\"googlebot\" content=\"index, follow, max-snippet:-1, max-image-preview:large, max-video-preview:-1\" \/>\n<meta name=\"bingbot\" content=\"index, follow, max-snippet:-1, max-image-preview:large, max-video-preview:-1\" \/>\n<link rel=\"canonical\" href=\"https:\/\/www.oidossucios.com\/site\/justin-timberlake-se-presentara-en-snl-y-late-night-with-jimmy-fallon\/\" \/>\n<meta property=\"og:locale\" content=\"es_ES\" \/>\n<meta property=\"og:type\" content=\"article\" \/>\n<meta property=\"og:title\" content=\"Justin Timberlake se presentar\u00e1 en SNL y Late Night With Jimmy Fallon - OidosSucios.Com\" \/>\n<meta property=\"og:description\" content=\"Sin duda, uno de los regresos m\u00e1s sonados este a\u00f1o es el de Justin Timberlake, y no s\u00f3lo por lo esperado del anuncio, sino porque las noticias y apariciones del cantante no se detienen. Es as\u00ed que, luego de presentarse en los premios Grammy, anoche form\u00f3 parte de los Brit Awards y ahora se ha [&hellip;]\" \/>\n<meta property=\"og:url\" content=\"https:\/\/www.oidossucios.com\/site\/justin-timberlake-se-presentara-en-snl-y-late-night-with-jimmy-fallon\/\" \/>\n<meta property=\"og:site_name\" content=\"OidosSucios.Com\" \/>\n<meta property=\"article:published_time\" content=\"2013-02-22T08:52:00+00:00\" \/>\n<meta property=\"og:image\" content=\"https:\/\/www.oidossucios.com\/site\/wp-content\/uploads\/2013\/02\/6866.jpg\" \/>\n\t<meta property=\"og:image:width\" content=\"350\" \/>\n\t<meta property=\"og:image:height\" content=\"300\" \/>\n<meta name=\"twitter:card\" content=\"summary_large_image\" \/>\n<meta name=\"twitter:creator\" content=\"@oidossucios\" \/>\n<script type=\"application\/ld+json\" class=\"yoast-schema-graph\">{\"@context\":\"https:\/\/schema.org\",\"@graph\":[{\"@type\":\"WebSite\",\"@id\":\"https:\/\/www.oidossucios.com\/site\/#website\",\"url\":\"https:\/\/www.oidossucios.com\/site\/\",\"name\":\"OidosSucios.Com\",\"description\":\"M\\u00fasica, conciertos, discos\",\"potentialAction\":[{\"@type\":\"SearchAction\",\"target\":\"https:\/\/www.oidossucios.com\/site\/?s={search_term_string}\",\"query-input\":\"required name=search_term_string\"}],\"inLanguage\":\"es\"},{\"@type\":\"ImageObject\",\"@id\":\"https:\/\/www.oidossucios.com\/site\/justin-timberlake-se-presentara-en-snl-y-late-night-with-jimmy-fallon\/#primaryimage\",\"inLanguage\":\"es\",\"url\":\"https:\/\/www.oidossucios.com\/site\/wp-content\/uploads\/2013\/02\/6866.jpg\",\"width\":350,\"height\":300},{\"@type\":\"WebPage\",\"@id\":\"https:\/\/www.oidossucios.com\/site\/justin-timberlake-se-presentara-en-snl-y-late-night-with-jimmy-fallon\/#webpage\",\"url\":\"https:\/\/www.oidossucios.com\/site\/justin-timberlake-se-presentara-en-snl-y-late-night-with-jimmy-fallon\/\",\"name\":\"Justin Timberlake se presentar\\u00e1 en SNL y Late Night With Jimmy Fallon - OidosSucios.Com\",\"isPartOf\":{\"@id\":\"https:\/\/www.oidossucios.com\/site\/#website\"},\"primaryImageOfPage\":{\"@id\":\"https:\/\/www.oidossucios.com\/site\/justin-timberlake-se-presentara-en-snl-y-late-night-with-jimmy-fallon\/#primaryimage\"},\"datePublished\":\"2013-02-22T08:52:00+00:00\",\"dateModified\":\"2013-02-22T08:52:00+00:00\",\"author\":{\"@id\":\"https:\/\/www.oidossucios.com\/site\/#\/schema\/person\/24559eeb76bf83a63296fb072393a688\"},\"inLanguage\":\"es\",\"potentialAction\":[{\"@type\":\"ReadAction\",\"target\":[\"https:\/\/www.oidossucios.com\/site\/justin-timberlake-se-presentara-en-snl-y-late-night-with-jimmy-fallon\/\"]}]},{\"@type\":[\"Person\"],\"@id\":\"https:\/\/www.oidossucios.com\/site\/#\/schema\/person\/24559eeb76bf83a63296fb072393a688\",\"name\":\"Oidossucios\",\"image\":{\"@type\":\"ImageObject\",\"@id\":\"https:\/\/www.oidossucios.com\/site\/#personlogo\",\"inLanguage\":\"es\",\"url\":\"https:\/\/secure.gravatar.com\/avatar\/74fcb480f42f1a33e50a0b6e6369a3f907be2e43dc84fa5f76c66e9c22b4a5ab?s=96&d=mm&r=g\",\"caption\":\"Oidossucios\"},\"sameAs\":[\"https:\/\/twitter.com\/oidossucios\"]}]}<\/script>\n<!-- \/ Yoast SEO plugin. -->","jetpack_sharing_enabled":true,"_links":{"self":[{"href":"https:\/\/www.oidossucios.com\/site\/wp-json\/wp\/v2\/posts\/6866","targetHints":{"allow":["GET"]}}],"collection":[{"href":"https:\/\/www.oidossucios.com\/site\/wp-json\/wp\/v2\/posts"}],"about":[{"href":"https:\/\/www.oidossucios.com\/site\/wp-json\/wp\/v2\/types\/post"}],"author":[{"embeddable":true,"href":"https:\/\/www.oidossucios.com\/site\/wp-json\/wp\/v2\/users\/4"}],"replies":[{"embeddable":true,"href":"https:\/\/www.oidossucios.com\/site\/wp-json\/wp\/v2\/comments?post=6866"}],"version-history":[{"count":0,"href":"https:\/\/www.oidossucios.com\/site\/wp-json\/wp\/v2\/posts\/6866\/revisions"}],"wp:featuredmedia":[{"embeddable":true,"href":"https:\/\/www.oidossucios.com\/site\/wp-json\/wp\/v2\/media\/100006866"}],"wp:attachment":[{"href":"https:\/\/www.oidossucios.com\/site\/wp-json\/wp\/v2\/media?parent=6866"}],"wp:term":[{"taxonomy":"category","embeddable":true,"href":"https:\/\/www.oidossucios.com\/site\/wp-json\/wp\/v2\/categories?post=6866"},{"taxonomy":"post_tag","embeddable":true,"href":"https:\/\/www.oidossucios.com\/site\/wp-json\/wp\/v2\/tags?post=6866"}],"curies":[{"name":"wp","href":"https:\/\/api.w.org\/{rel}","templated":true}]}}