{"id":6895,"date":"2013-02-28T06:44:00","date_gmt":"2013-02-28T06:44:00","guid":{"rendered":"https:\/\/www.oidossucios.com\/site\/2013\/02\/28\/johnny-marr-que-vuelva-the-smiths-no-es-el-final-feliz\/"},"modified":"2013-02-28T06:44:00","modified_gmt":"2013-02-28T06:44:00","slug":"johnny-marr-que-vuelva-the-smiths-no-es-el-final-feliz","status":"publish","type":"post","link":"https:\/\/www.oidossucios.com\/site\/johnny-marr-que-vuelva-the-smiths-no-es-el-final-feliz\/","title":{"rendered":"Johnny Marr:  &#8220;Que vuelva The Smiths no es el final feliz&#8221;"},"content":{"rendered":"<p>Johnny Marr dijo que los fan\u00e1ticos deber\u00edan dejar de asumir que &#8220;su vida estar\u00e1 completa&#8221; si The Smiths se reuniera. El guitarrista, que acaba de sacar su primer \u00e1lbum solista, habl\u00f3 de las constantes preguntas acerca de un regreso de la banda que form\u00f3 con Morrisey en 1982.<\/p>\n<p>&#8220;Todos esperan que haya una especie de final feliz. El hecho es que hay un final feliz \u0096 yo soy feliz. Est\u00e1 todo en su lugar. Es un poco dif\u00edcil cuando la gente asume que su vida estar\u00e1 completa, o la vida de todo el mundo lo estar\u00e1, si esta banda de hace 25 a\u00f1os vuelve a reunirse&#8221;, dijo el violero. Adem\u00e1s, tir\u00f3 una algo ir\u00f3nica: &#8220;Si los fans buscan la iluminaci\u00f3n, que vayan a ver al Dalai Lama o algo que los haga sentir mejor&#8221;, en vez de tener la esperanza de que los Smiths vuelvan a tocar juntos.<\/p>\n<p>Johnny Marr acaba de lanzar su disco solista <i>The Messenger<\/i>, su primer trabajo propio luego de haber integrado bandas post-Smiths como The Cribs o Modest Mouse, y distintas colaboraciones a lo largo de su carrera. Por el momento, lo deja claro: no hay inter\u00e9s de volver a tocar con Morrisey en la banda brit\u00e1nica que marc\u00f3 tanto los 80.<\/p>\n<p>Fuente: www.fmrockandpop.com<![endif]--><!--[if gte mso 10]> <\/style>\n\n <![endif]--><\/p>\n","protected":false},"excerpt":{"rendered":"<p>Johnny Marr dijo que los fan\u00e1ticos deber\u00edan dejar de asumir que &#8220;su vida estar\u00e1 completa&#8221; si The Smiths se reuniera. El guitarrista, que acaba de sacar su primer \u00e1lbum solista, habl\u00f3 de las constantes preguntas acerca de un regreso de la banda que form\u00f3 con Morrisey en 1982. &#8220;Todos esperan que haya una especie de [&hellip;]<\/p>\n","protected":false},"author":4,"featured_media":100006895,"comment_status":"open","ping_status":"open","sticky":false,"template":"","format":"standard","meta":{"_jetpack_memberships_contains_paid_content":false,"footnotes":""},"categories":[142],"tags":[],"class_list":["post-6895","post","type-post","status-publish","format-standard","has-post-thumbnail","hentry","category-buzznews"],"jetpack_featured_media_url":"https:\/\/www.oidossucios.com\/site\/wp-content\/uploads\/2013\/02\/6895.jpg","yoast_head":"<!-- This site is optimized with the Yoast SEO plugin v14.0.4 - https:\/\/yoast.com\/wordpress\/plugins\/seo\/ -->\n<title>Johnny Marr: &quot;Que vuelva The Smiths no es el final feliz&quot; - OidosSucios.Com<\/title>\n<meta name=\"robots\" content=\"index, follow\" \/>\n<meta name=\"googlebot\" content=\"index, follow, max-snippet:-1, max-image-preview:large, max-video-preview:-1\" \/>\n<meta name=\"bingbot\" content=\"index, follow, max-snippet:-1, max-image-preview:large, max-video-preview:-1\" \/>\n<link rel=\"canonical\" href=\"https:\/\/www.oidossucios.com\/site\/johnny-marr-que-vuelva-the-smiths-no-es-el-final-feliz\/\" \/>\n<meta property=\"og:locale\" content=\"es_ES\" \/>\n<meta property=\"og:type\" content=\"article\" \/>\n<meta property=\"og:title\" content=\"Johnny Marr: &quot;Que vuelva The Smiths no es el final feliz&quot; - OidosSucios.Com\" \/>\n<meta property=\"og:description\" content=\"Johnny Marr dijo que los fan\u00e1ticos deber\u00edan dejar de asumir que &#8220;su vida estar\u00e1 completa&#8221; si The Smiths se reuniera. El guitarrista, que acaba de sacar su primer \u00e1lbum solista, habl\u00f3 de las constantes preguntas acerca de un regreso de la banda que form\u00f3 con Morrisey en 1982. &#8220;Todos esperan que haya una especie de [&hellip;]\" \/>\n<meta property=\"og:url\" content=\"https:\/\/www.oidossucios.com\/site\/johnny-marr-que-vuelva-the-smiths-no-es-el-final-feliz\/\" \/>\n<meta property=\"og:site_name\" content=\"OidosSucios.Com\" \/>\n<meta property=\"article:published_time\" content=\"2013-02-28T06:44:00+00:00\" \/>\n<meta property=\"og:image\" content=\"https:\/\/www.oidossucios.com\/site\/wp-content\/uploads\/2013\/02\/6895.jpg\" \/>\n\t<meta property=\"og:image:width\" content=\"350\" \/>\n\t<meta property=\"og:image:height\" content=\"300\" \/>\n<meta name=\"twitter:card\" content=\"summary_large_image\" \/>\n<meta name=\"twitter:creator\" content=\"@oidossucios\" \/>\n<script type=\"application\/ld+json\" class=\"yoast-schema-graph\">{\"@context\":\"https:\/\/schema.org\",\"@graph\":[{\"@type\":\"WebSite\",\"@id\":\"https:\/\/www.oidossucios.com\/site\/#website\",\"url\":\"https:\/\/www.oidossucios.com\/site\/\",\"name\":\"OidosSucios.Com\",\"description\":\"M\\u00fasica, conciertos, discos\",\"potentialAction\":[{\"@type\":\"SearchAction\",\"target\":\"https:\/\/www.oidossucios.com\/site\/?s={search_term_string}\",\"query-input\":\"required name=search_term_string\"}],\"inLanguage\":\"es\"},{\"@type\":\"ImageObject\",\"@id\":\"https:\/\/www.oidossucios.com\/site\/johnny-marr-que-vuelva-the-smiths-no-es-el-final-feliz\/#primaryimage\",\"inLanguage\":\"es\",\"url\":\"https:\/\/www.oidossucios.com\/site\/wp-content\/uploads\/2013\/02\/6895.jpg\",\"width\":350,\"height\":300},{\"@type\":\"WebPage\",\"@id\":\"https:\/\/www.oidossucios.com\/site\/johnny-marr-que-vuelva-the-smiths-no-es-el-final-feliz\/#webpage\",\"url\":\"https:\/\/www.oidossucios.com\/site\/johnny-marr-que-vuelva-the-smiths-no-es-el-final-feliz\/\",\"name\":\"Johnny Marr: \\\"Que vuelva The Smiths no es el final feliz\\\" - OidosSucios.Com\",\"isPartOf\":{\"@id\":\"https:\/\/www.oidossucios.com\/site\/#website\"},\"primaryImageOfPage\":{\"@id\":\"https:\/\/www.oidossucios.com\/site\/johnny-marr-que-vuelva-the-smiths-no-es-el-final-feliz\/#primaryimage\"},\"datePublished\":\"2013-02-28T06:44:00+00:00\",\"dateModified\":\"2013-02-28T06:44:00+00:00\",\"author\":{\"@id\":\"https:\/\/www.oidossucios.com\/site\/#\/schema\/person\/24559eeb76bf83a63296fb072393a688\"},\"inLanguage\":\"es\",\"potentialAction\":[{\"@type\":\"ReadAction\",\"target\":[\"https:\/\/www.oidossucios.com\/site\/johnny-marr-que-vuelva-the-smiths-no-es-el-final-feliz\/\"]}]},{\"@type\":[\"Person\"],\"@id\":\"https:\/\/www.oidossucios.com\/site\/#\/schema\/person\/24559eeb76bf83a63296fb072393a688\",\"name\":\"Oidossucios\",\"image\":{\"@type\":\"ImageObject\",\"@id\":\"https:\/\/www.oidossucios.com\/site\/#personlogo\",\"inLanguage\":\"es\",\"url\":\"https:\/\/secure.gravatar.com\/avatar\/74fcb480f42f1a33e50a0b6e6369a3f907be2e43dc84fa5f76c66e9c22b4a5ab?s=96&d=mm&r=g\",\"caption\":\"Oidossucios\"},\"sameAs\":[\"https:\/\/twitter.com\/oidossucios\"]}]}<\/script>\n<!-- \/ Yoast SEO plugin. -->","jetpack_sharing_enabled":true,"_links":{"self":[{"href":"https:\/\/www.oidossucios.com\/site\/wp-json\/wp\/v2\/posts\/6895","targetHints":{"allow":["GET"]}}],"collection":[{"href":"https:\/\/www.oidossucios.com\/site\/wp-json\/wp\/v2\/posts"}],"about":[{"href":"https:\/\/www.oidossucios.com\/site\/wp-json\/wp\/v2\/types\/post"}],"author":[{"embeddable":true,"href":"https:\/\/www.oidossucios.com\/site\/wp-json\/wp\/v2\/users\/4"}],"replies":[{"embeddable":true,"href":"https:\/\/www.oidossucios.com\/site\/wp-json\/wp\/v2\/comments?post=6895"}],"version-history":[{"count":0,"href":"https:\/\/www.oidossucios.com\/site\/wp-json\/wp\/v2\/posts\/6895\/revisions"}],"wp:featuredmedia":[{"embeddable":true,"href":"https:\/\/www.oidossucios.com\/site\/wp-json\/wp\/v2\/media\/100006895"}],"wp:attachment":[{"href":"https:\/\/www.oidossucios.com\/site\/wp-json\/wp\/v2\/media?parent=6895"}],"wp:term":[{"taxonomy":"category","embeddable":true,"href":"https:\/\/www.oidossucios.com\/site\/wp-json\/wp\/v2\/categories?post=6895"},{"taxonomy":"post_tag","embeddable":true,"href":"https:\/\/www.oidossucios.com\/site\/wp-json\/wp\/v2\/tags?post=6895"}],"curies":[{"name":"wp","href":"https:\/\/api.w.org\/{rel}","templated":true}]}}