{"id":6897,"date":"2013-02-28T21:16:00","date_gmt":"2013-02-28T21:16:00","guid":{"rendered":"https:\/\/www.oidossucios.com\/site\/2013\/02\/28\/buenaparte-graba-cinco-temas-en-directo-para-su-sesion-en-vivo\/"},"modified":"2013-02-28T21:16:00","modified_gmt":"2013-02-28T21:16:00","slug":"buenaparte-graba-cinco-temas-en-directo-para-su-sesion-en-vivo","status":"publish","type":"post","link":"https:\/\/www.oidossucios.com\/site\/buenaparte-graba-cinco-temas-en-directo-para-su-sesion-en-vivo\/","title":{"rendered":"Buenaparte graba cinco temas en directo para su &#8220;Sesi\u00f3n en vivo&#8221;"},"content":{"rendered":"<p>Todo fan desea poder disfrutar de sus artistas favoritos en un formato en vivo que sea honesto, directo, sencillo y a la vez \u00edntimo, como un suvenir especial, es por esto que Buenaparte estrena en la p\u00e1gina oficial de La Mega Estaci\u00f3n el pr\u00f3ximo mi\u00e9rcoles 06 de marzo <i>Sesi\u00f3n En Vivo<\/i>, un video de la banda tocando cinco canciones en directo en un estudio de grabaci\u00f3n al mejor estilo de las sesiones para la BBC.<\/p>\n<p>Luego de haber lanzado exitosamente su \u00e1lbum debut <i>La Ca\u00edda de Lucy<\/i> en el 2011,&nbsp; la banda oriunda de Puerto La Cruz, edit\u00f3 sencillos como &#8220;Puedes&#8221;, &#8220;Entre Acordes Torpes&#8221; y &#8220;Con Lucy in the Sky&#8221;.<i><\/p>\n<p>Buenaparte Sesi\u00f3n En Vivo<\/i>, es un proyecto liderado por Eduardo L\u00f3pez &#8220;Electric Freak Designs&#8221; y la banda con el objetivo de agradecer a los fans por su apoyo incondicional, plasmar la de las canciones en vivo con sonido crudo sin artilugios de post producci\u00f3n, cerrando el ciclo de <i>La Ca\u00edda de Lucy<\/i>, ya que el cuarteto a partir del mes de abril se enfocar\u00e1 en la grabaci\u00f3n del nuevo disco y no ofrecer\u00e1 presentaciones en vivo hasta comenzada la promoci\u00f3n del nuevo material.<i><\/p>\n<p>Sesion En Vivo<\/i> se realiz\u00f3 el 11 y 12 del mes de Agosto del 2012 en los estudios&nbsp; &#8220;311 Studio&#8221; en Puerto La Cruz, dirigida por Eduardo L\u00f3pez y el fot\u00f3grafo Ricardo Chigne, qui\u00e9n fue responsable de la direcci\u00f3n de fotograf\u00eda y la captura del video. El audio fue grabado y mezclado por el propio Eduardo L\u00f3pez.&nbsp; El mastering de audio fue realizado por Max Mart\u00ednez (productor\/ingeniero de sonido que ha trabajado en discos de sonido de Tomates Fritos, Vel France, Buenaparte, Planeador, Alfred G\u00f3mez jr, entre otros).<\/p>\n<p>El pr\u00f3ximo mi\u00e9rcoles 06 de marzo, <i>Buenaparte Sesi\u00f3n En Vivo<\/i>, estreno en exclusiva por la Mega 107 FM desde las 5:00 PM en &#8220;A La Cuenta de Tres&#8221;. El streaming del video y la descarga de un archivo del audio de la sesi\u00f3n, estar\u00e1n disponibles en www.lamegaestacion.com.<![endif]--><!--[if gte mso 10]> <\/style>\n\n <![endif]--><\/p>\n","protected":false},"excerpt":{"rendered":"<p>Todo fan desea poder disfrutar de sus artistas favoritos en un formato en vivo que sea honesto, directo, sencillo y a la vez \u00edntimo, como un suvenir especial, es por esto que Buenaparte estrena en la p\u00e1gina oficial de La Mega Estaci\u00f3n el pr\u00f3ximo mi\u00e9rcoles 06 de marzo Sesi\u00f3n En Vivo, un video de la [&hellip;]<\/p>\n","protected":false},"author":4,"featured_media":0,"comment_status":"open","ping_status":"open","sticky":false,"template":"","format":"standard","meta":{"_jetpack_memberships_contains_paid_content":false,"footnotes":""},"categories":[142],"tags":[],"class_list":["post-6897","post","type-post","status-publish","format-standard","hentry","category-buzznews"],"jetpack_featured_media_url":"","yoast_head":"<!-- This site is optimized with the Yoast SEO plugin v14.0.4 - https:\/\/yoast.com\/wordpress\/plugins\/seo\/ -->\n<title>Buenaparte graba cinco temas en directo para su &quot;Sesi\u00f3n en vivo&quot; - OidosSucios.Com<\/title>\n<meta name=\"robots\" content=\"index, follow\" \/>\n<meta name=\"googlebot\" content=\"index, follow, max-snippet:-1, max-image-preview:large, max-video-preview:-1\" \/>\n<meta name=\"bingbot\" content=\"index, follow, max-snippet:-1, max-image-preview:large, max-video-preview:-1\" \/>\n<link rel=\"canonical\" href=\"https:\/\/www.oidossucios.com\/site\/buenaparte-graba-cinco-temas-en-directo-para-su-sesion-en-vivo\/\" \/>\n<meta property=\"og:locale\" content=\"es_ES\" \/>\n<meta property=\"og:type\" content=\"article\" \/>\n<meta property=\"og:title\" content=\"Buenaparte graba cinco temas en directo para su &quot;Sesi\u00f3n en vivo&quot; - OidosSucios.Com\" \/>\n<meta property=\"og:description\" content=\"Todo fan desea poder disfrutar de sus artistas favoritos en un formato en vivo que sea honesto, directo, sencillo y a la vez \u00edntimo, como un suvenir especial, es por esto que Buenaparte estrena en la p\u00e1gina oficial de La Mega Estaci\u00f3n el pr\u00f3ximo mi\u00e9rcoles 06 de marzo Sesi\u00f3n En Vivo, un video de la [&hellip;]\" \/>\n<meta property=\"og:url\" content=\"https:\/\/www.oidossucios.com\/site\/buenaparte-graba-cinco-temas-en-directo-para-su-sesion-en-vivo\/\" \/>\n<meta property=\"og:site_name\" content=\"OidosSucios.Com\" \/>\n<meta property=\"article:published_time\" content=\"2013-02-28T21:16:00+00:00\" \/>\n<meta name=\"twitter:card\" content=\"summary_large_image\" \/>\n<meta name=\"twitter:creator\" content=\"@oidossucios\" \/>\n<script type=\"application\/ld+json\" class=\"yoast-schema-graph\">{\"@context\":\"https:\/\/schema.org\",\"@graph\":[{\"@type\":\"WebSite\",\"@id\":\"https:\/\/www.oidossucios.com\/site\/#website\",\"url\":\"https:\/\/www.oidossucios.com\/site\/\",\"name\":\"OidosSucios.Com\",\"description\":\"M\\u00fasica, conciertos, discos\",\"potentialAction\":[{\"@type\":\"SearchAction\",\"target\":\"https:\/\/www.oidossucios.com\/site\/?s={search_term_string}\",\"query-input\":\"required name=search_term_string\"}],\"inLanguage\":\"es\"},{\"@type\":\"WebPage\",\"@id\":\"https:\/\/www.oidossucios.com\/site\/buenaparte-graba-cinco-temas-en-directo-para-su-sesion-en-vivo\/#webpage\",\"url\":\"https:\/\/www.oidossucios.com\/site\/buenaparte-graba-cinco-temas-en-directo-para-su-sesion-en-vivo\/\",\"name\":\"Buenaparte graba cinco temas en directo para su \\\"Sesi\\u00f3n en vivo\\\" - OidosSucios.Com\",\"isPartOf\":{\"@id\":\"https:\/\/www.oidossucios.com\/site\/#website\"},\"datePublished\":\"2013-02-28T21:16:00+00:00\",\"dateModified\":\"2013-02-28T21:16:00+00:00\",\"author\":{\"@id\":\"https:\/\/www.oidossucios.com\/site\/#\/schema\/person\/24559eeb76bf83a63296fb072393a688\"},\"inLanguage\":\"es\",\"potentialAction\":[{\"@type\":\"ReadAction\",\"target\":[\"https:\/\/www.oidossucios.com\/site\/buenaparte-graba-cinco-temas-en-directo-para-su-sesion-en-vivo\/\"]}]},{\"@type\":[\"Person\"],\"@id\":\"https:\/\/www.oidossucios.com\/site\/#\/schema\/person\/24559eeb76bf83a63296fb072393a688\",\"name\":\"Oidossucios\",\"image\":{\"@type\":\"ImageObject\",\"@id\":\"https:\/\/www.oidossucios.com\/site\/#personlogo\",\"inLanguage\":\"es\",\"url\":\"https:\/\/secure.gravatar.com\/avatar\/74fcb480f42f1a33e50a0b6e6369a3f907be2e43dc84fa5f76c66e9c22b4a5ab?s=96&d=mm&r=g\",\"caption\":\"Oidossucios\"},\"sameAs\":[\"https:\/\/twitter.com\/oidossucios\"]}]}<\/script>\n<!-- \/ Yoast SEO plugin. -->","jetpack_sharing_enabled":true,"_links":{"self":[{"href":"https:\/\/www.oidossucios.com\/site\/wp-json\/wp\/v2\/posts\/6897","targetHints":{"allow":["GET"]}}],"collection":[{"href":"https:\/\/www.oidossucios.com\/site\/wp-json\/wp\/v2\/posts"}],"about":[{"href":"https:\/\/www.oidossucios.com\/site\/wp-json\/wp\/v2\/types\/post"}],"author":[{"embeddable":true,"href":"https:\/\/www.oidossucios.com\/site\/wp-json\/wp\/v2\/users\/4"}],"replies":[{"embeddable":true,"href":"https:\/\/www.oidossucios.com\/site\/wp-json\/wp\/v2\/comments?post=6897"}],"version-history":[{"count":0,"href":"https:\/\/www.oidossucios.com\/site\/wp-json\/wp\/v2\/posts\/6897\/revisions"}],"wp:attachment":[{"href":"https:\/\/www.oidossucios.com\/site\/wp-json\/wp\/v2\/media?parent=6897"}],"wp:term":[{"taxonomy":"category","embeddable":true,"href":"https:\/\/www.oidossucios.com\/site\/wp-json\/wp\/v2\/categories?post=6897"},{"taxonomy":"post_tag","embeddable":true,"href":"https:\/\/www.oidossucios.com\/site\/wp-json\/wp\/v2\/tags?post=6897"}],"curies":[{"name":"wp","href":"https:\/\/api.w.org\/{rel}","templated":true}]}}