{"id":6909,"date":"2013-03-04T06:03:00","date_gmt":"2013-03-04T06:03:00","guid":{"rendered":"https:\/\/www.oidossucios.com\/site\/2013\/03\/04\/scott-weiland-sobre-su-despido-de-stone-temple-pilots-es-algo-que-tendran-que-ver-los-abogados\/"},"modified":"2013-03-04T06:03:00","modified_gmt":"2013-03-04T06:03:00","slug":"scott-weiland-sobre-su-despido-de-stone-temple-pilots-es-algo-que-tendran-que-ver-los-abogados","status":"publish","type":"post","link":"https:\/\/www.oidossucios.com\/site\/scott-weiland-sobre-su-despido-de-stone-temple-pilots-es-algo-que-tendran-que-ver-los-abogados\/","title":{"rendered":"Scott Weiland sobre su despido de Stone Temple Pilots: &#8220;Es algo que tendr\u00e1n que ver los abogados&#8221;"},"content":{"rendered":"<p>Tras su despido de Stone Temple Pilots, de Scott Weiland no pudo quedarse en el molde: el cantante sostiene que en STP existe un contrato que dice que si alg\u00fan miembro se va, la banda deja de existir; o bien deber\u00eda ponerse otro nombre. &#8220;Es algo que tendr\u00e1n que ver los abogados&#8221;, asegur\u00f3 el frontman.<\/p>\n<p>&#8220;No estoy seguro como pude ser despedido de una banda que form\u00e9, lider\u00e9 y co-escrib\u00ed muchos de sus grandes hits.&#8221;, anunci\u00f3 Weiland, &#8220;pero es algo para que los abogados averig\u00fcen&#8221;.<\/p>\n<p>Dos d\u00edas atr\u00e1s, el publicista de Stone Temple Pilots hab\u00eda lanzado un comunicado que dec\u00eda que la banda &#8220;prescind\u00eda oficialmente de Scott Weiland&#8221;. Recordemos que Scott hab\u00eda abandonado STP una vez; en 2003, cuando se uni\u00f3 a Slash y compa\u00f1\u00eda para tocar en Velvet Revolver.<\/p>\n<p>Hoy, pareciera que Weiland no se quedar\u00e1 de brazos cruzados. En medio de todo esto, el cantante tiene fechas planeadas para tocar en su proyecto solista con The Wildabouts, y emprender\u00e1 la gira llamada Purple At The Core Tour.<\/p>\n<p>Fuente: www.fmrockandpop.com<![endif]--><!--[if gte mso 10]> <\/style>\n\n <![endif]--><\/p>\n","protected":false},"excerpt":{"rendered":"<p>Tras su despido de Stone Temple Pilots, de Scott Weiland no pudo quedarse en el molde: el cantante sostiene que en STP existe un contrato que dice que si alg\u00fan miembro se va, la banda deja de existir; o bien deber\u00eda ponerse otro nombre. &#8220;Es algo que tendr\u00e1n que ver los abogados&#8221;, asegur\u00f3 el frontman. [&hellip;]<\/p>\n","protected":false},"author":4,"featured_media":100006909,"comment_status":"open","ping_status":"open","sticky":false,"template":"","format":"standard","meta":{"_jetpack_memberships_contains_paid_content":false,"footnotes":""},"categories":[142],"tags":[],"class_list":["post-6909","post","type-post","status-publish","format-standard","has-post-thumbnail","hentry","category-buzznews"],"jetpack_featured_media_url":"https:\/\/www.oidossucios.com\/site\/wp-content\/uploads\/2013\/03\/6909.jpg","yoast_head":"<!-- This site is optimized with the Yoast SEO plugin v14.0.4 - https:\/\/yoast.com\/wordpress\/plugins\/seo\/ -->\n<title>Scott Weiland sobre su despido de Stone Temple Pilots: &quot;Es algo que tendr\u00e1n que ver los abogados&quot; - OidosSucios.Com<\/title>\n<meta name=\"robots\" content=\"index, follow\" \/>\n<meta name=\"googlebot\" content=\"index, follow, max-snippet:-1, max-image-preview:large, max-video-preview:-1\" \/>\n<meta name=\"bingbot\" content=\"index, follow, max-snippet:-1, max-image-preview:large, max-video-preview:-1\" \/>\n<link rel=\"canonical\" href=\"https:\/\/www.oidossucios.com\/site\/scott-weiland-sobre-su-despido-de-stone-temple-pilots-es-algo-que-tendran-que-ver-los-abogados\/\" \/>\n<meta property=\"og:locale\" content=\"es_ES\" \/>\n<meta property=\"og:type\" content=\"article\" \/>\n<meta property=\"og:title\" content=\"Scott Weiland sobre su despido de Stone Temple Pilots: &quot;Es algo que tendr\u00e1n que ver los abogados&quot; - OidosSucios.Com\" \/>\n<meta property=\"og:description\" content=\"Tras su despido de Stone Temple Pilots, de Scott Weiland no pudo quedarse en el molde: el cantante sostiene que en STP existe un contrato que dice que si alg\u00fan miembro se va, la banda deja de existir; o bien deber\u00eda ponerse otro nombre. &#8220;Es algo que tendr\u00e1n que ver los abogados&#8221;, asegur\u00f3 el frontman. [&hellip;]\" \/>\n<meta property=\"og:url\" content=\"https:\/\/www.oidossucios.com\/site\/scott-weiland-sobre-su-despido-de-stone-temple-pilots-es-algo-que-tendran-que-ver-los-abogados\/\" \/>\n<meta property=\"og:site_name\" content=\"OidosSucios.Com\" \/>\n<meta property=\"article:published_time\" content=\"2013-03-04T06:03:00+00:00\" \/>\n<meta property=\"og:image\" content=\"https:\/\/www.oidossucios.com\/site\/wp-content\/uploads\/2013\/03\/6909.jpg\" \/>\n\t<meta property=\"og:image:width\" content=\"350\" \/>\n\t<meta property=\"og:image:height\" content=\"300\" \/>\n<meta name=\"twitter:card\" content=\"summary_large_image\" \/>\n<meta name=\"twitter:creator\" content=\"@oidossucios\" \/>\n<script type=\"application\/ld+json\" class=\"yoast-schema-graph\">{\"@context\":\"https:\/\/schema.org\",\"@graph\":[{\"@type\":\"WebSite\",\"@id\":\"https:\/\/www.oidossucios.com\/site\/#website\",\"url\":\"https:\/\/www.oidossucios.com\/site\/\",\"name\":\"OidosSucios.Com\",\"description\":\"M\\u00fasica, conciertos, discos\",\"potentialAction\":[{\"@type\":\"SearchAction\",\"target\":\"https:\/\/www.oidossucios.com\/site\/?s={search_term_string}\",\"query-input\":\"required name=search_term_string\"}],\"inLanguage\":\"es\"},{\"@type\":\"ImageObject\",\"@id\":\"https:\/\/www.oidossucios.com\/site\/scott-weiland-sobre-su-despido-de-stone-temple-pilots-es-algo-que-tendran-que-ver-los-abogados\/#primaryimage\",\"inLanguage\":\"es\",\"url\":\"https:\/\/www.oidossucios.com\/site\/wp-content\/uploads\/2013\/03\/6909.jpg\",\"width\":350,\"height\":300},{\"@type\":\"WebPage\",\"@id\":\"https:\/\/www.oidossucios.com\/site\/scott-weiland-sobre-su-despido-de-stone-temple-pilots-es-algo-que-tendran-que-ver-los-abogados\/#webpage\",\"url\":\"https:\/\/www.oidossucios.com\/site\/scott-weiland-sobre-su-despido-de-stone-temple-pilots-es-algo-que-tendran-que-ver-los-abogados\/\",\"name\":\"Scott Weiland sobre su despido de Stone Temple Pilots: \\\"Es algo que tendr\\u00e1n que ver los abogados\\\" - OidosSucios.Com\",\"isPartOf\":{\"@id\":\"https:\/\/www.oidossucios.com\/site\/#website\"},\"primaryImageOfPage\":{\"@id\":\"https:\/\/www.oidossucios.com\/site\/scott-weiland-sobre-su-despido-de-stone-temple-pilots-es-algo-que-tendran-que-ver-los-abogados\/#primaryimage\"},\"datePublished\":\"2013-03-04T06:03:00+00:00\",\"dateModified\":\"2013-03-04T06:03:00+00:00\",\"author\":{\"@id\":\"https:\/\/www.oidossucios.com\/site\/#\/schema\/person\/24559eeb76bf83a63296fb072393a688\"},\"inLanguage\":\"es\",\"potentialAction\":[{\"@type\":\"ReadAction\",\"target\":[\"https:\/\/www.oidossucios.com\/site\/scott-weiland-sobre-su-despido-de-stone-temple-pilots-es-algo-que-tendran-que-ver-los-abogados\/\"]}]},{\"@type\":[\"Person\"],\"@id\":\"https:\/\/www.oidossucios.com\/site\/#\/schema\/person\/24559eeb76bf83a63296fb072393a688\",\"name\":\"Oidossucios\",\"image\":{\"@type\":\"ImageObject\",\"@id\":\"https:\/\/www.oidossucios.com\/site\/#personlogo\",\"inLanguage\":\"es\",\"url\":\"https:\/\/secure.gravatar.com\/avatar\/74fcb480f42f1a33e50a0b6e6369a3f907be2e43dc84fa5f76c66e9c22b4a5ab?s=96&d=mm&r=g\",\"caption\":\"Oidossucios\"},\"sameAs\":[\"https:\/\/twitter.com\/oidossucios\"]}]}<\/script>\n<!-- \/ Yoast SEO plugin. -->","jetpack_sharing_enabled":true,"_links":{"self":[{"href":"https:\/\/www.oidossucios.com\/site\/wp-json\/wp\/v2\/posts\/6909","targetHints":{"allow":["GET"]}}],"collection":[{"href":"https:\/\/www.oidossucios.com\/site\/wp-json\/wp\/v2\/posts"}],"about":[{"href":"https:\/\/www.oidossucios.com\/site\/wp-json\/wp\/v2\/types\/post"}],"author":[{"embeddable":true,"href":"https:\/\/www.oidossucios.com\/site\/wp-json\/wp\/v2\/users\/4"}],"replies":[{"embeddable":true,"href":"https:\/\/www.oidossucios.com\/site\/wp-json\/wp\/v2\/comments?post=6909"}],"version-history":[{"count":0,"href":"https:\/\/www.oidossucios.com\/site\/wp-json\/wp\/v2\/posts\/6909\/revisions"}],"wp:featuredmedia":[{"embeddable":true,"href":"https:\/\/www.oidossucios.com\/site\/wp-json\/wp\/v2\/media\/100006909"}],"wp:attachment":[{"href":"https:\/\/www.oidossucios.com\/site\/wp-json\/wp\/v2\/media?parent=6909"}],"wp:term":[{"taxonomy":"category","embeddable":true,"href":"https:\/\/www.oidossucios.com\/site\/wp-json\/wp\/v2\/categories?post=6909"},{"taxonomy":"post_tag","embeddable":true,"href":"https:\/\/www.oidossucios.com\/site\/wp-json\/wp\/v2\/tags?post=6909"}],"curies":[{"name":"wp","href":"https:\/\/api.w.org\/{rel}","templated":true}]}}