{"id":6910,"date":"2013-03-04T18:57:00","date_gmt":"2013-03-04T18:57:00","guid":{"rendered":"https:\/\/www.oidossucios.com\/site\/2013\/03\/04\/vltravioleta-estreno-su-ep-debut-ecos-de-la-linea-en-la-quinta-bar\/"},"modified":"2013-03-04T18:57:00","modified_gmt":"2013-03-04T18:57:00","slug":"vltravioleta-estreno-su-ep-debut-ecos-de-la-linea-en-la-quinta-bar","status":"publish","type":"post","link":"https:\/\/www.oidossucios.com\/site\/vltravioleta-estreno-su-ep-debut-ecos-de-la-linea-en-la-quinta-bar\/","title":{"rendered":"Vltravioleta estren\u00f3 su EP debut &#8220;Ecos de la l\u00ednea&#8221; en La Quinta Bar"},"content":{"rendered":"<p>Por Andrea Daly<\/p>\n<p>Fotos:&nbsp;Jhon Scarso \/&nbsp;<a target=\"_blank\" href=\"http:\/\/scarso.net\/\" rel=\"noopener noreferrer\"><b>SCARSO.NET<\/b><\/a><\/p>\n<p>La agrupaci\u00f3n conformada por Jorge Montero (vocalista), Alejandro Zabala (guitarrista), Tom\u00e1s Zabala (baterista), Alejandro S\u00e1nchez (tecladista): Vltravioleta, dio a conocer los temas de su \u00faltimo EP, <i>Ecos de la L\u00ednea<\/i>,&nbsp; con una presentaci\u00f3n en vivo en el local La Quinta Bar, el pasado 1 de marzo.<\/p>\n<p>El t\u00edtulo del EP hace referencia a la L\u00ednea de K\u00e1rm\u00e1n, la que divide la atm\u00f3sfera planetaria del espacio exterior. &#8220;Nuestra m\u00fasica son como ecos producidos por una mezcla terrenal y sideral&#8221; coment\u00f3 la banda en una entrevista con el portal <a href=\"http:\/\/www.arumbear.com\/\">www.arumbear.com<\/a>.<\/p>\n<p>Con el local lleno y el sonido preparado, a las 11:50 Mar\u00eda Pura de La Mega 107.3 FM, realiz\u00f3 la introducci\u00f3n, donde coment\u00f3, entre otras cosas, que la presentaci\u00f3n del EP debut de una banda era muy importante. Seguido de aplausos se dio entrada de los m\u00fasicos.<\/p>\n<p>En una tarima amplia y con un sonido brutal, los integrantes de la banda entraron al escenario y comenzaron con una parte instrumental, para luego integrarse el vocalista Jorge Montero.<\/p>\n<p>El toque inici\u00f3 con su sencillo promocional &#8220;Sobrevuelo&#8221;. El cantante agradeci\u00f3 al p\u00fablico por asistir.<\/p>\n<p>Con dos pantallas de fondo que reproduc\u00edan algunas im\u00e1genes, y con Montero jugando con la tarima, posando para algunas fotos y animando el p\u00fablico, sigui\u00f3 &#8220;Alquimia&#8221;.<\/p>\n<p>Para la tercera canci\u00f3n, los acompa\u00f1\u00f3 Edgard Lamberti, de la agrupaci\u00f3n Andreazulado. Juntos interpretaron &#8220;Juegos de mi mente&#8221;.<\/p>\n<p>Lamberti baj\u00f3 de tarima y Montero coment\u00f3 que la siguiente canci\u00f3n &#8220;No est\u00e1 en el EP, estar\u00e1 en el disco&#8221;, el cual ver\u00e1 luz al p\u00fablico &#8220;dentro de un a\u00f1o, si Dios quiere&#8221;.<\/p>\n<p>Siguiendo con el show, Montero agreg\u00f3 que su siguiente canci\u00f3n era la sexta del EP y que era &#8220;una de sus favoritas&#8221;. Al terminar dijo nuevamente &#8220;\u00a1Gracias Quinta!&#8221;.<\/p>\n<p>H\u00e9ctor Castillo de Los Sordos fue el segundo y \u00faltimo invitado de la noche. Colaborador de la banda y seg\u00fan Montero &#8220;uno de los mejores guitarristas que tenemos en el pa\u00eds&#8221;; los acompa\u00f1\u00f3 en la interpretaci\u00f3n del tema &#8220;Lento&#8221; y con esta despidieron al p\u00fablico, el cual comenz\u00f3 a pedir una canci\u00f3n m\u00e1s. Con el vocalista fuera de la tarima, el guitarrista dirigi\u00f3 algunas palabras de agradecimiento al p\u00fablico y luego Montero entra nuevamente para regalar un tema m\u00e1s.<\/p>\n<p>&#8220;Gracias a todos y principalmente a La Quinta Bar&#8221;. Fueron las palabras del vocalista para finalizar el show que llen\u00f3 el local.<\/p>\n<p>De esta forma, Vltravioleta present\u00f3 su EP, con una buena recepci\u00f3n por parte de los presentes.<![endif]--><!--[if gte mso 10]> <\/style>\n\n <![endif]--><!--nextpage--><img decoding=\"async\" class=\"aligncenter size-medium wp-image-111116568\" src=\"https:\/\/www.oidossucios.com\/site\/wp-content\/uploads\/2020\/02\/6568.jpg\" alt=\"Vltravioleta estren\u00f3 su EP debut \"Ecos de la l\u00ednea\" en La Quinta Bar\"  \/><!--nextpage--><img decoding=\"async\" class=\"aligncenter size-medium wp-image-111116569\" src=\"https:\/\/www.oidossucios.com\/site\/wp-content\/uploads\/2020\/02\/6569.jpg\" alt=\"Vltravioleta estren\u00f3 su EP debut \"Ecos de la l\u00ednea\" en La Quinta Bar\"  \/><!--nextpage--><img decoding=\"async\" class=\"aligncenter size-medium wp-image-111116570\" src=\"https:\/\/www.oidossucios.com\/site\/wp-content\/uploads\/2020\/02\/6570.jpg\" alt=\"Vltravioleta estren\u00f3 su EP debut \"Ecos de la l\u00ednea\" en La Quinta Bar\"  \/><!--nextpage--><img decoding=\"async\" class=\"aligncenter size-medium wp-image-111116571\" src=\"https:\/\/www.oidossucios.com\/site\/wp-content\/uploads\/2020\/02\/6571.jpg\" alt=\"Vltravioleta estren\u00f3 su EP debut \"Ecos de la l\u00ednea\" en La Quinta Bar\"  \/><!--nextpage--><img decoding=\"async\" class=\"aligncenter size-medium wp-image-111116572\" src=\"https:\/\/www.oidossucios.com\/site\/wp-content\/uploads\/2020\/02\/6572.jpg\" alt=\"Vltravioleta estren\u00f3 su EP debut \"Ecos de la l\u00ednea\" en La Quinta Bar\"  \/><!--nextpage--><img decoding=\"async\" class=\"aligncenter size-medium wp-image-111116573\" src=\"https:\/\/www.oidossucios.com\/site\/wp-content\/uploads\/2020\/02\/6573.jpg\" alt=\"Vltravioleta estren\u00f3 su EP debut \"Ecos de la l\u00ednea\" en La Quinta Bar\"  \/><!--nextpage--><img decoding=\"async\" class=\"aligncenter size-medium wp-image-111116574\" src=\"https:\/\/www.oidossucios.com\/site\/wp-content\/uploads\/2020\/02\/6574.jpg\" alt=\"Vltravioleta estren\u00f3 su EP debut \"Ecos de la l\u00ednea\" en La Quinta Bar\"  \/><!--nextpage--><img decoding=\"async\" class=\"aligncenter size-medium wp-image-111116575\" src=\"https:\/\/www.oidossucios.com\/site\/wp-content\/uploads\/2020\/02\/6575.jpg\" alt=\"Vltravioleta estren\u00f3 su EP debut \"Ecos de la l\u00ednea\" en La Quinta Bar\"  \/><!--nextpage--><img decoding=\"async\" class=\"aligncenter size-medium wp-image-111116576\" src=\"https:\/\/www.oidossucios.com\/site\/wp-content\/uploads\/2020\/02\/6576.jpg\" alt=\"Vltravioleta estren\u00f3 su EP debut \"Ecos de la l\u00ednea\" en La Quinta Bar\"  \/><!--nextpage--><img decoding=\"async\" class=\"aligncenter size-medium wp-image-111116577\" src=\"https:\/\/www.oidossucios.com\/site\/wp-content\/uploads\/2020\/02\/6577.jpg\" alt=\"Vltravioleta estren\u00f3 su EP debut \"Ecos de la l\u00ednea\" en La Quinta Bar\"  \/><!--nextpage--><img decoding=\"async\" class=\"aligncenter size-medium wp-image-111116578\" src=\"https:\/\/www.oidossucios.com\/site\/wp-content\/uploads\/2020\/02\/6578.jpg\" alt=\"Vltravioleta estren\u00f3 su EP debut \"Ecos de la l\u00ednea\" en La Quinta Bar\"  \/><!--nextpage--><img decoding=\"async\" class=\"aligncenter size-medium wp-image-111116579\" src=\"https:\/\/www.oidossucios.com\/site\/wp-content\/uploads\/2020\/02\/6579.jpg\" alt=\"Vltravioleta estren\u00f3 su EP debut \"Ecos de la l\u00ednea\" en La Quinta Bar\"  \/><!--nextpage--><img decoding=\"async\" class=\"aligncenter size-medium wp-image-111116580\" src=\"https:\/\/www.oidossucios.com\/site\/wp-content\/uploads\/2020\/02\/6580.jpg\" alt=\"Vltravioleta estren\u00f3 su EP debut \"Ecos de la l\u00ednea\" en La Quinta Bar\"  \/><!--nextpage--><img decoding=\"async\" class=\"aligncenter size-medium wp-image-111116581\" src=\"https:\/\/www.oidossucios.com\/site\/wp-content\/uploads\/2020\/02\/6581.jpg\" alt=\"Vltravioleta estren\u00f3 su EP debut \"Ecos de la l\u00ednea\" en La Quinta Bar\"  \/><!--nextpage--><img decoding=\"async\" class=\"aligncenter size-medium wp-image-111116582\" src=\"https:\/\/www.oidossucios.com\/site\/wp-content\/uploads\/2020\/02\/6582.jpg\" alt=\"Vltravioleta estren\u00f3 su EP debut \"Ecos de la l\u00ednea\" en La Quinta Bar\"  \/><!--nextpage--><img decoding=\"async\" class=\"aligncenter size-medium wp-image-111116583\" src=\"https:\/\/www.oidossucios.com\/site\/wp-content\/uploads\/2020\/02\/6583.jpg\" alt=\"Vltravioleta estren\u00f3 su EP debut \"Ecos de la l\u00ednea\" en La Quinta Bar\"  \/><!--nextpage--><img decoding=\"async\" class=\"aligncenter size-medium wp-image-111116584\" src=\"https:\/\/www.oidossucios.com\/site\/wp-content\/uploads\/2020\/02\/6584.jpg\" alt=\"Vltravioleta estren\u00f3 su EP debut \"Ecos de la l\u00ednea\" en La Quinta Bar\"  \/><!--nextpage--><img decoding=\"async\" class=\"aligncenter size-medium wp-image-111116585\" src=\"https:\/\/www.oidossucios.com\/site\/wp-content\/uploads\/2020\/02\/6585.jpg\" alt=\"Vltravioleta estren\u00f3 su EP debut \"Ecos de la l\u00ednea\" en La Quinta Bar\"  \/><!--nextpage--><img decoding=\"async\" class=\"aligncenter size-medium wp-image-111116586\" src=\"https:\/\/www.oidossucios.com\/site\/wp-content\/uploads\/2020\/02\/6586.jpg\" alt=\"Vltravioleta estren\u00f3 su EP debut \"Ecos de la l\u00ednea\" en La Quinta Bar\"  \/><!--nextpage--><img decoding=\"async\" class=\"aligncenter size-medium wp-image-111116587\" src=\"https:\/\/www.oidossucios.com\/site\/wp-content\/uploads\/2020\/02\/6587.jpg\" alt=\"Vltravioleta estren\u00f3 su EP debut \"Ecos de la l\u00ednea\" en La Quinta Bar\"  \/><!--nextpage--><img decoding=\"async\" class=\"aligncenter size-medium wp-image-111116588\" src=\"https:\/\/www.oidossucios.com\/site\/wp-content\/uploads\/2020\/02\/6588.jpg\" alt=\"Vltravioleta estren\u00f3 su EP debut \"Ecos de la l\u00ednea\" en La Quinta Bar\"  \/><!--nextpage--><img decoding=\"async\" class=\"aligncenter size-medium wp-image-111116589\" src=\"https:\/\/www.oidossucios.com\/site\/wp-content\/uploads\/2020\/02\/6589.jpg\" alt=\"Vltravioleta estren\u00f3 su EP debut \"Ecos de la l\u00ednea\" en La Quinta Bar\"  \/><!--nextpage--><img decoding=\"async\" class=\"aligncenter size-medium wp-image-111116590\" src=\"https:\/\/www.oidossucios.com\/site\/wp-content\/uploads\/2020\/02\/6590.jpg\" alt=\"Vltravioleta estren\u00f3 su EP debut \"Ecos de la l\u00ednea\" en La Quinta Bar\"  \/><!--nextpage--><img decoding=\"async\" class=\"aligncenter size-medium wp-image-111116591\" src=\"https:\/\/www.oidossucios.com\/site\/wp-content\/up\nloads\/2020\/02\/6591.jpg\" alt=\"Vltravioleta estren\u00f3 su EP debut \"Ecos de la l\u00ednea\" en La Quinta Bar\"  \/><!--nextpage--><img decoding=\"async\" class=\"aligncenter size-medium wp-image-111116592\" src=\"https:\/\/www.oidossucios.com\/site\/wp-content\/uploads\/2020\/02\/6592.jpg\" alt=\"Vltravioleta estren\u00f3 su EP debut \"Ecos de la l\u00ednea\" en La Quinta Bar\"  \/><!--nextpage--><img decoding=\"async\" class=\"aligncenter size-medium wp-image-111116593\" src=\"https:\/\/www.oidossucios.com\/site\/wp-content\/uploads\/2020\/02\/6593.jpg\" alt=\"Vltravioleta estren\u00f3 su EP debut \"Ecos de la l\u00ednea\" en La Quinta Bar\"  \/><!--nextpage--><img decoding=\"async\" class=\"aligncenter size-medium wp-image-111116594\" src=\"https:\/\/www.oidossucios.com\/site\/wp-content\/uploads\/2020\/02\/6594.jpg\" alt=\"Vltravioleta estren\u00f3 su EP debut \"Ecos de la l\u00ednea\" en La Quinta Bar\"  \/><!--nextpage--><img decoding=\"async\" class=\"aligncenter size-medium wp-image-111116595\" src=\"https:\/\/www.oidossucios.com\/site\/wp-content\/uploads\/2020\/02\/6595.jpg\" alt=\"Vltravioleta estren\u00f3 su EP debut \"Ecos de la l\u00ednea\" en La Quinta Bar\"  \/><!--nextpage--><img decoding=\"async\" class=\"aligncenter size-medium wp-image-111116596\" src=\"https:\/\/www.oidossucios.com\/site\/wp-content\/uploads\/2020\/02\/6596.jpg\" alt=\"Vltravioleta estren\u00f3 su EP debut \"Ecos de la l\u00ednea\" en La Quinta Bar\"  \/><!--nextpage--><img decoding=\"async\" class=\"aligncenter size-medium wp-image-111116597\" src=\"https:\/\/www.oidossucios.com\/site\/wp-content\/uploads\/2020\/02\/6597.jpg\" alt=\"Vltravioleta estren\u00f3 su EP debut \"Ecos de la l\u00ednea\" en La Quinta Bar\"  \/><!--nextpage--><img decoding=\"async\" class=\"aligncenter size-medium wp-image-111116598\" src=\"https:\/\/www.oidossucios.com\/site\/wp-content\/uploads\/2020\/02\/6598.jpg\" alt=\"Vltravioleta estren\u00f3 su EP debut \"Ecos de la l\u00ednea\" en La Quinta Bar\"  \/><!--nextpage--><img decoding=\"async\" class=\"aligncenter size-medium wp-image-111116599\" src=\"https:\/\/www.oidossucios.com\/site\/wp-content\/uploads\/2020\/02\/6599.jpg\" alt=\"Vltravioleta estren\u00f3 su EP debut \"Ecos de la l\u00ednea\" en La Quinta Bar\"  \/><!--nextpage--><img decoding=\"async\" class=\"aligncenter size-medium wp-image-111116600\" src=\"https:\/\/www.oidossucios.com\/site\/wp-content\/uploads\/2020\/02\/6600.jpg\" alt=\"Vltravioleta estren\u00f3 su EP debut \"Ecos de la l\u00ednea\" en La Quinta Bar\"  \/><!--nextpage--><img decoding=\"async\" class=\"aligncenter size-medium wp-image-111116601\" src=\"https:\/\/www.oidossucios.com\/site\/wp-content\/uploads\/2020\/02\/6601.jpg\" alt=\"Vltravioleta estren\u00f3 su EP debut \"Ecos de la l\u00ednea\" en La Quinta Bar\"  \/><!--nextpage--><img decoding=\"async\" class=\"aligncenter size-medium wp-image-111116602\" src=\"https:\/\/www.oidossucios.com\/site\/wp-content\/uploads\/2020\/02\/6602.jpg\" alt=\"Vltravioleta estren\u00f3 su EP debut \"Ecos de la l\u00ednea\" en La Quinta Bar\"  \/><!--nextpage--><img decoding=\"async\" class=\"aligncenter size-medium wp-image-111116603\" src=\"https:\/\/www.oidossucios.com\/site\/wp-content\/uploads\/2020\/02\/6603.jpg\" alt=\"Vltravioleta estren\u00f3 su EP debut \"Ecos de la l\u00ednea\" en La Quinta Bar\"  \/><a href='https:\/\/www.oidossucios.com\/site\/vltravioleta-estreno-su-ep-debut-ecos-de-la-linea-en-la-quinta-bar\/2\/'\n                        onclick='if (tpsInstance) { tpsInstance.setNext(); return false; }'\n                        rel='next'\n                        style=''\n                        class=''>Ver galer\u00eda<\/a>]]><\/p>\n","protected":false},"excerpt":{"rendered":"<p>La agrupaci\u00f3n conformada por Jorge Montero (vocalista), Alejandro Zabala (guitarrista), Tom\u00e1s Zabala (baterista), Alejandro S\u00e1nchez (tecladista): present\u00f3 su EP &quot;Ecos de la L\u00ednea&quot; en vivo en La Quinta Bar, el pasado 1 de marzo.<\/p>\n","protected":false},"author":4,"featured_media":100006910,"comment_status":"open","ping_status":"open","sticky":false,"template":"","format":"standard","meta":{"_jetpack_memberships_contains_paid_content":false,"footnotes":""},"categories":[203],"tags":[705],"class_list":["post-6910","post","type-post","status-publish","format-standard","has-post-thumbnail","hentry","category-eventos","tag-kalinadaly"],"jetpack_featured_media_url":"https:\/\/www.oidossucios.com\/site\/wp-content\/uploads\/2013\/03\/6910.jpg","yoast_head":"<!-- This site is optimized with the Yoast SEO plugin v14.0.4 - https:\/\/yoast.com\/wordpress\/plugins\/seo\/ -->\n<title>Vltravioleta estren\u00f3 su EP debut &quot;Ecos de la l\u00ednea&quot; en La Quinta Bar - OidosSucios.Com<\/title>\n<meta name=\"description\" content=\"La agrupaci\u00f3n conformada por Jorge Montero (vocalista), Alejandro Zabala (guitarrista), Tom\u00e1s Zabala (baterista), Alejandro S\u00e1nchez (tecladista): present\u00f3 su EP &quot;Ecos de la L\u00ednea&quot; en vivo en La Quinta Bar, el pasado 1 de marzo.\" \/>\n<meta name=\"robots\" content=\"index, follow\" \/>\n<meta name=\"googlebot\" content=\"index, follow, max-snippet:-1, max-image-preview:large, max-video-preview:-1\" \/>\n<meta name=\"bingbot\" content=\"index, follow, max-snippet:-1, max-image-preview:large, max-video-preview:-1\" \/>\n<link rel=\"canonical\" href=\"https:\/\/www.oidossucios.com\/site\/vltravioleta-estreno-su-ep-debut-ecos-de-la-linea-en-la-quinta-bar\/\" \/>\n<link rel=\"next\" href=\"https:\/\/www.oidossucios.com\/site\/vltravioleta-estreno-su-ep-debut-ecos-de-la-linea-en-la-quinta-bar\/2\/\" \/>\n<meta property=\"og:locale\" content=\"es_ES\" \/>\n<meta property=\"og:type\" content=\"article\" \/>\n<meta property=\"og:title\" content=\"Vltravioleta estren\u00f3 su EP debut &quot;Ecos de la l\u00ednea&quot; en La Quinta Bar - OidosSucios.Com\" \/>\n<meta property=\"og:description\" content=\"La agrupaci\u00f3n conformada por Jorge Montero (vocalista), Alejandro Zabala (guitarrista), Tom\u00e1s Zabala (baterista), Alejandro S\u00e1nchez (tecladista): present\u00f3 su EP &quot;Ecos de la L\u00ednea&quot; en vivo en La Quinta Bar, el pasado 1 de marzo.\" \/>\n<meta property=\"og:url\" content=\"https:\/\/www.oidossucios.com\/site\/vltravioleta-estreno-su-ep-debut-ecos-de-la-linea-en-la-quinta-bar\/\" \/>\n<meta property=\"og:site_name\" content=\"OidosSucios.Com\" \/>\n<meta property=\"article:published_time\" content=\"2013-03-04T18:57:00+00:00\" \/>\n<meta property=\"og:image\" content=\"https:\/\/www.oidossucios.com\/site\/wp-content\/uploads\/2013\/03\/6910.jpg\" \/>\n\t<meta property=\"og:image:width\" content=\"350\" \/>\n\t<meta property=\"og:image:height\" content=\"300\" \/>\n<meta name=\"twitter:card\" content=\"summary_large_image\" \/>\n<meta name=\"twitter:creator\" content=\"@oidossucios\" \/>\n<script type=\"application\/ld+json\" class=\"yoast-schema-graph\">{\"@context\":\"https:\/\/schema.org\",\"@graph\":[{\"@type\":\"WebSite\",\"@id\":\"https:\/\/www.oidossucios.com\/site\/#website\",\"url\":\"https:\/\/www.oidossucios.com\/site\/\",\"name\":\"OidosSucios.Com\",\"description\":\"M\\u00fasica, conciertos, discos\",\"potentialAction\":[{\"@type\":\"SearchAction\",\"target\":\"https:\/\/www.oidossucios.com\/site\/?s={search_term_string}\",\"query-input\":\"required name=search_term_string\"}],\"inLanguage\":\"es\"},{\"@type\":\"ImageObject\",\"@id\":\"https:\/\/www.oidossucios.com\/site\/vltravioleta-estreno-su-ep-debut-ecos-de-la-linea-en-la-quinta-bar\/#primaryimage\",\"inLanguage\":\"es\",\"url\":\"https:\/\/www.oidossucios.com\/site\/wp-content\/uploads\/2013\/03\/6910.jpg\",\"width\":350,\"height\":300},{\"@type\":\"WebPage\",\"@id\":\"https:\/\/www.oidossucios.com\/site\/vltravioleta-estreno-su-ep-debut-ecos-de-la-linea-en-la-quinta-bar\/#webpage\",\"url\":\"https:\/\/www.oidossucios.com\/site\/vltravioleta-estreno-su-ep-debut-ecos-de-la-linea-en-la-quinta-bar\/\",\"name\":\"Vltravioleta estren\\u00f3 su EP debut \\\"Ecos de la l\\u00ednea\\\" en La Quinta Bar - OidosSucios.Com\",\"isPartOf\":{\"@id\":\"https:\/\/www.oidossucios.com\/site\/#website\"},\"primaryImageOfPage\":{\"@id\":\"https:\/\/www.oidossucios.com\/site\/vltravioleta-estreno-su-ep-debut-ecos-de-la-linea-en-la-quinta-bar\/#primaryimage\"},\"datePublished\":\"2013-03-04T18:57:00+00:00\",\"dateModified\":\"2013-03-04T18:57:00+00:00\",\"author\":{\"@id\":\"https:\/\/www.oidossucios.com\/site\/#\/schema\/person\/24559eeb76bf83a63296fb072393a688\"},\"description\":\"La agrupaci\\u00f3n conformada por Jorge Montero (vocalista), Alejandro Zabala (guitarrista), Tom\\u00e1s Zabala (baterista), Alejandro S\\u00e1nchez (tecladista): present\\u00f3 su EP &quot;Ecos de la L\\u00ednea&quot; en vivo en La Quinta Bar, el pasado 1 de marzo.\",\"inLanguage\":\"es\",\"potentialAction\":[{\"@type\":\"ReadAction\",\"target\":[\"https:\/\/www.oidossucios.com\/site\/vltravioleta-estreno-su-ep-debut-ecos-de-la-linea-en-la-quinta-bar\/\"]}]},{\"@type\":[\"Person\"],\"@id\":\"https:\/\/www.oidossucios.com\/site\/#\/schema\/person\/24559eeb76bf83a63296fb072393a688\",\"name\":\"Oidossucios\",\"image\":{\"@type\":\"ImageObject\",\"@id\":\"https:\/\/www.oidossucios.com\/site\/#personlogo\",\"inLanguage\":\"es\",\"url\":\"https:\/\/secure.gravatar.com\/avatar\/74fcb480f42f1a33e50a0b6e6369a3f907be2e43dc84fa5f76c66e9c22b4a5ab?s=96&d=mm&r=g\",\"caption\":\"Oidossucios\"},\"sameAs\":[\"https:\/\/twitter.com\/oidossucios\"]}]}<\/script>\n<!-- \/ Yoast SEO plugin. -->","jetpack_sharing_enabled":true,"_links":{"self":[{"href":"https:\/\/www.oidossucios.com\/site\/wp-json\/wp\/v2\/posts\/6910","targetHints":{"allow":["GET"]}}],"collection":[{"href":"https:\/\/www.oidossucios.com\/site\/wp-json\/wp\/v2\/posts"}],"about":[{"href":"https:\/\/www.oidossucios.com\/site\/wp-json\/wp\/v2\/types\/post"}],"author":[{"embeddable":true,"href":"https:\/\/www.oidossucios.com\/site\/wp-json\/wp\/v2\/users\/4"}],"replies":[{"embeddable":true,"href":"https:\/\/www.oidossucios.com\/site\/wp-json\/wp\/v2\/comments?post=6910"}],"version-history":[{"count":0,"href":"https:\/\/www.oidossucios.com\/site\/wp-json\/wp\/v2\/posts\/6910\/revisions"}],"wp:featuredmedia":[{"embeddable":true,"href":"https:\/\/www.oidossucios.com\/site\/wp-json\/wp\/v2\/media\/100006910"}],"wp:attachment":[{"href":"https:\/\/www.oidossucios.com\/site\/wp-json\/wp\/v2\/media?parent=6910"}],"wp:term":[{"taxonomy":"category","embeddable":true,"href":"https:\/\/www.oidossucios.com\/site\/wp-json\/wp\/v2\/categories?post=6910"},{"taxonomy":"post_tag","embeddable":true,"href":"https:\/\/www.oidossucios.com\/site\/wp-json\/wp\/v2\/tags?post=6910"}],"curies":[{"name":"wp","href":"https:\/\/api.w.org\/{rel}","templated":true}]}}