{"id":6911,"date":"2013-03-04T19:29:00","date_gmt":"2013-03-04T19:29:00","guid":{"rendered":"https:\/\/www.oidossucios.com\/site\/2013\/03\/04\/la-revista-ladosis-estrena-su-edicion-26-y-celebra-su-4to-aniversario\/"},"modified":"2013-03-04T19:29:00","modified_gmt":"2013-03-04T19:29:00","slug":"la-revista-ladosis-estrena-su-edicion-26-y-celebra-su-4to-aniversario","status":"publish","type":"post","link":"https:\/\/www.oidossucios.com\/site\/la-revista-ladosis-estrena-su-edicion-26-y-celebra-su-4to-aniversario\/","title":{"rendered":"La revista Ladosis estrena su edici\u00f3n 26 y celebra su 4to aniversario"},"content":{"rendered":"<p><![endif]--> <\/p>\n<p>La revista Ladosis estrenar\u00e1 su edici\u00f3n n\u00famero 26 con un concierto de lanzamiento que servir\u00e1 tambi\u00e9n como celebraci\u00f3n del 4o. aniversario de la reconocida publicaci\u00f3n.<\/p>\n<p>El show ser\u00e1 este pr\u00f3ximo s\u00e1bado 9 de marzo a las 3pm en la Sala Experimental del Centro Cultural Chacao, con las presentaciones en vivo de Laura Guevara y su banda, Los Melanc\u00f3licos An\u00f3nimos y La S\u00e9ptima Bohemia.<\/p>\n<p>La entrada al concierto ser\u00e1, como siempre, gratuita. Sin embargo, Ladosis comunic\u00f3 oficialmente que a partir de esta edici\u00f3n, la revista tendr\u00e1 un costo de 20 Bs. Pr\u00f3ximamente, comunicar\u00e1n a trav\u00e9s de sus redes sociales los lugares de distribuci\u00f3n.<b><\/p>\n<p>Concierto de lanzamiento Ladosis #26 y celebraci\u00f3n del 4\u00ba aniversario<\/b><\/p>\n<p>Fecha: S\u00e1bado 9 de marzo de 2013<br \/>Hora: 3pm<br \/>Lugar: Centro Cultural Chacao (Sala Experimental)<br \/>Entrada gratuita.<b><\/p>\n<p>Invitados:<\/p>\n<p>Laura Guevara:<\/b>uno de los tesoros mejor guardados de la m\u00fasica pop venezolana y una de las m\u00e1s prometedoras voces de la nueva canci\u00f3n de autor, presentar\u00e1 su repertorio junto a su banda (bajo, bater\u00eda, teclados y cuatro), una singular mezcla de pop, reggae, cumbia y ritmos afrovenezolanos.<\/p>\n<p><b>Los Melanc\u00f3licos An\u00f3nimos:<\/b> sexteto caraque\u00f1o de rock de autor cuya misi\u00f3n y visi\u00f3n, seg\u00fan sus palabras, no es m\u00e1s que hacer &#8220;rock arrecho para un pueblo manso&#8221;, y se autodenominan como una banda de &#8220;rock barrial tipo country, chaborreo mel\u00f3dico y tropifolk&#8221;. Cuentan con dos discos, <i>Inscripciones abiertas<\/i>, y <i>El segundo<\/i>.<\/p>\n<p><b>La S\u00e9ptima Bohemia:<\/b>agrupaci\u00f3n caraque\u00f1a que redimensiona el son cubano mezcl\u00e1ndolo con elementos propios. Est\u00e1 compuesta por ocho m\u00fasicos que se encargan de tocar bongo, tres, guitarra, congas, bajo, trompeta, flauta, saxo y percusi\u00f3n menor. Posee un disco editado, <i>Son sin fronteras, y un tumbao lleno de swing<\/i>.<\/p>\n<p><!--[if gte mso 10]> <\/style>\n\n <![endif]--><!--nextpage--><img decoding=\"async\" class=\"aligncenter size-medium wp-image-111116604\" src=\"https:\/\/www.oidossucios.com\/site\/wp-content\/uploads\/2020\/02\/6604.jpg\" alt=\"La revista Ladosis estrena su edici\u00f3n 26 y celebra su 4to aniversario\"  \/><a href='https:\/\/www.oidossucios.com\/site\/la-revista-ladosis-estrena-su-edicion-26-y-celebra-su-4to-aniversario\/2\/'\n                        onclick='if (tpsInstance) { tpsInstance.setNext(); return false; }'\n                        rel='next'\n                        style=''\n                        class=''>Ver galer\u00eda<\/a>]]><\/p>\n","protected":false},"excerpt":{"rendered":"<p>La revista Ladosis estrenar\u00e1 su edici\u00f3n n\u00famero 26 con un concierto de lanzamiento que servir\u00e1 tambi\u00e9n como celebraci\u00f3n del 4o. aniversario de la reconocida publicaci\u00f3n. El show ser\u00e1 este pr\u00f3ximo s\u00e1bado 9 de marzo a las 3pm en la Sala Experimental del Centro Cultural Chacao, con las presentaciones en vivo de Laura Guevara y su [&hellip;]<\/p>\n","protected":false},"author":4,"featured_media":100006911,"comment_status":"open","ping_status":"open","sticky":false,"template":"","format":"standard","meta":{"_jetpack_memberships_contains_paid_content":false,"footnotes":""},"categories":[142],"tags":[],"class_list":["post-6911","post","type-post","status-publish","format-standard","has-post-thumbnail","hentry","category-buzznews"],"jetpack_featured_media_url":"https:\/\/www.oidossucios.com\/site\/wp-content\/uploads\/2013\/03\/6911.jpg","yoast_head":"<!-- This site is optimized with the Yoast SEO plugin v14.0.4 - https:\/\/yoast.com\/wordpress\/plugins\/seo\/ -->\n<title>La revista Ladosis estrena su edici\u00f3n 26 y celebra su 4to aniversario - OidosSucios.Com<\/title>\n<meta name=\"robots\" content=\"index, follow\" \/>\n<meta name=\"googlebot\" content=\"index, follow, max-snippet:-1, max-image-preview:large, max-video-preview:-1\" \/>\n<meta name=\"bingbot\" content=\"index, follow, max-snippet:-1, max-image-preview:large, max-video-preview:-1\" \/>\n<link rel=\"canonical\" href=\"https:\/\/www.oidossucios.com\/site\/la-revista-ladosis-estrena-su-edicion-26-y-celebra-su-4to-aniversario\/\" \/>\n<link rel=\"next\" href=\"https:\/\/www.oidossucios.com\/site\/la-revista-ladosis-estrena-su-edicion-26-y-celebra-su-4to-aniversario\/2\/\" \/>\n<meta property=\"og:locale\" content=\"es_ES\" \/>\n<meta property=\"og:type\" content=\"article\" \/>\n<meta property=\"og:title\" content=\"La revista Ladosis estrena su edici\u00f3n 26 y celebra su 4to aniversario - OidosSucios.Com\" \/>\n<meta property=\"og:description\" content=\"La revista Ladosis estrenar\u00e1 su edici\u00f3n n\u00famero 26 con un concierto de lanzamiento que servir\u00e1 tambi\u00e9n como celebraci\u00f3n del 4o. aniversario de la reconocida publicaci\u00f3n. El show ser\u00e1 este pr\u00f3ximo s\u00e1bado 9 de marzo a las 3pm en la Sala Experimental del Centro Cultural Chacao, con las presentaciones en vivo de Laura Guevara y su [&hellip;]\" \/>\n<meta property=\"og:url\" content=\"https:\/\/www.oidossucios.com\/site\/la-revista-ladosis-estrena-su-edicion-26-y-celebra-su-4to-aniversario\/\" \/>\n<meta property=\"og:site_name\" content=\"OidosSucios.Com\" \/>\n<meta property=\"article:published_time\" content=\"2013-03-04T19:29:00+00:00\" \/>\n<meta property=\"og:image\" content=\"https:\/\/www.oidossucios.com\/site\/wp-content\/uploads\/2013\/03\/6911.jpg\" \/>\n\t<meta property=\"og:image:width\" content=\"350\" \/>\n\t<meta property=\"og:image:height\" content=\"300\" \/>\n<meta name=\"twitter:card\" content=\"summary_large_image\" \/>\n<meta name=\"twitter:creator\" content=\"@oidossucios\" \/>\n<script type=\"application\/ld+json\" class=\"yoast-schema-graph\">{\"@context\":\"https:\/\/schema.org\",\"@graph\":[{\"@type\":\"WebSite\",\"@id\":\"https:\/\/www.oidossucios.com\/site\/#website\",\"url\":\"https:\/\/www.oidossucios.com\/site\/\",\"name\":\"OidosSucios.Com\",\"description\":\"M\\u00fasica, conciertos, discos\",\"potentialAction\":[{\"@type\":\"SearchAction\",\"target\":\"https:\/\/www.oidossucios.com\/site\/?s={search_term_string}\",\"query-input\":\"required name=search_term_string\"}],\"inLanguage\":\"es\"},{\"@type\":\"ImageObject\",\"@id\":\"https:\/\/www.oidossucios.com\/site\/la-revista-ladosis-estrena-su-edicion-26-y-celebra-su-4to-aniversario\/#primaryimage\",\"inLanguage\":\"es\",\"url\":\"https:\/\/www.oidossucios.com\/site\/wp-content\/uploads\/2013\/03\/6911.jpg\",\"width\":350,\"height\":300},{\"@type\":\"WebPage\",\"@id\":\"https:\/\/www.oidossucios.com\/site\/la-revista-ladosis-estrena-su-edicion-26-y-celebra-su-4to-aniversario\/#webpage\",\"url\":\"https:\/\/www.oidossucios.com\/site\/la-revista-ladosis-estrena-su-edicion-26-y-celebra-su-4to-aniversario\/\",\"name\":\"La revista Ladosis estrena su edici\\u00f3n 26 y celebra su 4to aniversario - OidosSucios.Com\",\"isPartOf\":{\"@id\":\"https:\/\/www.oidossucios.com\/site\/#website\"},\"primaryImageOfPage\":{\"@id\":\"https:\/\/www.oidossucios.com\/site\/la-revista-ladosis-estrena-su-edicion-26-y-celebra-su-4to-aniversario\/#primaryimage\"},\"datePublished\":\"2013-03-04T19:29:00+00:00\",\"dateModified\":\"2013-03-04T19:29:00+00:00\",\"author\":{\"@id\":\"https:\/\/www.oidossucios.com\/site\/#\/schema\/person\/24559eeb76bf83a63296fb072393a688\"},\"inLanguage\":\"es\",\"potentialAction\":[{\"@type\":\"ReadAction\",\"target\":[\"https:\/\/www.oidossucios.com\/site\/la-revista-ladosis-estrena-su-edicion-26-y-celebra-su-4to-aniversario\/\"]}]},{\"@type\":[\"Person\"],\"@id\":\"https:\/\/www.oidossucios.com\/site\/#\/schema\/person\/24559eeb76bf83a63296fb072393a688\",\"name\":\"Oidossucios\",\"image\":{\"@type\":\"ImageObject\",\"@id\":\"https:\/\/www.oidossucios.com\/site\/#personlogo\",\"inLanguage\":\"es\",\"url\":\"https:\/\/secure.gravatar.com\/avatar\/74fcb480f42f1a33e50a0b6e6369a3f907be2e43dc84fa5f76c66e9c22b4a5ab?s=96&d=mm&r=g\",\"caption\":\"Oidossucios\"},\"sameAs\":[\"https:\/\/twitter.com\/oidossucios\"]}]}<\/script>\n<!-- \/ Yoast SEO plugin. -->","jetpack_sharing_enabled":true,"_links":{"self":[{"href":"https:\/\/www.oidossucios.com\/site\/wp-json\/wp\/v2\/posts\/6911","targetHints":{"allow":["GET"]}}],"collection":[{"href":"https:\/\/www.oidossucios.com\/site\/wp-json\/wp\/v2\/posts"}],"about":[{"href":"https:\/\/www.oidossucios.com\/site\/wp-json\/wp\/v2\/types\/post"}],"author":[{"embeddable":true,"href":"https:\/\/www.oidossucios.com\/site\/wp-json\/wp\/v2\/users\/4"}],"replies":[{"embeddable":true,"href":"https:\/\/www.oidossucios.com\/site\/wp-json\/wp\/v2\/comments?post=6911"}],"version-history":[{"count":0,"href":"https:\/\/www.oidossucios.com\/site\/wp-json\/wp\/v2\/posts\/6911\/revisions"}],"wp:featuredmedia":[{"embeddable":true,"href":"https:\/\/www.oidossucios.com\/site\/wp-json\/wp\/v2\/media\/100006911"}],"wp:attachment":[{"href":"https:\/\/www.oidossucios.com\/site\/wp-json\/wp\/v2\/media?parent=6911"}],"wp:term":[{"taxonomy":"category","embeddable":true,"href":"https:\/\/www.oidossucios.com\/site\/wp-json\/wp\/v2\/categories?post=6911"},{"taxonomy":"post_tag","embeddable":true,"href":"https:\/\/www.oidossucios.com\/site\/wp-json\/wp\/v2\/tags?post=6911"}],"curies":[{"name":"wp","href":"https:\/\/api.w.org\/{rel}","templated":true}]}}