{"id":6915,"date":"2013-03-05T06:11:00","date_gmt":"2013-03-05T06:11:00","guid":{"rendered":"https:\/\/www.oidossucios.com\/site\/2013\/03\/05\/los-mentas-se-preparan-para-su-primer-show-del-ano\/"},"modified":"2013-03-05T06:11:00","modified_gmt":"2013-03-05T06:11:00","slug":"los-mentas-se-preparan-para-su-primer-show-del-ano","status":"publish","type":"post","link":"https:\/\/www.oidossucios.com\/site\/los-mentas-se-preparan-para-su-primer-show-del-ano\/","title":{"rendered":"Los Mentas se preparan para su primer show del a\u00f1o"},"content":{"rendered":"<p>Los Mentas regresan a los escenarios venezolanos este 16 de marzo.<\/p>\n<p>Luego del exitoso a\u00f1o 2012 para la banda, este a\u00f1o cumplieron 15 a\u00f1os de carrera musical y preparan varios eventos para conmemorar su aniversario.<\/p>\n<p>La banda estar\u00e1 present\u00e1ndose este 16 de marzo en El Molino (av. Solano, S\u00e1bana Grande \u0096 Caracas). Tocar\u00e1n todos sus grandes \u00e9xitos junto a su fiel p\u00fablico para dar inicio a este a\u00f1o 2013 por todo lo alto.<\/p>\n<p>Para m\u00e1s informaci\u00f3n:<a href=\"http:\/\/www.losmentas.net\/\"><br \/>www.losmentas.net<\/a><![endif]--><!--[if gte mso 10]> <\/style>\n\n <![endif]--><\/p>\n","protected":false},"excerpt":{"rendered":"<p>Los Mentas regresan a los escenarios venezolanos este 16 de marzo. Luego del exitoso a\u00f1o 2012 para la banda, este a\u00f1o cumplieron 15 a\u00f1os de carrera musical y preparan varios eventos para conmemorar su aniversario. La banda estar\u00e1 present\u00e1ndose este 16 de marzo en El Molino (av. Solano, S\u00e1bana Grande \u0096 Caracas). Tocar\u00e1n todos sus [&hellip;]<\/p>\n","protected":false},"author":4,"featured_media":100006915,"comment_status":"open","ping_status":"open","sticky":false,"template":"","format":"standard","meta":{"_jetpack_memberships_contains_paid_content":false,"footnotes":""},"categories":[142],"tags":[],"class_list":["post-6915","post","type-post","status-publish","format-standard","has-post-thumbnail","hentry","category-buzznews"],"jetpack_featured_media_url":"https:\/\/www.oidossucios.com\/site\/wp-content\/uploads\/2013\/03\/6915.jpg","yoast_head":"<!-- This site is optimized with the Yoast SEO plugin v14.0.4 - https:\/\/yoast.com\/wordpress\/plugins\/seo\/ -->\n<title>Los Mentas se preparan para su primer show del a\u00f1o - OidosSucios.Com<\/title>\n<meta name=\"robots\" content=\"index, follow\" \/>\n<meta name=\"googlebot\" content=\"index, follow, max-snippet:-1, max-image-preview:large, max-video-preview:-1\" \/>\n<meta name=\"bingbot\" content=\"index, follow, max-snippet:-1, max-image-preview:large, max-video-preview:-1\" \/>\n<link rel=\"canonical\" href=\"https:\/\/www.oidossucios.com\/site\/los-mentas-se-preparan-para-su-primer-show-del-ano\/\" \/>\n<meta property=\"og:locale\" content=\"es_ES\" \/>\n<meta property=\"og:type\" content=\"article\" \/>\n<meta property=\"og:title\" content=\"Los Mentas se preparan para su primer show del a\u00f1o - OidosSucios.Com\" \/>\n<meta property=\"og:description\" content=\"Los Mentas regresan a los escenarios venezolanos este 16 de marzo. Luego del exitoso a\u00f1o 2012 para la banda, este a\u00f1o cumplieron 15 a\u00f1os de carrera musical y preparan varios eventos para conmemorar su aniversario. La banda estar\u00e1 present\u00e1ndose este 16 de marzo en El Molino (av. Solano, S\u00e1bana Grande \u0096 Caracas). Tocar\u00e1n todos sus [&hellip;]\" \/>\n<meta property=\"og:url\" content=\"https:\/\/www.oidossucios.com\/site\/los-mentas-se-preparan-para-su-primer-show-del-ano\/\" \/>\n<meta property=\"og:site_name\" content=\"OidosSucios.Com\" \/>\n<meta property=\"article:published_time\" content=\"2013-03-05T06:11:00+00:00\" \/>\n<meta property=\"og:image\" content=\"https:\/\/www.oidossucios.com\/site\/wp-content\/uploads\/2013\/03\/6915.jpg\" \/>\n\t<meta property=\"og:image:width\" content=\"350\" \/>\n\t<meta property=\"og:image:height\" content=\"300\" \/>\n<meta name=\"twitter:card\" content=\"summary_large_image\" \/>\n<meta name=\"twitter:creator\" content=\"@oidossucios\" \/>\n<script type=\"application\/ld+json\" class=\"yoast-schema-graph\">{\"@context\":\"https:\/\/schema.org\",\"@graph\":[{\"@type\":\"WebSite\",\"@id\":\"https:\/\/www.oidossucios.com\/site\/#website\",\"url\":\"https:\/\/www.oidossucios.com\/site\/\",\"name\":\"OidosSucios.Com\",\"description\":\"M\\u00fasica, conciertos, discos\",\"potentialAction\":[{\"@type\":\"SearchAction\",\"target\":\"https:\/\/www.oidossucios.com\/site\/?s={search_term_string}\",\"query-input\":\"required name=search_term_string\"}],\"inLanguage\":\"es\"},{\"@type\":\"ImageObject\",\"@id\":\"https:\/\/www.oidossucios.com\/site\/los-mentas-se-preparan-para-su-primer-show-del-ano\/#primaryimage\",\"inLanguage\":\"es\",\"url\":\"https:\/\/www.oidossucios.com\/site\/wp-content\/uploads\/2013\/03\/6915.jpg\",\"width\":350,\"height\":300},{\"@type\":\"WebPage\",\"@id\":\"https:\/\/www.oidossucios.com\/site\/los-mentas-se-preparan-para-su-primer-show-del-ano\/#webpage\",\"url\":\"https:\/\/www.oidossucios.com\/site\/los-mentas-se-preparan-para-su-primer-show-del-ano\/\",\"name\":\"Los Mentas se preparan para su primer show del a\\u00f1o - OidosSucios.Com\",\"isPartOf\":{\"@id\":\"https:\/\/www.oidossucios.com\/site\/#website\"},\"primaryImageOfPage\":{\"@id\":\"https:\/\/www.oidossucios.com\/site\/los-mentas-se-preparan-para-su-primer-show-del-ano\/#primaryimage\"},\"datePublished\":\"2013-03-05T06:11:00+00:00\",\"dateModified\":\"2013-03-05T06:11:00+00:00\",\"author\":{\"@id\":\"https:\/\/www.oidossucios.com\/site\/#\/schema\/person\/24559eeb76bf83a63296fb072393a688\"},\"inLanguage\":\"es\",\"potentialAction\":[{\"@type\":\"ReadAction\",\"target\":[\"https:\/\/www.oidossucios.com\/site\/los-mentas-se-preparan-para-su-primer-show-del-ano\/\"]}]},{\"@type\":[\"Person\"],\"@id\":\"https:\/\/www.oidossucios.com\/site\/#\/schema\/person\/24559eeb76bf83a63296fb072393a688\",\"name\":\"Oidossucios\",\"image\":{\"@type\":\"ImageObject\",\"@id\":\"https:\/\/www.oidossucios.com\/site\/#personlogo\",\"inLanguage\":\"es\",\"url\":\"https:\/\/secure.gravatar.com\/avatar\/74fcb480f42f1a33e50a0b6e6369a3f907be2e43dc84fa5f76c66e9c22b4a5ab?s=96&d=mm&r=g\",\"caption\":\"Oidossucios\"},\"sameAs\":[\"https:\/\/twitter.com\/oidossucios\"]}]}<\/script>\n<!-- \/ Yoast SEO plugin. -->","jetpack_sharing_enabled":true,"_links":{"self":[{"href":"https:\/\/www.oidossucios.com\/site\/wp-json\/wp\/v2\/posts\/6915","targetHints":{"allow":["GET"]}}],"collection":[{"href":"https:\/\/www.oidossucios.com\/site\/wp-json\/wp\/v2\/posts"}],"about":[{"href":"https:\/\/www.oidossucios.com\/site\/wp-json\/wp\/v2\/types\/post"}],"author":[{"embeddable":true,"href":"https:\/\/www.oidossucios.com\/site\/wp-json\/wp\/v2\/users\/4"}],"replies":[{"embeddable":true,"href":"https:\/\/www.oidossucios.com\/site\/wp-json\/wp\/v2\/comments?post=6915"}],"version-history":[{"count":0,"href":"https:\/\/www.oidossucios.com\/site\/wp-json\/wp\/v2\/posts\/6915\/revisions"}],"wp:featuredmedia":[{"embeddable":true,"href":"https:\/\/www.oidossucios.com\/site\/wp-json\/wp\/v2\/media\/100006915"}],"wp:attachment":[{"href":"https:\/\/www.oidossucios.com\/site\/wp-json\/wp\/v2\/media?parent=6915"}],"wp:term":[{"taxonomy":"category","embeddable":true,"href":"https:\/\/www.oidossucios.com\/site\/wp-json\/wp\/v2\/categories?post=6915"},{"taxonomy":"post_tag","embeddable":true,"href":"https:\/\/www.oidossucios.com\/site\/wp-json\/wp\/v2\/tags?post=6915"}],"curies":[{"name":"wp","href":"https:\/\/api.w.org\/{rel}","templated":true}]}}