{"id":6937,"date":"2013-03-08T05:37:00","date_gmt":"2013-03-08T05:37:00","guid":{"rendered":"https:\/\/www.oidossucios.com\/site\/2013\/03\/08\/r-e-m-anuncia-relanzamiento-aniversario-de-green\/"},"modified":"2013-03-08T05:37:00","modified_gmt":"2013-03-08T05:37:00","slug":"r-e-m-anuncia-relanzamiento-aniversario-de-green","status":"publish","type":"post","link":"https:\/\/www.oidossucios.com\/site\/r-e-m-anuncia-relanzamiento-aniversario-de-green\/","title":{"rendered":"R.E.M. anuncia relanzamiento aniversario de &#8220;Green&#8221;"},"content":{"rendered":"<p>Para celebrar el lanzamiento de <i>Green<\/i>, hace 25 a\u00f1os, R.E.M. anuncia su relanzamiento en edici\u00f3n de lujo, a ocurrir el pr\u00f3ximo 14 de mayo, v\u00eda Rhino Records.<\/p>\n<p>Este renovado material incluir\u00e1 una versi\u00f3n remasterizada del \u00e1lbum mismo, acompa\u00f1ada de otro con tracks de la presentaci\u00f3n que la banda ofreci\u00f3 el 10 de noviembre de 1989, en Greensboro, Carolina del Norte. Adem\u00e1s, contendr\u00e1 cuatro postales, un p\u00f3ster desplegable y un escrito de Allan Jones. Cabe se\u00f1alar que este relanzamiento tambi\u00e9n estar\u00e1 disponible en vinil 180-gramos.<\/p>\n<p>Por si lo anterior fuera poco, la banda lanzar\u00e1 un EP de cinco tracks, edici\u00f3n limitada, para el Record Store Day, que incluir\u00e1 actuaciones del show en Greensboro que no estar\u00e1n en el relanzamiento de <i>Green<\/i>.<\/p>\n<p>Aqu\u00ed el tracklist de los pr\u00f3ximos lanzamientos de R.E.M:<b><\/p>\n<p>Green: 25th Anniversary Deluxe Edition<\/b><b><\/p>\n<p>Disco Uno \u0096 \u00c1lbum Original<\/b> <\/p>\n<ol start=\"1\" type=\"1\">\n<li>Pop      Song 89<\/li>\n<li>Get      Up<\/li>\n<li>You      Are The Everything<\/li>\n<li>Stand<\/li>\n<li>World      Leader Pretend<\/li>\n<li>The      Wrong Child<\/li>\n<li>Orange      Crush<\/li>\n<li>Turn      You Inside Out<\/li>\n<li>Hairshirt<\/li>\n<li>I      Remember California<\/li>\n<li>Untitled<\/li>\n<\/ol>\n<p><b><br \/>Disco Dos \u0096 Live In Greensboro 1989<\/b><\/p>\n<ol start=\"1\" type=\"1\">\n<li>Stand<\/li>\n<li>The      One I Love<\/li>\n<li>Turn      You Inside Out<\/li>\n<li>Belong<\/li>\n<li>Exhuming      McCarthy<\/li>\n<li>Good      Advices<\/li>\n<li>Orange      Crush<\/li>\n<li>Cuyahoga<\/li>\n<li>These      Days<\/li>\n<li>World      Leader Pretend<\/li>\n<li>I      Believe<\/li>\n<li>Get      Up<\/li>\n<li>Life And How To Live It<\/li>\n<li>It\u00b4s The End Of The World As We      Know It (And I Feel Fine)<\/li>\n<li>Pop      Song 89<\/li>\n<li>Fall      On Me<\/li>\n<li>You      Are The Everything<\/li>\n<li>Begin      The Begin<\/li>\n<li>Low<\/li>\n<li>Finest      Worksong<\/li>\n<li>Perfect      Circle<\/li>\n<\/ol>\n<p><b><br \/>Live In Greensboro Ep \u0096 Exclusiva Record Store Day<\/b><\/p>\n<ol start=\"1\" type=\"1\">\n<li>So. Central Rain (I\u00b4m Sorry)<\/li>\n<li>Feeling      Gravitys Pull<\/li>\n<li>Strange<\/li>\n<li>King      of Birds<\/li>\n<li>I      Remember California<\/li>\n<\/ol>\n<p>Fuente: www.warp.la<\/p>\n<p><![endif]--><!--[if gte mso 10]> <\/style>\n\n <![endif]--><\/p>\n","protected":false},"excerpt":{"rendered":"<p>Para celebrar el lanzamiento de Green, hace 25 a\u00f1os, R.E.M. anuncia su relanzamiento en edici\u00f3n de lujo, a ocurrir el pr\u00f3ximo 14 de mayo, v\u00eda Rhino Records. Este renovado material incluir\u00e1 una versi\u00f3n remasterizada del \u00e1lbum mismo, acompa\u00f1ada de otro con tracks de la presentaci\u00f3n que la banda ofreci\u00f3 el 10 de noviembre de 1989, [&hellip;]<\/p>\n","protected":false},"author":4,"featured_media":100006937,"comment_status":"open","ping_status":"open","sticky":false,"template":"","format":"standard","meta":{"_jetpack_memberships_contains_paid_content":false,"footnotes":""},"categories":[142],"tags":[],"class_list":["post-6937","post","type-post","status-publish","format-standard","has-post-thumbnail","hentry","category-buzznews"],"jetpack_featured_media_url":"https:\/\/www.oidossucios.com\/site\/wp-content\/uploads\/2013\/03\/6937.jpg","yoast_head":"<!-- This site is optimized with the Yoast SEO plugin v14.0.4 - https:\/\/yoast.com\/wordpress\/plugins\/seo\/ -->\n<title>R.E.M. anuncia relanzamiento aniversario de &quot;Green&quot; - OidosSucios.Com<\/title>\n<meta name=\"robots\" content=\"index, follow\" \/>\n<meta name=\"googlebot\" content=\"index, follow, max-snippet:-1, max-image-preview:large, max-video-preview:-1\" \/>\n<meta name=\"bingbot\" content=\"index, follow, max-snippet:-1, max-image-preview:large, max-video-preview:-1\" \/>\n<link rel=\"canonical\" href=\"https:\/\/www.oidossucios.com\/site\/r-e-m-anuncia-relanzamiento-aniversario-de-green\/\" \/>\n<meta property=\"og:locale\" content=\"es_ES\" \/>\n<meta property=\"og:type\" content=\"article\" \/>\n<meta property=\"og:title\" content=\"R.E.M. anuncia relanzamiento aniversario de &quot;Green&quot; - OidosSucios.Com\" \/>\n<meta property=\"og:description\" content=\"Para celebrar el lanzamiento de Green, hace 25 a\u00f1os, R.E.M. anuncia su relanzamiento en edici\u00f3n de lujo, a ocurrir el pr\u00f3ximo 14 de mayo, v\u00eda Rhino Records. Este renovado material incluir\u00e1 una versi\u00f3n remasterizada del \u00e1lbum mismo, acompa\u00f1ada de otro con tracks de la presentaci\u00f3n que la banda ofreci\u00f3 el 10 de noviembre de 1989, [&hellip;]\" \/>\n<meta property=\"og:url\" content=\"https:\/\/www.oidossucios.com\/site\/r-e-m-anuncia-relanzamiento-aniversario-de-green\/\" \/>\n<meta property=\"og:site_name\" content=\"OidosSucios.Com\" \/>\n<meta property=\"article:published_time\" content=\"2013-03-08T05:37:00+00:00\" \/>\n<meta property=\"og:image\" content=\"https:\/\/www.oidossucios.com\/site\/wp-content\/uploads\/2013\/03\/6937.jpg\" \/>\n\t<meta property=\"og:image:width\" content=\"350\" \/>\n\t<meta property=\"og:image:height\" content=\"300\" \/>\n<meta name=\"twitter:card\" content=\"summary_large_image\" \/>\n<meta name=\"twitter:creator\" content=\"@oidossucios\" \/>\n<script type=\"application\/ld+json\" class=\"yoast-schema-graph\">{\"@context\":\"https:\/\/schema.org\",\"@graph\":[{\"@type\":\"WebSite\",\"@id\":\"https:\/\/www.oidossucios.com\/site\/#website\",\"url\":\"https:\/\/www.oidossucios.com\/site\/\",\"name\":\"OidosSucios.Com\",\"description\":\"M\\u00fasica, conciertos, discos\",\"potentialAction\":[{\"@type\":\"SearchAction\",\"target\":\"https:\/\/www.oidossucios.com\/site\/?s={search_term_string}\",\"query-input\":\"required name=search_term_string\"}],\"inLanguage\":\"es\"},{\"@type\":\"ImageObject\",\"@id\":\"https:\/\/www.oidossucios.com\/site\/r-e-m-anuncia-relanzamiento-aniversario-de-green\/#primaryimage\",\"inLanguage\":\"es\",\"url\":\"https:\/\/www.oidossucios.com\/site\/wp-content\/uploads\/2013\/03\/6937.jpg\",\"width\":350,\"height\":300},{\"@type\":\"WebPage\",\"@id\":\"https:\/\/www.oidossucios.com\/site\/r-e-m-anuncia-relanzamiento-aniversario-de-green\/#webpage\",\"url\":\"https:\/\/www.oidossucios.com\/site\/r-e-m-anuncia-relanzamiento-aniversario-de-green\/\",\"name\":\"R.E.M. anuncia relanzamiento aniversario de \\\"Green\\\" - OidosSucios.Com\",\"isPartOf\":{\"@id\":\"https:\/\/www.oidossucios.com\/site\/#website\"},\"primaryImageOfPage\":{\"@id\":\"https:\/\/www.oidossucios.com\/site\/r-e-m-anuncia-relanzamiento-aniversario-de-green\/#primaryimage\"},\"datePublished\":\"2013-03-08T05:37:00+00:00\",\"dateModified\":\"2013-03-08T05:37:00+00:00\",\"author\":{\"@id\":\"https:\/\/www.oidossucios.com\/site\/#\/schema\/person\/24559eeb76bf83a63296fb072393a688\"},\"inLanguage\":\"es\",\"potentialAction\":[{\"@type\":\"ReadAction\",\"target\":[\"https:\/\/www.oidossucios.com\/site\/r-e-m-anuncia-relanzamiento-aniversario-de-green\/\"]}]},{\"@type\":[\"Person\"],\"@id\":\"https:\/\/www.oidossucios.com\/site\/#\/schema\/person\/24559eeb76bf83a63296fb072393a688\",\"name\":\"Oidossucios\",\"image\":{\"@type\":\"ImageObject\",\"@id\":\"https:\/\/www.oidossucios.com\/site\/#personlogo\",\"inLanguage\":\"es\",\"url\":\"https:\/\/secure.gravatar.com\/avatar\/74fcb480f42f1a33e50a0b6e6369a3f907be2e43dc84fa5f76c66e9c22b4a5ab?s=96&d=mm&r=g\",\"caption\":\"Oidossucios\"},\"sameAs\":[\"https:\/\/twitter.com\/oidossucios\"]}]}<\/script>\n<!-- \/ Yoast SEO plugin. -->","jetpack_sharing_enabled":true,"_links":{"self":[{"href":"https:\/\/www.oidossucios.com\/site\/wp-json\/wp\/v2\/posts\/6937","targetHints":{"allow":["GET"]}}],"collection":[{"href":"https:\/\/www.oidossucios.com\/site\/wp-json\/wp\/v2\/posts"}],"about":[{"href":"https:\/\/www.oidossucios.com\/site\/wp-json\/wp\/v2\/types\/post"}],"author":[{"embeddable":true,"href":"https:\/\/www.oidossucios.com\/site\/wp-json\/wp\/v2\/users\/4"}],"replies":[{"embeddable":true,"href":"https:\/\/www.oidossucios.com\/site\/wp-json\/wp\/v2\/comments?post=6937"}],"version-history":[{"count":0,"href":"https:\/\/www.oidossucios.com\/site\/wp-json\/wp\/v2\/posts\/6937\/revisions"}],"wp:featuredmedia":[{"embeddable":true,"href":"https:\/\/www.oidossucios.com\/site\/wp-json\/wp\/v2\/media\/100006937"}],"wp:attachment":[{"href":"https:\/\/www.oidossucios.com\/site\/wp-json\/wp\/v2\/media?parent=6937"}],"wp:term":[{"taxonomy":"category","embeddable":true,"href":"https:\/\/www.oidossucios.com\/site\/wp-json\/wp\/v2\/categories?post=6937"},{"taxonomy":"post_tag","embeddable":true,"href":"https:\/\/www.oidossucios.com\/site\/wp-json\/wp\/v2\/tags?post=6937"}],"curies":[{"name":"wp","href":"https:\/\/api.w.org\/{rel}","templated":true}]}}