{"id":6959,"date":"2013-03-13T20:23:00","date_gmt":"2013-03-13T20:23:00","guid":{"rendered":"https:\/\/www.oidossucios.com\/site\/2013\/03\/13\/luz-y-fuerza-concierto-en-apoyo-a-ppt-lizardo-fundador-de-y-lider-de-la-misma-gente\/"},"modified":"2013-03-13T20:23:00","modified_gmt":"2013-03-13T20:23:00","slug":"luz-y-fuerza-concierto-en-apoyo-a-ppt-lizardo-fundador-de-y-lider-de-la-misma-gente","status":"publish","type":"post","link":"https:\/\/www.oidossucios.com\/site\/luz-y-fuerza-concierto-en-apoyo-a-ppt-lizardo-fundador-de-y-lider-de-la-misma-gente\/","title":{"rendered":"&#8220;Luz y Fuerza&#8221; concierto en apoyo a PPT Lizardo, fundador de y l\u00edder de La Misma Gente"},"content":{"rendered":"<p><![endif]-->En solidaridad y apoyo a PTT Lizardo, el pr\u00f3ximo s\u00e1bado 23 de marzo en Discovery Bar, se unen, Viniloversus, Famasloop, Ga\u00e9lica y Los Mentas en concierto, con el prop\u00f3sito de recaudar fondos y aportar un granito de arena en este dif\u00edcil momento.<\/p>\n<p>Los primeros d\u00edas de marzo, el medio de la m\u00fasica y especialmente el rockanrolero recibi\u00f3 la dolorosa noticia que PTT Lizardo, fundador, guitarrista y cantante del m\u00edtico grupo La Misma Gente, sufri\u00f3 un ACV (accidente cerebro vascular) &nbsp;de severo impacto que lo mantiene en la unidad de cuidados intensivos del Hospital de Cl\u00ednicas Caracas.<\/p>\n<p>La cobertura del seguro m\u00e9dico standard es de 70%, debido al alto costo de mantenimiento de un paciente en terapia intensiva, ha sido necesario activar diferentes formas de afrontar el compromiso econ\u00f3mico que requiere el ingreso de PTT en cuidados intensivos.<\/p>\n<p>La Misma Gente, a trav\u00e9s de PTT Lizardo, poeta urbano del rock, es una de las influencias m\u00e1s fuertes en las \u00faltimas d\u00e9cadas, debido a &nbsp;los 30 a\u00f1os del grupo y m\u00e1s de 50 desde que form\u00f3 Los Barracudas en los 60. La Misma gente cuenta con siete discos en su haber, adem\u00e1s de un sinf\u00edn de canciones convertidas en cl\u00e1sicos del rock en Venezuela. En su faceta de m\u00e9dico internista en la UCV o el Hospital de Ocumare del Tuy, PTT siempre ha dado prioridad a la atenci\u00f3n p\u00fablica, es querido y respetado por todos los que tienen la oportunidad de ser sus pacientes.<\/p>\n<p>&#8220;Luz y Fuerza&#8221; el concierto en apoyo a PTT, en colaboraci\u00f3n de Los Mentas, Ga\u00e9lica, Viniloversus (show ac\u00fastico) y Famasloop (show ac\u00fastico), ser\u00e1 el &nbsp;pr\u00f3ximo s\u00e1bado 23 de marzo en Discovery Bar a las 10:00 PM, contar\u00e1 con&nbsp;&nbsp; Ram\u00f3n Castro &nbsp;como presentador de la noche. El costo del cover ser\u00e1 de Bs 150 en el local el d\u00eda del evento.<!--[if gte mso 10]> <\/style>\n\n <![endif]--><!--nextpage--><img decoding=\"async\" class=\"aligncenter size-medium wp-image-111116613\" src=\"https:\/\/www.oidossucios.com\/site\/wp-content\/uploads\/2020\/02\/6613.jpg\" alt=\"\"Luz y Fuerza\" concierto en apoyo a PPT Lizardo, fundador de y l\u00edder de La Misma Gente\"  \/><a href='https:\/\/www.oidossucios.com\/site\/luz-y-fuerza-concierto-en-apoyo-a-ppt-lizardo-fundador-de-y-lider-de-la-misma-gente\/2\/'\n                        onclick='if (tpsInstance) { tpsInstance.setNext(); return false; }'\n                        rel='next'\n                        style=''\n                        class=''>Ver galer\u00eda<\/a>]]><\/p>\n","protected":false},"excerpt":{"rendered":"<p>En solidaridad y apoyo a PTT Lizardo, el pr\u00f3ximo s\u00e1bado 23 de marzo en Discovery Bar, se unen, Viniloversus, Famasloop, Ga\u00e9lica y Los Mentas en concierto, con el prop\u00f3sito de recaudar fondos y aportar un granito de arena en este dif\u00edcil momento.<\/p>\n","protected":false},"author":4,"featured_media":100006959,"comment_status":"open","ping_status":"open","sticky":false,"template":"","format":"standard","meta":{"_jetpack_memberships_contains_paid_content":false,"footnotes":""},"categories":[250],"tags":[],"class_list":["post-6959","post","type-post","status-publish","format-standard","has-post-thumbnail","hentry","category-noticias"],"jetpack_featured_media_url":"https:\/\/www.oidossucios.com\/site\/wp-content\/uploads\/2013\/03\/6959.jpg","yoast_head":"<!-- This site is optimized with the Yoast SEO plugin v14.0.4 - https:\/\/yoast.com\/wordpress\/plugins\/seo\/ -->\n<title>&quot;Luz y Fuerza&quot; concierto en apoyo a PPT Lizardo, fundador de y l\u00edder de La Misma Gente - OidosSucios.Com<\/title>\n<meta name=\"description\" content=\"En solidaridad y apoyo a PTT Lizardo, el pr\u00f3ximo s\u00e1bado 23 de marzo en Discovery Bar, se unen, Viniloversus, Famasloop, Ga\u00e9lica y Los Mentas en concierto, con el prop\u00f3sito de recaudar fondos y aportar un granito de arena en este dif\u00edcil momento.\" \/>\n<meta name=\"robots\" content=\"index, follow\" \/>\n<meta name=\"googlebot\" content=\"index, follow, max-snippet:-1, max-image-preview:large, max-video-preview:-1\" \/>\n<meta name=\"bingbot\" content=\"index, follow, max-snippet:-1, max-image-preview:large, max-video-preview:-1\" \/>\n<link rel=\"canonical\" href=\"https:\/\/www.oidossucios.com\/site\/luz-y-fuerza-concierto-en-apoyo-a-ppt-lizardo-fundador-de-y-lider-de-la-misma-gente\/\" \/>\n<link rel=\"next\" href=\"https:\/\/www.oidossucios.com\/site\/luz-y-fuerza-concierto-en-apoyo-a-ppt-lizardo-fundador-de-y-lider-de-la-misma-gente\/2\/\" \/>\n<meta property=\"og:locale\" content=\"es_ES\" \/>\n<meta property=\"og:type\" content=\"article\" \/>\n<meta property=\"og:title\" content=\"&quot;Luz y Fuerza&quot; concierto en apoyo a PPT Lizardo, fundador de y l\u00edder de La Misma Gente - OidosSucios.Com\" \/>\n<meta property=\"og:description\" content=\"En solidaridad y apoyo a PTT Lizardo, el pr\u00f3ximo s\u00e1bado 23 de marzo en Discovery Bar, se unen, Viniloversus, Famasloop, Ga\u00e9lica y Los Mentas en concierto, con el prop\u00f3sito de recaudar fondos y aportar un granito de arena en este dif\u00edcil momento.\" \/>\n<meta property=\"og:url\" content=\"https:\/\/www.oidossucios.com\/site\/luz-y-fuerza-concierto-en-apoyo-a-ppt-lizardo-fundador-de-y-lider-de-la-misma-gente\/\" \/>\n<meta property=\"og:site_name\" content=\"OidosSucios.Com\" \/>\n<meta property=\"article:published_time\" content=\"2013-03-13T20:23:00+00:00\" \/>\n<meta property=\"og:image\" content=\"https:\/\/www.oidossucios.com\/site\/wp-content\/uploads\/2013\/03\/6959.jpg\" \/>\n\t<meta property=\"og:image:width\" content=\"350\" \/>\n\t<meta property=\"og:image:height\" content=\"300\" \/>\n<meta name=\"twitter:card\" content=\"summary_large_image\" \/>\n<meta name=\"twitter:creator\" content=\"@oidossucios\" \/>\n<script type=\"application\/ld+json\" class=\"yoast-schema-graph\">{\"@context\":\"https:\/\/schema.org\",\"@graph\":[{\"@type\":\"WebSite\",\"@id\":\"https:\/\/www.oidossucios.com\/site\/#website\",\"url\":\"https:\/\/www.oidossucios.com\/site\/\",\"name\":\"OidosSucios.Com\",\"description\":\"M\\u00fasica, conciertos, discos\",\"potentialAction\":[{\"@type\":\"SearchAction\",\"target\":\"https:\/\/www.oidossucios.com\/site\/?s={search_term_string}\",\"query-input\":\"required name=search_term_string\"}],\"inLanguage\":\"es\"},{\"@type\":\"ImageObject\",\"@id\":\"https:\/\/www.oidossucios.com\/site\/luz-y-fuerza-concierto-en-apoyo-a-ppt-lizardo-fundador-de-y-lider-de-la-misma-gente\/#primaryimage\",\"inLanguage\":\"es\",\"url\":\"https:\/\/www.oidossucios.com\/site\/wp-content\/uploads\/2013\/03\/6959.jpg\",\"width\":350,\"height\":300},{\"@type\":\"WebPage\",\"@id\":\"https:\/\/www.oidossucios.com\/site\/luz-y-fuerza-concierto-en-apoyo-a-ppt-lizardo-fundador-de-y-lider-de-la-misma-gente\/#webpage\",\"url\":\"https:\/\/www.oidossucios.com\/site\/luz-y-fuerza-concierto-en-apoyo-a-ppt-lizardo-fundador-de-y-lider-de-la-misma-gente\/\",\"name\":\"\\\"Luz y Fuerza\\\" concierto en apoyo a PPT Lizardo, fundador de y l\\u00edder de La Misma Gente - OidosSucios.Com\",\"isPartOf\":{\"@id\":\"https:\/\/www.oidossucios.com\/site\/#website\"},\"primaryImageOfPage\":{\"@id\":\"https:\/\/www.oidossucios.com\/site\/luz-y-fuerza-concierto-en-apoyo-a-ppt-lizardo-fundador-de-y-lider-de-la-misma-gente\/#primaryimage\"},\"datePublished\":\"2013-03-13T20:23:00+00:00\",\"dateModified\":\"2013-03-13T20:23:00+00:00\",\"author\":{\"@id\":\"https:\/\/www.oidossucios.com\/site\/#\/schema\/person\/24559eeb76bf83a63296fb072393a688\"},\"description\":\"En solidaridad y apoyo a PTT Lizardo, el pr\\u00f3ximo s\\u00e1bado 23 de marzo en Discovery Bar, se unen, Viniloversus, Famasloop, Ga\\u00e9lica y Los Mentas en concierto, con el prop\\u00f3sito de recaudar fondos y aportar un granito de arena en este dif\\u00edcil momento.\",\"inLanguage\":\"es\",\"potentialAction\":[{\"@type\":\"ReadAction\",\"target\":[\"https:\/\/www.oidossucios.com\/site\/luz-y-fuerza-concierto-en-apoyo-a-ppt-lizardo-fundador-de-y-lider-de-la-misma-gente\/\"]}]},{\"@type\":[\"Person\"],\"@id\":\"https:\/\/www.oidossucios.com\/site\/#\/schema\/person\/24559eeb76bf83a63296fb072393a688\",\"name\":\"Oidossucios\",\"image\":{\"@type\":\"ImageObject\",\"@id\":\"https:\/\/www.oidossucios.com\/site\/#personlogo\",\"inLanguage\":\"es\",\"url\":\"https:\/\/secure.gravatar.com\/avatar\/74fcb480f42f1a33e50a0b6e6369a3f907be2e43dc84fa5f76c66e9c22b4a5ab?s=96&d=mm&r=g\",\"caption\":\"Oidossucios\"},\"sameAs\":[\"https:\/\/twitter.com\/oidossucios\"]}]}<\/script>\n<!-- \/ Yoast SEO plugin. -->","jetpack_sharing_enabled":true,"_links":{"self":[{"href":"https:\/\/www.oidossucios.com\/site\/wp-json\/wp\/v2\/posts\/6959","targetHints":{"allow":["GET"]}}],"collection":[{"href":"https:\/\/www.oidossucios.com\/site\/wp-json\/wp\/v2\/posts"}],"about":[{"href":"https:\/\/www.oidossucios.com\/site\/wp-json\/wp\/v2\/types\/post"}],"author":[{"embeddable":true,"href":"https:\/\/www.oidossucios.com\/site\/wp-json\/wp\/v2\/users\/4"}],"replies":[{"embeddable":true,"href":"https:\/\/www.oidossucios.com\/site\/wp-json\/wp\/v2\/comments?post=6959"}],"version-history":[{"count":0,"href":"https:\/\/www.oidossucios.com\/site\/wp-json\/wp\/v2\/posts\/6959\/revisions"}],"wp:featuredmedia":[{"embeddable":true,"href":"https:\/\/www.oidossucios.com\/site\/wp-json\/wp\/v2\/media\/100006959"}],"wp:attachment":[{"href":"https:\/\/www.oidossucios.com\/site\/wp-json\/wp\/v2\/media?parent=6959"}],"wp:term":[{"taxonomy":"category","embeddable":true,"href":"https:\/\/www.oidossucios.com\/site\/wp-json\/wp\/v2\/categories?post=6959"},{"taxonomy":"post_tag","embeddable":true,"href":"https:\/\/www.oidossucios.com\/site\/wp-json\/wp\/v2\/tags?post=6959"}],"curies":[{"name":"wp","href":"https:\/\/api.w.org\/{rel}","templated":true}]}}