{"id":6966,"date":"2013-03-14T07:27:00","date_gmt":"2013-03-14T07:27:00","guid":{"rendered":"https:\/\/www.oidossucios.com\/site\/2013\/03\/14\/morrissey-cancela-su-presentacion-en-el-vive-latino-2013\/"},"modified":"2013-03-14T07:27:00","modified_gmt":"2013-03-14T07:27:00","slug":"morrissey-cancela-su-presentacion-en-el-vive-latino-2013","status":"publish","type":"post","link":"https:\/\/www.oidossucios.com\/site\/morrissey-cancela-su-presentacion-en-el-vive-latino-2013\/","title":{"rendered":"Morrissey cancela su presentaci\u00f3n en el Vive Latino 2013"},"content":{"rendered":"<p>Hace unos d\u00edas fue anunciada la hospitalizaci\u00f3n de Morrissey en San Francisco, debido a una neumon\u00eda doble, por lo que cancel\u00f3 una m\u00e1s de sus presentaciones en Estados Unidos y ahora se une la cancelaci\u00f3n de su participaci\u00f3n en Vive Latino.<\/p>\n<p>Hasta hoy, la agenda del primer d\u00eda del festival mexicano segu\u00eda en pie, con la visita del frontman de The Smiths, e incluso \u00e9ste hab\u00eda publicado en Facebook: &#8220;S\u00f3lo 24 horas por delante\u0085 ma\u00f1ana! Morrissey! Concierto en vivo!&#8221;. Sin embargo, hace unos momentos fue confirmado que Moz no se presentar\u00e1 en el festival.<\/p>\n<p>De igual manera, la empresa productora del Vive Latino, Ocesa, dio a conocer el comunicado por medio del cual informan sobre la cancelaci\u00f3n de Morrissey y del d\u00eda de apertura del festival Vive Latino:<i><\/p>\n<p>&#8220;El Festival Vive Latino anuncia la cancelaci\u00f3n del d\u00eda de apertura, jueves 14 de marzo, debido al estado de salud del cantante brit\u00e1nico Morrissey.<\/i><i><\/p>\n<p>Sin embargo, la participaci\u00f3n de las bandas Enjambre, Pegasvs y Centavrvs sigue en pie. Todas se presentar\u00e1n el d\u00eda viernes 15 de marzo. Enjambre actuar\u00e1 a las 22:00 horas en la Carpa Danup. Pegasvs tocar\u00e1 a las 14:20 horas en el Escenario Uni\u00f3n Indio. Mientras que Centavrvs estar\u00e1 a las 14:00 horas en el Escenario Indio.<\/i><i><\/p>\n<p>El reembolso ser\u00e1 a partir del d\u00eda lunes 18 de marzo a las 12:00 horas en el lugar donde lo adquiriste. Si lo que quieres es ver a Enjambre, Pegasvs y\/o Centavrvs puedes acudir a la taquilla 5 del Foro Sol, el d\u00eda de ma\u00f1ana jueves, de las 14:00 horas y hasta las 20:00 horas, para realizar el canje del boleto (sujeto a disponibilidad).<\/i><i><\/p>\n<p>Lamentamos las molestias que esto pueda ocasionar al p\u00fablico.&#8221;<\/i><i><br \/>]<br \/>Atentamente<\/i><i><br \/>Subdirecci\u00f3n de Prensa<\/i><i><br \/>OCESA<\/p>\n<p><\/i>Fuente: www.warp.la<br \/><![endif]--><!--[if gte mso 10]> <\/style>\n\n <![endif]--><\/p>\n","protected":false},"excerpt":{"rendered":"<p>Hace unos d\u00edas fue anunciada la hospitalizaci\u00f3n de Morrissey en San Francisco, debido a una neumon\u00eda doble, por lo que cancel\u00f3 una m\u00e1s de sus presentaciones en Estados Unidos y ahora se une la cancelaci\u00f3n de su participaci\u00f3n en Vive Latino. Hasta hoy, la agenda del primer d\u00eda del festival mexicano segu\u00eda en pie, con [&hellip;]<\/p>\n","protected":false},"author":4,"featured_media":100006966,"comment_status":"open","ping_status":"open","sticky":false,"template":"","format":"standard","meta":{"_jetpack_memberships_contains_paid_content":false,"footnotes":""},"categories":[142],"tags":[],"class_list":["post-6966","post","type-post","status-publish","format-standard","has-post-thumbnail","hentry","category-buzznews"],"jetpack_featured_media_url":"https:\/\/www.oidossucios.com\/site\/wp-content\/uploads\/2013\/03\/6966.jpg","yoast_head":"<!-- This site is optimized with the Yoast SEO plugin v14.0.4 - https:\/\/yoast.com\/wordpress\/plugins\/seo\/ -->\n<title>Morrissey cancela su presentaci\u00f3n en el Vive Latino 2013 - OidosSucios.Com<\/title>\n<meta name=\"robots\" content=\"index, follow\" \/>\n<meta name=\"googlebot\" content=\"index, follow, max-snippet:-1, max-image-preview:large, max-video-preview:-1\" \/>\n<meta name=\"bingbot\" content=\"index, follow, max-snippet:-1, max-image-preview:large, max-video-preview:-1\" \/>\n<link rel=\"canonical\" href=\"https:\/\/www.oidossucios.com\/site\/morrissey-cancela-su-presentacion-en-el-vive-latino-2013\/\" \/>\n<meta property=\"og:locale\" content=\"es_ES\" \/>\n<meta property=\"og:type\" content=\"article\" \/>\n<meta property=\"og:title\" content=\"Morrissey cancela su presentaci\u00f3n en el Vive Latino 2013 - OidosSucios.Com\" \/>\n<meta property=\"og:description\" content=\"Hace unos d\u00edas fue anunciada la hospitalizaci\u00f3n de Morrissey en San Francisco, debido a una neumon\u00eda doble, por lo que cancel\u00f3 una m\u00e1s de sus presentaciones en Estados Unidos y ahora se une la cancelaci\u00f3n de su participaci\u00f3n en Vive Latino. Hasta hoy, la agenda del primer d\u00eda del festival mexicano segu\u00eda en pie, con [&hellip;]\" \/>\n<meta property=\"og:url\" content=\"https:\/\/www.oidossucios.com\/site\/morrissey-cancela-su-presentacion-en-el-vive-latino-2013\/\" \/>\n<meta property=\"og:site_name\" content=\"OidosSucios.Com\" \/>\n<meta property=\"article:published_time\" content=\"2013-03-14T07:27:00+00:00\" \/>\n<meta property=\"og:image\" content=\"https:\/\/www.oidossucios.com\/site\/wp-content\/uploads\/2013\/03\/6966.jpg\" \/>\n\t<meta property=\"og:image:width\" content=\"350\" \/>\n\t<meta property=\"og:image:height\" content=\"300\" \/>\n<meta name=\"twitter:card\" content=\"summary_large_image\" \/>\n<meta name=\"twitter:creator\" content=\"@oidossucios\" \/>\n<script type=\"application\/ld+json\" class=\"yoast-schema-graph\">{\"@context\":\"https:\/\/schema.org\",\"@graph\":[{\"@type\":\"WebSite\",\"@id\":\"https:\/\/www.oidossucios.com\/site\/#website\",\"url\":\"https:\/\/www.oidossucios.com\/site\/\",\"name\":\"OidosSucios.Com\",\"description\":\"M\\u00fasica, conciertos, discos\",\"potentialAction\":[{\"@type\":\"SearchAction\",\"target\":\"https:\/\/www.oidossucios.com\/site\/?s={search_term_string}\",\"query-input\":\"required name=search_term_string\"}],\"inLanguage\":\"es\"},{\"@type\":\"ImageObject\",\"@id\":\"https:\/\/www.oidossucios.com\/site\/morrissey-cancela-su-presentacion-en-el-vive-latino-2013\/#primaryimage\",\"inLanguage\":\"es\",\"url\":\"https:\/\/www.oidossucios.com\/site\/wp-content\/uploads\/2013\/03\/6966.jpg\",\"width\":350,\"height\":300},{\"@type\":\"WebPage\",\"@id\":\"https:\/\/www.oidossucios.com\/site\/morrissey-cancela-su-presentacion-en-el-vive-latino-2013\/#webpage\",\"url\":\"https:\/\/www.oidossucios.com\/site\/morrissey-cancela-su-presentacion-en-el-vive-latino-2013\/\",\"name\":\"Morrissey cancela su presentaci\\u00f3n en el Vive Latino 2013 - OidosSucios.Com\",\"isPartOf\":{\"@id\":\"https:\/\/www.oidossucios.com\/site\/#website\"},\"primaryImageOfPage\":{\"@id\":\"https:\/\/www.oidossucios.com\/site\/morrissey-cancela-su-presentacion-en-el-vive-latino-2013\/#primaryimage\"},\"datePublished\":\"2013-03-14T07:27:00+00:00\",\"dateModified\":\"2013-03-14T07:27:00+00:00\",\"author\":{\"@id\":\"https:\/\/www.oidossucios.com\/site\/#\/schema\/person\/24559eeb76bf83a63296fb072393a688\"},\"inLanguage\":\"es\",\"potentialAction\":[{\"@type\":\"ReadAction\",\"target\":[\"https:\/\/www.oidossucios.com\/site\/morrissey-cancela-su-presentacion-en-el-vive-latino-2013\/\"]}]},{\"@type\":[\"Person\"],\"@id\":\"https:\/\/www.oidossucios.com\/site\/#\/schema\/person\/24559eeb76bf83a63296fb072393a688\",\"name\":\"Oidossucios\",\"image\":{\"@type\":\"ImageObject\",\"@id\":\"https:\/\/www.oidossucios.com\/site\/#personlogo\",\"inLanguage\":\"es\",\"url\":\"https:\/\/secure.gravatar.com\/avatar\/74fcb480f42f1a33e50a0b6e6369a3f907be2e43dc84fa5f76c66e9c22b4a5ab?s=96&d=mm&r=g\",\"caption\":\"Oidossucios\"},\"sameAs\":[\"https:\/\/twitter.com\/oidossucios\"]}]}<\/script>\n<!-- \/ Yoast SEO plugin. -->","jetpack_sharing_enabled":true,"_links":{"self":[{"href":"https:\/\/www.oidossucios.com\/site\/wp-json\/wp\/v2\/posts\/6966","targetHints":{"allow":["GET"]}}],"collection":[{"href":"https:\/\/www.oidossucios.com\/site\/wp-json\/wp\/v2\/posts"}],"about":[{"href":"https:\/\/www.oidossucios.com\/site\/wp-json\/wp\/v2\/types\/post"}],"author":[{"embeddable":true,"href":"https:\/\/www.oidossucios.com\/site\/wp-json\/wp\/v2\/users\/4"}],"replies":[{"embeddable":true,"href":"https:\/\/www.oidossucios.com\/site\/wp-json\/wp\/v2\/comments?post=6966"}],"version-history":[{"count":0,"href":"https:\/\/www.oidossucios.com\/site\/wp-json\/wp\/v2\/posts\/6966\/revisions"}],"wp:featuredmedia":[{"embeddable":true,"href":"https:\/\/www.oidossucios.com\/site\/wp-json\/wp\/v2\/media\/100006966"}],"wp:attachment":[{"href":"https:\/\/www.oidossucios.com\/site\/wp-json\/wp\/v2\/media?parent=6966"}],"wp:term":[{"taxonomy":"category","embeddable":true,"href":"https:\/\/www.oidossucios.com\/site\/wp-json\/wp\/v2\/categories?post=6966"},{"taxonomy":"post_tag","embeddable":true,"href":"https:\/\/www.oidossucios.com\/site\/wp-json\/wp\/v2\/tags?post=6966"}],"curies":[{"name":"wp","href":"https:\/\/api.w.org\/{rel}","templated":true}]}}