{"id":6974,"date":"2013-03-15T18:59:00","date_gmt":"2013-03-15T18:59:00","guid":{"rendered":"https:\/\/www.oidossucios.com\/site\/2013\/03\/15\/guitarrista-y-co-fundador-de-tomates-fritos-deja-la-banda\/"},"modified":"2013-03-15T18:59:00","modified_gmt":"2013-03-15T18:59:00","slug":"guitarrista-y-co-fundador-de-tomates-fritos-deja-la-banda","status":"publish","type":"post","link":"https:\/\/www.oidossucios.com\/site\/guitarrista-y-co-fundador-de-tomates-fritos-deja-la-banda\/","title":{"rendered":"Guitarrista y co-fundador de Tomates Fritos deja la banda"},"content":{"rendered":"<p>Por <\/p>\n<p><![endif]--> <\/p>\n<p>La reconocida banda portocruzana Tomates Fritos, anunci\u00f3 a trav\u00e9s de su <a href=\"http:\/\/www.facebook.com\/notes\/tomates-fritos\/el-camino-dif%C3%ADcil-nos-hace-m%C3%A1s-fuertes-17-a%C3%B1os\/10151332682948152\">Facebook oficial<\/a>, la salida de su formaci\u00f3n del guitarrista y co fundador del grupo, Rodrigo Vera, tras 17 a\u00f1os de carrera juntos.<\/p>\n<p>Ac\u00e1 el comunicado oficial:<b><i><\/p>\n<p>EL CAMINO DIF\u00cdCIL NOS HACE M\u00c1S FUERTES 17 a\u00f1os<\/i><\/b><i><\/p>\n<p>Tras 17 a\u00f1os de carrera, RODRIGO VERA Guitarrista co-fundador de la banda, ha decidido por motivos personales abandonar TOMATES FRITOS,&nbsp; decisi\u00f3n que respetamos y aunque un poco tristes no da fuerzas para seguir en la carretera.<\/p>\n<p>\u00a8El camino dif\u00edcil nos hace m\u00e1s fuertes\u00a8<\/p>\n<p>\u00a8Por delante de la banda esta la amistad, Rodrigo es nuestro hermano y lo apoyamos,&nbsp; le deseamos toda el \u00e9xito y suerte en su proyecto de vida.<\/p>\n<p>Igualmente informamos que la segunda parte de la gira HOTEL MIRAMAR, arrancar\u00e1 en ABRIL de este&nbsp; a\u00f1o y ya estan confirmadas fechas en la ciudades de Barquisimeto, Caracas y Puerto La Cruz.<\/p>\n<p>Se viene la OLA!<\/p>\n<p>Amor y respeto para todos!<\/i><\/p>\n<p>D\u00edas despu\u00e9s y <a href=\"http:\/\/www.facebook.com\/notes\/tomates-fritos\/oficialmente-le-presentamos-a-nuestro-nuevo-guitarrista-\/10151343022973152\">a trav\u00e9s de la misma red social, la banda anunci\u00f3 que su nuevo guitarrista es Carlos Delgado<\/a> (Limpiacabezales, DeRaviolis) &nbsp;quien ya ha colaborado con Tomates en diversas presentaciones en vivo.<\/p>\n<p><!--[if gte mso 10]> <\/style>\n\n <![endif]--><!--nextpage--><img decoding=\"async\" class=\"aligncenter size-medium wp-image-111116614\" src=\"https:\/\/www.oidossucios.com\/site\/wp-content\/uploads\/2020\/02\/6614.jpg\" alt=\"Guitarrista y co-fundador de Tomates Fritos deja la banda\"  \/><a href='https:\/\/www.oidossucios.com\/site\/guitarrista-y-co-fundador-de-tomates-fritos-deja-la-banda\/2\/'\n                        onclick='if (tpsInstance) { tpsInstance.setNext(); return false; }'\n                        rel='next'\n                        style=''\n                        class=''>Ver galer\u00eda<\/a>]]><\/p>\n","protected":false},"excerpt":{"rendered":"<p>Por medio de su Facebook, la banda de Puerto La Cruz anunci\u00f3 la salida de su formaci\u00f3n del guitarrista Rodrigo Vera.<\/p>\n","protected":false},"author":4,"featured_media":100006974,"comment_status":"open","ping_status":"open","sticky":false,"template":"","format":"standard","meta":{"_jetpack_memberships_contains_paid_content":false,"footnotes":""},"categories":[685],"tags":[],"class_list":["post-6974","post","type-post","status-publish","format-standard","has-post-thumbnail","hentry","category-ultima"],"jetpack_featured_media_url":"https:\/\/www.oidossucios.com\/site\/wp-content\/uploads\/2013\/03\/6974.jpg","yoast_head":"<!-- This site is optimized with the Yoast SEO plugin v14.0.4 - https:\/\/yoast.com\/wordpress\/plugins\/seo\/ -->\n<title>Guitarrista y co-fundador de Tomates Fritos deja la banda - OidosSucios.Com<\/title>\n<meta name=\"description\" content=\"Por medio de su Facebook, la banda de Puerto La Cruz anunci\u00f3 la salida de su formaci\u00f3n del guitarrista Rodrigo Vera.\" \/>\n<meta name=\"robots\" content=\"index, follow\" \/>\n<meta name=\"googlebot\" content=\"index, follow, max-snippet:-1, max-image-preview:large, max-video-preview:-1\" \/>\n<meta name=\"bingbot\" content=\"index, follow, max-snippet:-1, max-image-preview:large, max-video-preview:-1\" \/>\n<link rel=\"canonical\" href=\"https:\/\/www.oidossucios.com\/site\/guitarrista-y-co-fundador-de-tomates-fritos-deja-la-banda\/\" \/>\n<link rel=\"next\" href=\"https:\/\/www.oidossucios.com\/site\/guitarrista-y-co-fundador-de-tomates-fritos-deja-la-banda\/2\/\" \/>\n<meta property=\"og:locale\" content=\"es_ES\" \/>\n<meta property=\"og:type\" content=\"article\" \/>\n<meta property=\"og:title\" content=\"Guitarrista y co-fundador de Tomates Fritos deja la banda - OidosSucios.Com\" \/>\n<meta property=\"og:description\" content=\"Por medio de su Facebook, la banda de Puerto La Cruz anunci\u00f3 la salida de su formaci\u00f3n del guitarrista Rodrigo Vera.\" \/>\n<meta property=\"og:url\" content=\"https:\/\/www.oidossucios.com\/site\/guitarrista-y-co-fundador-de-tomates-fritos-deja-la-banda\/\" \/>\n<meta property=\"og:site_name\" content=\"OidosSucios.Com\" \/>\n<meta property=\"article:published_time\" content=\"2013-03-15T18:59:00+00:00\" \/>\n<meta property=\"og:image\" content=\"https:\/\/www.oidossucios.com\/site\/wp-content\/uploads\/2013\/03\/6974.jpg\" \/>\n\t<meta property=\"og:image:width\" content=\"350\" \/>\n\t<meta property=\"og:image:height\" content=\"300\" \/>\n<meta name=\"twitter:card\" content=\"summary_large_image\" \/>\n<meta name=\"twitter:creator\" content=\"@oidossucios\" \/>\n<script type=\"application\/ld+json\" class=\"yoast-schema-graph\">{\"@context\":\"https:\/\/schema.org\",\"@graph\":[{\"@type\":\"WebSite\",\"@id\":\"https:\/\/www.oidossucios.com\/site\/#website\",\"url\":\"https:\/\/www.oidossucios.com\/site\/\",\"name\":\"OidosSucios.Com\",\"description\":\"M\\u00fasica, conciertos, discos\",\"potentialAction\":[{\"@type\":\"SearchAction\",\"target\":\"https:\/\/www.oidossucios.com\/site\/?s={search_term_string}\",\"query-input\":\"required name=search_term_string\"}],\"inLanguage\":\"es\"},{\"@type\":\"ImageObject\",\"@id\":\"https:\/\/www.oidossucios.com\/site\/guitarrista-y-co-fundador-de-tomates-fritos-deja-la-banda\/#primaryimage\",\"inLanguage\":\"es\",\"url\":\"https:\/\/www.oidossucios.com\/site\/wp-content\/uploads\/2013\/03\/6974.jpg\",\"width\":350,\"height\":300},{\"@type\":\"WebPage\",\"@id\":\"https:\/\/www.oidossucios.com\/site\/guitarrista-y-co-fundador-de-tomates-fritos-deja-la-banda\/#webpage\",\"url\":\"https:\/\/www.oidossucios.com\/site\/guitarrista-y-co-fundador-de-tomates-fritos-deja-la-banda\/\",\"name\":\"Guitarrista y co-fundador de Tomates Fritos deja la banda - OidosSucios.Com\",\"isPartOf\":{\"@id\":\"https:\/\/www.oidossucios.com\/site\/#website\"},\"primaryImageOfPage\":{\"@id\":\"https:\/\/www.oidossucios.com\/site\/guitarrista-y-co-fundador-de-tomates-fritos-deja-la-banda\/#primaryimage\"},\"datePublished\":\"2013-03-15T18:59:00+00:00\",\"dateModified\":\"2013-03-15T18:59:00+00:00\",\"author\":{\"@id\":\"https:\/\/www.oidossucios.com\/site\/#\/schema\/person\/24559eeb76bf83a63296fb072393a688\"},\"description\":\"Por medio de su Facebook, la banda de Puerto La Cruz anunci\\u00f3 la salida de su formaci\\u00f3n del guitarrista Rodrigo Vera.\",\"inLanguage\":\"es\",\"potentialAction\":[{\"@type\":\"ReadAction\",\"target\":[\"https:\/\/www.oidossucios.com\/site\/guitarrista-y-co-fundador-de-tomates-fritos-deja-la-banda\/\"]}]},{\"@type\":[\"Person\"],\"@id\":\"https:\/\/www.oidossucios.com\/site\/#\/schema\/person\/24559eeb76bf83a63296fb072393a688\",\"name\":\"Oidossucios\",\"image\":{\"@type\":\"ImageObject\",\"@id\":\"https:\/\/www.oidossucios.com\/site\/#personlogo\",\"inLanguage\":\"es\",\"url\":\"https:\/\/secure.gravatar.com\/avatar\/74fcb480f42f1a33e50a0b6e6369a3f907be2e43dc84fa5f76c66e9c22b4a5ab?s=96&d=mm&r=g\",\"caption\":\"Oidossucios\"},\"sameAs\":[\"https:\/\/twitter.com\/oidossucios\"]}]}<\/script>\n<!-- \/ Yoast SEO plugin. -->","jetpack_sharing_enabled":true,"_links":{"self":[{"href":"https:\/\/www.oidossucios.com\/site\/wp-json\/wp\/v2\/posts\/6974","targetHints":{"allow":["GET"]}}],"collection":[{"href":"https:\/\/www.oidossucios.com\/site\/wp-json\/wp\/v2\/posts"}],"about":[{"href":"https:\/\/www.oidossucios.com\/site\/wp-json\/wp\/v2\/types\/post"}],"author":[{"embeddable":true,"href":"https:\/\/www.oidossucios.com\/site\/wp-json\/wp\/v2\/users\/4"}],"replies":[{"embeddable":true,"href":"https:\/\/www.oidossucios.com\/site\/wp-json\/wp\/v2\/comments?post=6974"}],"version-history":[{"count":0,"href":"https:\/\/www.oidossucios.com\/site\/wp-json\/wp\/v2\/posts\/6974\/revisions"}],"wp:featuredmedia":[{"embeddable":true,"href":"https:\/\/www.oidossucios.com\/site\/wp-json\/wp\/v2\/media\/100006974"}],"wp:attachment":[{"href":"https:\/\/www.oidossucios.com\/site\/wp-json\/wp\/v2\/media?parent=6974"}],"wp:term":[{"taxonomy":"category","embeddable":true,"href":"https:\/\/www.oidossucios.com\/site\/wp-json\/wp\/v2\/categories?post=6974"},{"taxonomy":"post_tag","embeddable":true,"href":"https:\/\/www.oidossucios.com\/site\/wp-json\/wp\/v2\/tags?post=6974"}],"curies":[{"name":"wp","href":"https:\/\/api.w.org\/{rel}","templated":true}]}}