{"id":6976,"date":"2013-03-15T19:26:00","date_gmt":"2013-03-15T19:26:00","guid":{"rendered":"https:\/\/www.oidossucios.com\/site\/2013\/03\/15\/video-el-discurso-de-dave-grohl-en-el-south-by-southwest-2013\/"},"modified":"2013-03-15T19:26:00","modified_gmt":"2013-03-15T19:26:00","slug":"video-el-discurso-de-dave-grohl-en-el-south-by-southwest-2013","status":"publish","type":"post","link":"https:\/\/www.oidossucios.com\/site\/video-el-discurso-de-dave-grohl-en-el-south-by-southwest-2013\/","title":{"rendered":"Video: el discurso de Dave Grohl en el South By Southwest 2013"},"content":{"rendered":"<p>Por <\/p>\n<p><![endif]--> <\/p>\n<p>El m\u00fasico, director y l\u00edder de los Foo Fighters, Dave Grohl, fue invitado como orador principal en el Austin Convention Center de Austin, bajo el marco del festival South by Southwest 2013.<\/p>\n<p>El ex Nirvana habl\u00f3 sobre c\u00f3mo se inici\u00f3 en el mundo de la m\u00fasica desde adolescente, c\u00f3mo conoci\u00f3 el Punk Rock, c\u00f3mo grababa sus demos con Nirvana, sobre Kurt Cobain y su intenci\u00f3n de hacer de Nirvana, la mejor banda del mundo.<\/p>\n<p>Coment\u00f3 tambi\u00e9n que despu\u00e9s de la muerte de Cobain se sinti\u00f3 perdido, pero la esperanza volvi\u00f3 a \u00e9l fundando Foo Fighters como una oportunidad para empezar de nuevo.<\/p>\n<p>&#8220;\u00bfQui\u00e9n puede cuestionar el valor de una canci\u00f3n? \u00bfQui\u00e9n puede definir quien posee una buena voz y lo que es una buena canci\u00f3n?&#8221; dijo el m\u00fasico en su discurso.<\/p>\n<p>&#8220;\u0091Gangnam Style\u0092 es una de mis canciones favoritas de la \u00faltima d\u00e9cada. \u00bfEs mejor o peor que cualquier canci\u00f3n de Atoms For Peace?&#8221; declar\u00f3.<\/p>\n<p>Arriba puedes ver el discurso en su totalidad.<\/p>\n<p><!--[if gte mso 10]> <\/style>\n\n <![endif]--><\/p>\n","protected":false},"excerpt":{"rendered":"<p>Dave Grohl particip\u00f3 como orador principal en el Austin Convention Center de Austin, bajo el marco de South by Southwest 2013.<\/p>\n","protected":false},"author":4,"featured_media":100006976,"comment_status":"open","ping_status":"open","sticky":false,"template":"","format":"standard","meta":{"_jetpack_memberships_contains_paid_content":false,"footnotes":""},"categories":[695],"tags":[],"class_list":["post-6976","post","type-post","status-publish","format-standard","has-post-thumbnail","hentry","category-articulos"],"jetpack_featured_media_url":"https:\/\/www.oidossucios.com\/site\/wp-content\/uploads\/2013\/03\/6976.jpg","yoast_head":"<!-- This site is optimized with the Yoast SEO plugin v14.0.4 - https:\/\/yoast.com\/wordpress\/plugins\/seo\/ -->\n<title>Video: el discurso de Dave Grohl en el South By Southwest 2013 - OidosSucios.Com<\/title>\n<meta name=\"description\" content=\"Dave Grohl particip\u00f3 como orador principal en el Austin Convention Center de Austin, bajo el marco de South by Southwest 2013.\" \/>\n<meta name=\"robots\" content=\"index, follow\" \/>\n<meta name=\"googlebot\" content=\"index, follow, max-snippet:-1, max-image-preview:large, max-video-preview:-1\" \/>\n<meta name=\"bingbot\" content=\"index, follow, max-snippet:-1, max-image-preview:large, max-video-preview:-1\" \/>\n<link rel=\"canonical\" href=\"https:\/\/www.oidossucios.com\/site\/video-el-discurso-de-dave-grohl-en-el-south-by-southwest-2013\/\" \/>\n<meta property=\"og:locale\" content=\"es_ES\" \/>\n<meta property=\"og:type\" content=\"article\" \/>\n<meta property=\"og:title\" content=\"Video: el discurso de Dave Grohl en el South By Southwest 2013 - OidosSucios.Com\" \/>\n<meta property=\"og:description\" content=\"Dave Grohl particip\u00f3 como orador principal en el Austin Convention Center de Austin, bajo el marco de South by Southwest 2013.\" \/>\n<meta property=\"og:url\" content=\"https:\/\/www.oidossucios.com\/site\/video-el-discurso-de-dave-grohl-en-el-south-by-southwest-2013\/\" \/>\n<meta property=\"og:site_name\" content=\"OidosSucios.Com\" \/>\n<meta property=\"article:published_time\" content=\"2013-03-15T19:26:00+00:00\" \/>\n<meta property=\"og:image\" content=\"https:\/\/www.oidossucios.com\/site\/wp-content\/uploads\/2013\/03\/6976.jpg\" \/>\n\t<meta property=\"og:image:width\" content=\"350\" \/>\n\t<meta property=\"og:image:height\" content=\"300\" \/>\n<meta name=\"twitter:card\" content=\"summary_large_image\" \/>\n<meta name=\"twitter:creator\" content=\"@oidossucios\" \/>\n<script type=\"application\/ld+json\" class=\"yoast-schema-graph\">{\"@context\":\"https:\/\/schema.org\",\"@graph\":[{\"@type\":\"WebSite\",\"@id\":\"https:\/\/www.oidossucios.com\/site\/#website\",\"url\":\"https:\/\/www.oidossucios.com\/site\/\",\"name\":\"OidosSucios.Com\",\"description\":\"M\\u00fasica, conciertos, discos\",\"potentialAction\":[{\"@type\":\"SearchAction\",\"target\":\"https:\/\/www.oidossucios.com\/site\/?s={search_term_string}\",\"query-input\":\"required name=search_term_string\"}],\"inLanguage\":\"es\"},{\"@type\":\"ImageObject\",\"@id\":\"https:\/\/www.oidossucios.com\/site\/video-el-discurso-de-dave-grohl-en-el-south-by-southwest-2013\/#primaryimage\",\"inLanguage\":\"es\",\"url\":\"https:\/\/www.oidossucios.com\/site\/wp-content\/uploads\/2013\/03\/6976.jpg\",\"width\":350,\"height\":300},{\"@type\":\"WebPage\",\"@id\":\"https:\/\/www.oidossucios.com\/site\/video-el-discurso-de-dave-grohl-en-el-south-by-southwest-2013\/#webpage\",\"url\":\"https:\/\/www.oidossucios.com\/site\/video-el-discurso-de-dave-grohl-en-el-south-by-southwest-2013\/\",\"name\":\"Video: el discurso de Dave Grohl en el South By Southwest 2013 - OidosSucios.Com\",\"isPartOf\":{\"@id\":\"https:\/\/www.oidossucios.com\/site\/#website\"},\"primaryImageOfPage\":{\"@id\":\"https:\/\/www.oidossucios.com\/site\/video-el-discurso-de-dave-grohl-en-el-south-by-southwest-2013\/#primaryimage\"},\"datePublished\":\"2013-03-15T19:26:00+00:00\",\"dateModified\":\"2013-03-15T19:26:00+00:00\",\"author\":{\"@id\":\"https:\/\/www.oidossucios.com\/site\/#\/schema\/person\/24559eeb76bf83a63296fb072393a688\"},\"description\":\"Dave Grohl particip\\u00f3 como orador principal en el Austin Convention Center de Austin, bajo el marco de South by Southwest 2013.\",\"inLanguage\":\"es\",\"potentialAction\":[{\"@type\":\"ReadAction\",\"target\":[\"https:\/\/www.oidossucios.com\/site\/video-el-discurso-de-dave-grohl-en-el-south-by-southwest-2013\/\"]}]},{\"@type\":[\"Person\"],\"@id\":\"https:\/\/www.oidossucios.com\/site\/#\/schema\/person\/24559eeb76bf83a63296fb072393a688\",\"name\":\"Oidossucios\",\"image\":{\"@type\":\"ImageObject\",\"@id\":\"https:\/\/www.oidossucios.com\/site\/#personlogo\",\"inLanguage\":\"es\",\"url\":\"https:\/\/secure.gravatar.com\/avatar\/74fcb480f42f1a33e50a0b6e6369a3f907be2e43dc84fa5f76c66e9c22b4a5ab?s=96&d=mm&r=g\",\"caption\":\"Oidossucios\"},\"sameAs\":[\"https:\/\/twitter.com\/oidossucios\"]}]}<\/script>\n<!-- \/ Yoast SEO plugin. -->","jetpack_sharing_enabled":true,"_links":{"self":[{"href":"https:\/\/www.oidossucios.com\/site\/wp-json\/wp\/v2\/posts\/6976","targetHints":{"allow":["GET"]}}],"collection":[{"href":"https:\/\/www.oidossucios.com\/site\/wp-json\/wp\/v2\/posts"}],"about":[{"href":"https:\/\/www.oidossucios.com\/site\/wp-json\/wp\/v2\/types\/post"}],"author":[{"embeddable":true,"href":"https:\/\/www.oidossucios.com\/site\/wp-json\/wp\/v2\/users\/4"}],"replies":[{"embeddable":true,"href":"https:\/\/www.oidossucios.com\/site\/wp-json\/wp\/v2\/comments?post=6976"}],"version-history":[{"count":0,"href":"https:\/\/www.oidossucios.com\/site\/wp-json\/wp\/v2\/posts\/6976\/revisions"}],"wp:featuredmedia":[{"embeddable":true,"href":"https:\/\/www.oidossucios.com\/site\/wp-json\/wp\/v2\/media\/100006976"}],"wp:attachment":[{"href":"https:\/\/www.oidossucios.com\/site\/wp-json\/wp\/v2\/media?parent=6976"}],"wp:term":[{"taxonomy":"category","embeddable":true,"href":"https:\/\/www.oidossucios.com\/site\/wp-json\/wp\/v2\/categories?post=6976"},{"taxonomy":"post_tag","embeddable":true,"href":"https:\/\/www.oidossucios.com\/site\/wp-json\/wp\/v2\/tags?post=6976"}],"curies":[{"name":"wp","href":"https:\/\/api.w.org\/{rel}","templated":true}]}}