{"id":698,"date":"2002-10-19T15:49:00","date_gmt":"2002-10-19T15:49:00","guid":{"rendered":"https:\/\/www.oidossucios.com\/site\/2002\/10\/19\/a-n-i-m-a-l-no-tocara-en-caracas-este-ano\/"},"modified":"2002-10-19T15:49:00","modified_gmt":"2002-10-19T15:49:00","slug":"a-n-i-m-a-l-no-tocara-en-caracas-este-ano","status":"publish","type":"post","link":"https:\/\/www.oidossucios.com\/site\/a-n-i-m-a-l-no-tocara-en-caracas-este-ano\/","title":{"rendered":"A.N.I.M.A.L. no tocar\u00e1 en Caracas este a\u00f1o"},"content":{"rendered":"<p>El concierto del power-tr\u00edo argentino A.N.I.M.A.L., que se iba a llevar a cabo el 16 de noviembre en la Concha Ac\u00fastica de Bello Monte, debido a que las autoridades que facilitan la permisolog\u00eda del recinto, lo negaron a ultima hora.<\/p>\n<p>Seg\u00fan Atilano Orozco, de Rock Show Producciones, empresa encargada de realizar el concierto, la banda le confirm\u00f3 la disponibilidad para venir al pa\u00eds durante el primer trimestre del 2003.<\/p>\n<p>A.N.I.M.A.L. visit\u00f3 el pa\u00eds durante el pasado mes de abril, realizando una participaci\u00f3n en la ciudad de Valencia. Luego sufrieron problemas para salir de Venezuela debido a los disturbios que se presentaron en los d\u00edas de la ca\u00edda del gobierno de Hugo Ch\u00e1vez.<\/p>\n","protected":false},"excerpt":{"rendered":"<p>El concierto que se hab\u00eda pautado para el 16 de noviembre, fue suspendido por problemas en la permisolog\u00eda del recinto donde se iba a presentar. La banda visitar\u00e1 el pa\u00eds en el primer trimestre del 2003.<\/p>\n","protected":false},"author":4,"featured_media":0,"comment_status":"open","ping_status":"open","sticky":false,"template":"","format":"standard","meta":{"_jetpack_memberships_contains_paid_content":false,"footnotes":""},"categories":[250],"tags":[],"class_list":["post-698","post","type-post","status-publish","format-standard","hentry","category-noticias"],"jetpack_featured_media_url":"","yoast_head":"<!-- This site is optimized with the Yoast SEO plugin v14.0.4 - https:\/\/yoast.com\/wordpress\/plugins\/seo\/ -->\n<title>A.N.I.M.A.L. no tocar\u00e1 en Caracas este a\u00f1o - OidosSucios.Com<\/title>\n<meta name=\"description\" content=\"La agenda de Desorden P\u00fablico para el \u00faltimo trimestre del a\u00f1o luce totalmente llena, con viajes a M\u00e9xico y USA y m\u00faltiples presentaciones en Venezuela.\" \/>\n<meta name=\"robots\" content=\"index, follow\" \/>\n<meta name=\"googlebot\" content=\"index, follow, max-snippet:-1, max-image-preview:large, max-video-preview:-1\" \/>\n<meta name=\"bingbot\" content=\"index, follow, max-snippet:-1, max-image-preview:large, max-video-preview:-1\" \/>\n<link rel=\"canonical\" href=\"https:\/\/www.oidossucios.com\/site\/a-n-i-m-a-l-no-tocara-en-caracas-este-ano\/\" \/>\n<meta property=\"og:locale\" content=\"es_ES\" \/>\n<meta property=\"og:type\" content=\"article\" \/>\n<meta property=\"og:title\" content=\"A.N.I.M.A.L. no tocar\u00e1 en Caracas este a\u00f1o - OidosSucios.Com\" \/>\n<meta property=\"og:description\" content=\"La agenda de Desorden P\u00fablico para el \u00faltimo trimestre del a\u00f1o luce totalmente llena, con viajes a M\u00e9xico y USA y m\u00faltiples presentaciones en Venezuela.\" \/>\n<meta property=\"og:url\" content=\"https:\/\/www.oidossucios.com\/site\/a-n-i-m-a-l-no-tocara-en-caracas-este-ano\/\" \/>\n<meta property=\"og:site_name\" content=\"OidosSucios.Com\" \/>\n<meta property=\"article:published_time\" content=\"2002-10-19T15:49:00+00:00\" \/>\n<meta name=\"twitter:card\" content=\"summary_large_image\" \/>\n<meta name=\"twitter:creator\" content=\"@oidossucios\" \/>\n<script type=\"application\/ld+json\" class=\"yoast-schema-graph\">{\"@context\":\"https:\/\/schema.org\",\"@graph\":[{\"@type\":\"WebSite\",\"@id\":\"https:\/\/www.oidossucios.com\/site\/#website\",\"url\":\"https:\/\/www.oidossucios.com\/site\/\",\"name\":\"OidosSucios.Com\",\"description\":\"M\\u00fasica, conciertos, discos\",\"potentialAction\":[{\"@type\":\"SearchAction\",\"target\":\"https:\/\/www.oidossucios.com\/site\/?s={search_term_string}\",\"query-input\":\"required name=search_term_string\"}],\"inLanguage\":\"es\"},{\"@type\":\"WebPage\",\"@id\":\"https:\/\/www.oidossucios.com\/site\/a-n-i-m-a-l-no-tocara-en-caracas-este-ano\/#webpage\",\"url\":\"https:\/\/www.oidossucios.com\/site\/a-n-i-m-a-l-no-tocara-en-caracas-este-ano\/\",\"name\":\"A.N.I.M.A.L. no tocar\\u00e1 en Caracas este a\\u00f1o - OidosSucios.Com\",\"isPartOf\":{\"@id\":\"https:\/\/www.oidossucios.com\/site\/#website\"},\"datePublished\":\"2002-10-19T15:49:00+00:00\",\"dateModified\":\"2002-10-19T15:49:00+00:00\",\"author\":{\"@id\":\"https:\/\/www.oidossucios.com\/site\/#\/schema\/person\/24559eeb76bf83a63296fb072393a688\"},\"description\":\"La agenda de Desorden P\\u00fablico para el \\u00faltimo trimestre del a\\u00f1o luce totalmente llena, con viajes a M\\u00e9xico y USA y m\\u00faltiples presentaciones en Venezuela.\",\"inLanguage\":\"es\",\"potentialAction\":[{\"@type\":\"ReadAction\",\"target\":[\"https:\/\/www.oidossucios.com\/site\/a-n-i-m-a-l-no-tocara-en-caracas-este-ano\/\"]}]},{\"@type\":[\"Person\"],\"@id\":\"https:\/\/www.oidossucios.com\/site\/#\/schema\/person\/24559eeb76bf83a63296fb072393a688\",\"name\":\"Oidossucios\",\"image\":{\"@type\":\"ImageObject\",\"@id\":\"https:\/\/www.oidossucios.com\/site\/#personlogo\",\"inLanguage\":\"es\",\"url\":\"https:\/\/secure.gravatar.com\/avatar\/74fcb480f42f1a33e50a0b6e6369a3f907be2e43dc84fa5f76c66e9c22b4a5ab?s=96&d=mm&r=g\",\"caption\":\"Oidossucios\"},\"sameAs\":[\"https:\/\/twitter.com\/oidossucios\"]}]}<\/script>\n<!-- \/ Yoast SEO plugin. -->","jetpack_sharing_enabled":true,"_links":{"self":[{"href":"https:\/\/www.oidossucios.com\/site\/wp-json\/wp\/v2\/posts\/698","targetHints":{"allow":["GET"]}}],"collection":[{"href":"https:\/\/www.oidossucios.com\/site\/wp-json\/wp\/v2\/posts"}],"about":[{"href":"https:\/\/www.oidossucios.com\/site\/wp-json\/wp\/v2\/types\/post"}],"author":[{"embeddable":true,"href":"https:\/\/www.oidossucios.com\/site\/wp-json\/wp\/v2\/users\/4"}],"replies":[{"embeddable":true,"href":"https:\/\/www.oidossucios.com\/site\/wp-json\/wp\/v2\/comments?post=698"}],"version-history":[{"count":0,"href":"https:\/\/www.oidossucios.com\/site\/wp-json\/wp\/v2\/posts\/698\/revisions"}],"wp:attachment":[{"href":"https:\/\/www.oidossucios.com\/site\/wp-json\/wp\/v2\/media?parent=698"}],"wp:term":[{"taxonomy":"category","embeddable":true,"href":"https:\/\/www.oidossucios.com\/site\/wp-json\/wp\/v2\/categories?post=698"},{"taxonomy":"post_tag","embeddable":true,"href":"https:\/\/www.oidossucios.com\/site\/wp-json\/wp\/v2\/tags?post=698"}],"curies":[{"name":"wp","href":"https:\/\/api.w.org\/{rel}","templated":true}]}}