{"id":6987,"date":"2013-03-19T18:00:00","date_gmt":"2013-03-19T18:00:00","guid":{"rendered":"https:\/\/www.oidossucios.com\/site\/2013\/03\/19\/justin-timberlake-confirma-que-si-habra-una-segunda-parte-de-su-nuevo-disco\/"},"modified":"2013-03-19T18:00:00","modified_gmt":"2013-03-19T18:00:00","slug":"justin-timberlake-confirma-que-si-habra-una-segunda-parte-de-su-nuevo-disco","status":"publish","type":"post","link":"https:\/\/www.oidossucios.com\/site\/justin-timberlake-confirma-que-si-habra-una-segunda-parte-de-su-nuevo-disco\/","title":{"rendered":"Justin Timberlake confirma que s\u00ed habr\u00e1 una segunda parte de su nuevo disco"},"content":{"rendered":"<p>Justin Timberlake confirm\u00f3 que prepara la segunda parte de su \u00e1lbum <i>The 20\/20 Experience<\/i>, cuya primera entrega sali\u00f3 a la venta el 19 de marzo.<\/p>\n<p>De acuerdo con E! Online, el cantante anunci\u00f3 la llegada de una secuela para su reciente material discogr\u00e1fico durante la fiesta de lanzamiento el lunes, en El Rey Theatre de Los \u00c1ngeles.<\/p>\n<p>&#8220;Tengo que aclarar los rumores. Todo ese asunto de que esta es apenas la primera parte es cierto: hay otra mitad&#8221;, dijo el int\u00e9rprete de 32 a\u00f1os de edad.<\/p>\n<p>No obstante, Timberlake no anunci\u00f3 cu\u00e1ndo ser\u00eda lanzada la continuaci\u00f3n del disco del que se desprende el sencillo &#8220;Suit &amp; Tie&#8221;, que debut\u00f3 en el primer lugar del Billboard en su primera semana de estreno.<\/p>\n<p>En d\u00edas recientes, el cantante confirm\u00f3 que realizar\u00e1 una gira promocional al lado del rapero y productor Jay-Z, con quien visitar\u00e1 13 ciudades de Estados Unidos y Canad\u00e1 entre julio y agosto.<\/p>\n<p>Fuente: www.terra.com.mx<![endif]--><!--[if gte mso 10]> <\/style>\n\n <![endif]--><\/p>\n","protected":false},"excerpt":{"rendered":"<p>Justin Timberlake confirm\u00f3 que prepara la segunda parte de su \u00e1lbum The 20\/20 Experience, cuya primera entrega sali\u00f3 a la venta el 19 de marzo. De acuerdo con E! Online, el cantante anunci\u00f3 la llegada de una secuela para su reciente material discogr\u00e1fico durante la fiesta de lanzamiento el lunes, en El Rey Theatre de [&hellip;]<\/p>\n","protected":false},"author":4,"featured_media":100006987,"comment_status":"open","ping_status":"open","sticky":false,"template":"","format":"standard","meta":{"_jetpack_memberships_contains_paid_content":false,"footnotes":""},"categories":[142],"tags":[],"class_list":["post-6987","post","type-post","status-publish","format-standard","has-post-thumbnail","hentry","category-buzznews"],"jetpack_featured_media_url":"https:\/\/www.oidossucios.com\/site\/wp-content\/uploads\/2013\/03\/6987.jpg","yoast_head":"<!-- This site is optimized with the Yoast SEO plugin v14.0.4 - https:\/\/yoast.com\/wordpress\/plugins\/seo\/ -->\n<title>Justin Timberlake confirma que s\u00ed habr\u00e1 una segunda parte de su nuevo disco - OidosSucios.Com<\/title>\n<meta name=\"robots\" content=\"index, follow\" \/>\n<meta name=\"googlebot\" content=\"index, follow, max-snippet:-1, max-image-preview:large, max-video-preview:-1\" \/>\n<meta name=\"bingbot\" content=\"index, follow, max-snippet:-1, max-image-preview:large, max-video-preview:-1\" \/>\n<link rel=\"canonical\" href=\"https:\/\/www.oidossucios.com\/site\/justin-timberlake-confirma-que-si-habra-una-segunda-parte-de-su-nuevo-disco\/\" \/>\n<meta property=\"og:locale\" content=\"es_ES\" \/>\n<meta property=\"og:type\" content=\"article\" \/>\n<meta property=\"og:title\" content=\"Justin Timberlake confirma que s\u00ed habr\u00e1 una segunda parte de su nuevo disco - OidosSucios.Com\" \/>\n<meta property=\"og:description\" content=\"Justin Timberlake confirm\u00f3 que prepara la segunda parte de su \u00e1lbum The 20\/20 Experience, cuya primera entrega sali\u00f3 a la venta el 19 de marzo. De acuerdo con E! Online, el cantante anunci\u00f3 la llegada de una secuela para su reciente material discogr\u00e1fico durante la fiesta de lanzamiento el lunes, en El Rey Theatre de [&hellip;]\" \/>\n<meta property=\"og:url\" content=\"https:\/\/www.oidossucios.com\/site\/justin-timberlake-confirma-que-si-habra-una-segunda-parte-de-su-nuevo-disco\/\" \/>\n<meta property=\"og:site_name\" content=\"OidosSucios.Com\" \/>\n<meta property=\"article:published_time\" content=\"2013-03-19T18:00:00+00:00\" \/>\n<meta property=\"og:image\" content=\"https:\/\/www.oidossucios.com\/site\/wp-content\/uploads\/2013\/03\/6987.jpg\" \/>\n\t<meta property=\"og:image:width\" content=\"350\" \/>\n\t<meta property=\"og:image:height\" content=\"300\" \/>\n<meta name=\"twitter:card\" content=\"summary_large_image\" \/>\n<meta name=\"twitter:creator\" content=\"@oidossucios\" \/>\n<script type=\"application\/ld+json\" class=\"yoast-schema-graph\">{\"@context\":\"https:\/\/schema.org\",\"@graph\":[{\"@type\":\"WebSite\",\"@id\":\"https:\/\/www.oidossucios.com\/site\/#website\",\"url\":\"https:\/\/www.oidossucios.com\/site\/\",\"name\":\"OidosSucios.Com\",\"description\":\"M\\u00fasica, conciertos, discos\",\"potentialAction\":[{\"@type\":\"SearchAction\",\"target\":\"https:\/\/www.oidossucios.com\/site\/?s={search_term_string}\",\"query-input\":\"required name=search_term_string\"}],\"inLanguage\":\"es\"},{\"@type\":\"ImageObject\",\"@id\":\"https:\/\/www.oidossucios.com\/site\/justin-timberlake-confirma-que-si-habra-una-segunda-parte-de-su-nuevo-disco\/#primaryimage\",\"inLanguage\":\"es\",\"url\":\"https:\/\/www.oidossucios.com\/site\/wp-content\/uploads\/2013\/03\/6987.jpg\",\"width\":350,\"height\":300},{\"@type\":\"WebPage\",\"@id\":\"https:\/\/www.oidossucios.com\/site\/justin-timberlake-confirma-que-si-habra-una-segunda-parte-de-su-nuevo-disco\/#webpage\",\"url\":\"https:\/\/www.oidossucios.com\/site\/justin-timberlake-confirma-que-si-habra-una-segunda-parte-de-su-nuevo-disco\/\",\"name\":\"Justin Timberlake confirma que s\\u00ed habr\\u00e1 una segunda parte de su nuevo disco - OidosSucios.Com\",\"isPartOf\":{\"@id\":\"https:\/\/www.oidossucios.com\/site\/#website\"},\"primaryImageOfPage\":{\"@id\":\"https:\/\/www.oidossucios.com\/site\/justin-timberlake-confirma-que-si-habra-una-segunda-parte-de-su-nuevo-disco\/#primaryimage\"},\"datePublished\":\"2013-03-19T18:00:00+00:00\",\"dateModified\":\"2013-03-19T18:00:00+00:00\",\"author\":{\"@id\":\"https:\/\/www.oidossucios.com\/site\/#\/schema\/person\/24559eeb76bf83a63296fb072393a688\"},\"inLanguage\":\"es\",\"potentialAction\":[{\"@type\":\"ReadAction\",\"target\":[\"https:\/\/www.oidossucios.com\/site\/justin-timberlake-confirma-que-si-habra-una-segunda-parte-de-su-nuevo-disco\/\"]}]},{\"@type\":[\"Person\"],\"@id\":\"https:\/\/www.oidossucios.com\/site\/#\/schema\/person\/24559eeb76bf83a63296fb072393a688\",\"name\":\"Oidossucios\",\"image\":{\"@type\":\"ImageObject\",\"@id\":\"https:\/\/www.oidossucios.com\/site\/#personlogo\",\"inLanguage\":\"es\",\"url\":\"https:\/\/secure.gravatar.com\/avatar\/74fcb480f42f1a33e50a0b6e6369a3f907be2e43dc84fa5f76c66e9c22b4a5ab?s=96&d=mm&r=g\",\"caption\":\"Oidossucios\"},\"sameAs\":[\"https:\/\/twitter.com\/oidossucios\"]}]}<\/script>\n<!-- \/ Yoast SEO plugin. -->","jetpack_sharing_enabled":true,"_links":{"self":[{"href":"https:\/\/www.oidossucios.com\/site\/wp-json\/wp\/v2\/posts\/6987","targetHints":{"allow":["GET"]}}],"collection":[{"href":"https:\/\/www.oidossucios.com\/site\/wp-json\/wp\/v2\/posts"}],"about":[{"href":"https:\/\/www.oidossucios.com\/site\/wp-json\/wp\/v2\/types\/post"}],"author":[{"embeddable":true,"href":"https:\/\/www.oidossucios.com\/site\/wp-json\/wp\/v2\/users\/4"}],"replies":[{"embeddable":true,"href":"https:\/\/www.oidossucios.com\/site\/wp-json\/wp\/v2\/comments?post=6987"}],"version-history":[{"count":0,"href":"https:\/\/www.oidossucios.com\/site\/wp-json\/wp\/v2\/posts\/6987\/revisions"}],"wp:featuredmedia":[{"embeddable":true,"href":"https:\/\/www.oidossucios.com\/site\/wp-json\/wp\/v2\/media\/100006987"}],"wp:attachment":[{"href":"https:\/\/www.oidossucios.com\/site\/wp-json\/wp\/v2\/media?parent=6987"}],"wp:term":[{"taxonomy":"category","embeddable":true,"href":"https:\/\/www.oidossucios.com\/site\/wp-json\/wp\/v2\/categories?post=6987"},{"taxonomy":"post_tag","embeddable":true,"href":"https:\/\/www.oidossucios.com\/site\/wp-json\/wp\/v2\/tags?post=6987"}],"curies":[{"name":"wp","href":"https:\/\/api.w.org\/{rel}","templated":true}]}}