{"id":6990,"date":"2013-03-19T19:29:00","date_gmt":"2013-03-19T19:29:00","guid":{"rendered":"https:\/\/www.oidossucios.com\/site\/2013\/03\/19\/tremolo-violenta-relanza-su-disco-y-sencillo-promocional\/"},"modified":"2013-03-19T19:29:00","modified_gmt":"2013-03-19T19:29:00","slug":"tremolo-violenta-relanza-su-disco-y-sencillo-promocional","status":"publish","type":"post","link":"https:\/\/www.oidossucios.com\/site\/tremolo-violenta-relanza-su-disco-y-sencillo-promocional\/","title":{"rendered":"Tremolo Violenta relanza su disco y sencillo promocional"},"content":{"rendered":"<p>La banda de rock and roll oriunda de Caracas re-lanza su primera producci\u00f3n discogr\u00e1fica titulada &#8220;De d\u00eda es m\u00e1s oscuro&#8221; a trav\u00e9s de <a href=\"http:\/\/www.tremoloviolenta.bandcamp.com\/\">www.tremoloviolenta.bandcamp.com<\/a><\/p>\n<p>Alejandro Barbella, Javier Lugo y Jorge Lugo buscan este 2013 llevar su primer disco a todos los rincones del pa\u00eds de la mano de una peque\u00f1a gira en locales nocturnos con su canci\u00f3n &#8220;202&#8221; como sencillo promocional.<\/p>\n<p>El disco puede ser escuchado en el Bandcamp oficial de la banda; est\u00e1 en descarga gratuita.<\/p>\n<p><iframe loading=\"lazy\" width=\"400\" height=\"100\" frameborder=\"0\" allowtransparency=\"true\" style=\"position: relative; display: block; width: 400px; height: 100px;\" src=\"http:\/\/bandcamp.com\/EmbeddedPlayer\/v=2\/album=772717786\/size=venti\/bgcol=FFFFFF\/linkcol=4285BB\/\">&lt;a href=&#8221;http:\/\/tremoloviolenta.bandcamp.com\/album\/de-d-a-es-m-s-oscuro&#8221;&gt;De D\u00eda Es M\u00e1s Oscuro by Tremolo Violenta&lt;\/a&gt;<\/iframe><\/p>\n<p><![endif]--><!--[if gte mso 10]> <\/style>\n\n <![endif]--><\/p>\n","protected":false},"excerpt":{"rendered":"<p>La banda de rock and roll oriunda de Caracas re-lanza su primera producci\u00f3n discogr\u00e1fica titulada &#8220;De d\u00eda es m\u00e1s oscuro&#8221; a trav\u00e9s de www.tremoloviolenta.bandcamp.com Alejandro Barbella, Javier Lugo y Jorge Lugo buscan este 2013 llevar su primer disco a todos los rincones del pa\u00eds de la mano de una peque\u00f1a gira en locales nocturnos con [&hellip;]<\/p>\n","protected":false},"author":4,"featured_media":100006990,"comment_status":"open","ping_status":"open","sticky":false,"template":"","format":"standard","meta":{"_jetpack_memberships_contains_paid_content":false,"footnotes":""},"categories":[142],"tags":[],"class_list":["post-6990","post","type-post","status-publish","format-standard","has-post-thumbnail","hentry","category-buzznews"],"jetpack_featured_media_url":"https:\/\/www.oidossucios.com\/site\/wp-content\/uploads\/2013\/03\/6990.jpg","yoast_head":"<!-- This site is optimized with the Yoast SEO plugin v14.0.4 - https:\/\/yoast.com\/wordpress\/plugins\/seo\/ -->\n<title>Tremolo Violenta relanza su disco y sencillo promocional - OidosSucios.Com<\/title>\n<meta name=\"robots\" content=\"index, follow\" \/>\n<meta name=\"googlebot\" content=\"index, follow, max-snippet:-1, max-image-preview:large, max-video-preview:-1\" \/>\n<meta name=\"bingbot\" content=\"index, follow, max-snippet:-1, max-image-preview:large, max-video-preview:-1\" \/>\n<link rel=\"canonical\" href=\"https:\/\/www.oidossucios.com\/site\/tremolo-violenta-relanza-su-disco-y-sencillo-promocional\/\" \/>\n<meta property=\"og:locale\" content=\"es_ES\" \/>\n<meta property=\"og:type\" content=\"article\" \/>\n<meta property=\"og:title\" content=\"Tremolo Violenta relanza su disco y sencillo promocional - OidosSucios.Com\" \/>\n<meta property=\"og:description\" content=\"La banda de rock and roll oriunda de Caracas re-lanza su primera producci\u00f3n discogr\u00e1fica titulada &#8220;De d\u00eda es m\u00e1s oscuro&#8221; a trav\u00e9s de www.tremoloviolenta.bandcamp.com Alejandro Barbella, Javier Lugo y Jorge Lugo buscan este 2013 llevar su primer disco a todos los rincones del pa\u00eds de la mano de una peque\u00f1a gira en locales nocturnos con [&hellip;]\" \/>\n<meta property=\"og:url\" content=\"https:\/\/www.oidossucios.com\/site\/tremolo-violenta-relanza-su-disco-y-sencillo-promocional\/\" \/>\n<meta property=\"og:site_name\" content=\"OidosSucios.Com\" \/>\n<meta property=\"article:published_time\" content=\"2013-03-19T19:29:00+00:00\" \/>\n<meta property=\"og:image\" content=\"https:\/\/www.oidossucios.com\/site\/wp-content\/uploads\/2013\/03\/6990.jpg\" \/>\n\t<meta property=\"og:image:width\" content=\"350\" \/>\n\t<meta property=\"og:image:height\" content=\"300\" \/>\n<meta name=\"twitter:card\" content=\"summary_large_image\" \/>\n<meta name=\"twitter:creator\" content=\"@oidossucios\" \/>\n<script type=\"application\/ld+json\" class=\"yoast-schema-graph\">{\"@context\":\"https:\/\/schema.org\",\"@graph\":[{\"@type\":\"WebSite\",\"@id\":\"https:\/\/www.oidossucios.com\/site\/#website\",\"url\":\"https:\/\/www.oidossucios.com\/site\/\",\"name\":\"OidosSucios.Com\",\"description\":\"M\\u00fasica, conciertos, discos\",\"potentialAction\":[{\"@type\":\"SearchAction\",\"target\":\"https:\/\/www.oidossucios.com\/site\/?s={search_term_string}\",\"query-input\":\"required name=search_term_string\"}],\"inLanguage\":\"es\"},{\"@type\":\"ImageObject\",\"@id\":\"https:\/\/www.oidossucios.com\/site\/tremolo-violenta-relanza-su-disco-y-sencillo-promocional\/#primaryimage\",\"inLanguage\":\"es\",\"url\":\"https:\/\/www.oidossucios.com\/site\/wp-content\/uploads\/2013\/03\/6990.jpg\",\"width\":350,\"height\":300},{\"@type\":\"WebPage\",\"@id\":\"https:\/\/www.oidossucios.com\/site\/tremolo-violenta-relanza-su-disco-y-sencillo-promocional\/#webpage\",\"url\":\"https:\/\/www.oidossucios.com\/site\/tremolo-violenta-relanza-su-disco-y-sencillo-promocional\/\",\"name\":\"Tremolo Violenta relanza su disco y sencillo promocional - OidosSucios.Com\",\"isPartOf\":{\"@id\":\"https:\/\/www.oidossucios.com\/site\/#website\"},\"primaryImageOfPage\":{\"@id\":\"https:\/\/www.oidossucios.com\/site\/tremolo-violenta-relanza-su-disco-y-sencillo-promocional\/#primaryimage\"},\"datePublished\":\"2013-03-19T19:29:00+00:00\",\"dateModified\":\"2013-03-19T19:29:00+00:00\",\"author\":{\"@id\":\"https:\/\/www.oidossucios.com\/site\/#\/schema\/person\/24559eeb76bf83a63296fb072393a688\"},\"inLanguage\":\"es\",\"potentialAction\":[{\"@type\":\"ReadAction\",\"target\":[\"https:\/\/www.oidossucios.com\/site\/tremolo-violenta-relanza-su-disco-y-sencillo-promocional\/\"]}]},{\"@type\":[\"Person\"],\"@id\":\"https:\/\/www.oidossucios.com\/site\/#\/schema\/person\/24559eeb76bf83a63296fb072393a688\",\"name\":\"Oidossucios\",\"image\":{\"@type\":\"ImageObject\",\"@id\":\"https:\/\/www.oidossucios.com\/site\/#personlogo\",\"inLanguage\":\"es\",\"url\":\"https:\/\/secure.gravatar.com\/avatar\/74fcb480f42f1a33e50a0b6e6369a3f907be2e43dc84fa5f76c66e9c22b4a5ab?s=96&d=mm&r=g\",\"caption\":\"Oidossucios\"},\"sameAs\":[\"https:\/\/twitter.com\/oidossucios\"]}]}<\/script>\n<!-- \/ Yoast SEO plugin. -->","jetpack_sharing_enabled":true,"_links":{"self":[{"href":"https:\/\/www.oidossucios.com\/site\/wp-json\/wp\/v2\/posts\/6990","targetHints":{"allow":["GET"]}}],"collection":[{"href":"https:\/\/www.oidossucios.com\/site\/wp-json\/wp\/v2\/posts"}],"about":[{"href":"https:\/\/www.oidossucios.com\/site\/wp-json\/wp\/v2\/types\/post"}],"author":[{"embeddable":true,"href":"https:\/\/www.oidossucios.com\/site\/wp-json\/wp\/v2\/users\/4"}],"replies":[{"embeddable":true,"href":"https:\/\/www.oidossucios.com\/site\/wp-json\/wp\/v2\/comments?post=6990"}],"version-history":[{"count":0,"href":"https:\/\/www.oidossucios.com\/site\/wp-json\/wp\/v2\/posts\/6990\/revisions"}],"wp:featuredmedia":[{"embeddable":true,"href":"https:\/\/www.oidossucios.com\/site\/wp-json\/wp\/v2\/media\/100006990"}],"wp:attachment":[{"href":"https:\/\/www.oidossucios.com\/site\/wp-json\/wp\/v2\/media?parent=6990"}],"wp:term":[{"taxonomy":"category","embeddable":true,"href":"https:\/\/www.oidossucios.com\/site\/wp-json\/wp\/v2\/categories?post=6990"},{"taxonomy":"post_tag","embeddable":true,"href":"https:\/\/www.oidossucios.com\/site\/wp-json\/wp\/v2\/tags?post=6990"}],"curies":[{"name":"wp","href":"https:\/\/api.w.org\/{rel}","templated":true}]}}