{"id":6993,"date":"2013-03-20T15:33:00","date_gmt":"2013-03-20T15:33:00","guid":{"rendered":"https:\/\/www.oidossucios.com\/site\/2013\/03\/20\/elefreak-presenta-fe\/"},"modified":"2013-03-20T15:33:00","modified_gmt":"2013-03-20T15:33:00","slug":"elefreak-presenta-fe","status":"publish","type":"post","link":"https:\/\/www.oidossucios.com\/site\/elefreak-presenta-fe\/","title":{"rendered":"Elefreak presenta &#8220;Fe&#8221;"},"content":{"rendered":"<p>La agrupaci\u00f3n venezolana Elefreak presenta &#8220;Fe&#8221;, primer sencillo de su nuevo \u00e1lbum titulado <i>EP02 Contracorriente<\/i>.<\/p>\n<p><iframe loading=\"lazy\" width=\"400\" height=\"100\" frameborder=\"0\" allowtransparency=\"true\" style=\"position: relative; display: block; width: 400px; height: 100px;\" src=\"http:\/\/bandcamp.com\/EmbeddedPlayer\/v=2\/track=4168932988\/size=venti\/bgcol=FFFFFF\/linkcol=4285BB\/\">&lt;a href=&#8221;http:\/\/elefreak.bandcamp.com\/track\/fe&#8221;&gt;Fe by Elefreak&lt;\/a&gt;<\/iframe><\/p>\n<p>&#8220;Fe habla de esos momentos en los que no vemos un futuro muy claro, cuando te embarcas en proyectos que parecieran ser imposibles de concretar, cuando todo indica que se deber\u00eda abandonar la cruzada y, contra todo pron\u00f3stico, sigues avanzando; cansado, contra corriente, sin nada a que aferrarse. M\u00e1s que una idea y un sentimiento, Fe es todo, es el estandarte de Elefreak y su mensaje para la continuidad de los sue\u00f1os de cada ser humano&#8221;, coment\u00f3 uno de los miembros de la banda.<\/p>\n<p>Elefreak est\u00e1 conformada por Miguel \u00c1ngel Sojo, Alberto Iacobellis y David Le\u00f3n. El a\u00f1o pasado realizaron una gira por m\u00e1s de 15 ciudades del pa\u00eds.<\/p>\n<p>&#8220;Fe&#8221; es el primer sencillo promocional de <i>EP02 ContraCorriente<\/i>, segundo disco de la banda, que saldr\u00e1 en el mes de mayo. El tema se puede descargar, sin ning\u00fan costo, a trav\u00e9s de <a href=\"http:\/\/www.elefreak.bandcamp.com\/\">www.elefreak.bandcamp.com<\/a>.<\/p>\n<p>M\u00e1s info:<a href=\"http:\/\/twitter.com\/#!\/@elefreak\"><br \/>@elefreak<\/a><![endif]--><!--[if gte mso 10]> <\/style>\n\n <![endif]--><\/p>\n","protected":false},"excerpt":{"rendered":"<p>La agrupaci\u00f3n venezolana Elefreak presenta &#8220;Fe&#8221;, primer sencillo de su nuevo \u00e1lbum titulado EP02 Contracorriente.<\/p>\n","protected":false},"author":4,"featured_media":100006993,"comment_status":"open","ping_status":"open","sticky":false,"template":"","format":"standard","meta":{"_jetpack_memberships_contains_paid_content":false,"footnotes":""},"categories":[250],"tags":[],"class_list":["post-6993","post","type-post","status-publish","format-standard","has-post-thumbnail","hentry","category-noticias"],"jetpack_featured_media_url":"https:\/\/www.oidossucios.com\/site\/wp-content\/uploads\/2013\/03\/6993.jpg","yoast_head":"<!-- This site is optimized with the Yoast SEO plugin v14.0.4 - https:\/\/yoast.com\/wordpress\/plugins\/seo\/ -->\n<title>Elefreak presenta &quot;Fe&quot; - OidosSucios.Com<\/title>\n<meta name=\"description\" content=\"La agrupaci\u00f3n venezolana Elefreak presenta &quot;Fe&quot;, primer sencillo de su nuevo \u00e1lbum titulado EP02 Contracorriente.\" \/>\n<meta name=\"robots\" content=\"index, follow\" \/>\n<meta name=\"googlebot\" content=\"index, follow, max-snippet:-1, max-image-preview:large, max-video-preview:-1\" \/>\n<meta name=\"bingbot\" content=\"index, follow, max-snippet:-1, max-image-preview:large, max-video-preview:-1\" \/>\n<link rel=\"canonical\" href=\"https:\/\/www.oidossucios.com\/site\/elefreak-presenta-fe\/\" \/>\n<meta property=\"og:locale\" content=\"es_ES\" \/>\n<meta property=\"og:type\" content=\"article\" \/>\n<meta property=\"og:title\" content=\"Elefreak presenta &quot;Fe&quot; - OidosSucios.Com\" \/>\n<meta property=\"og:description\" content=\"La agrupaci\u00f3n venezolana Elefreak presenta &quot;Fe&quot;, primer sencillo de su nuevo \u00e1lbum titulado EP02 Contracorriente.\" \/>\n<meta property=\"og:url\" content=\"https:\/\/www.oidossucios.com\/site\/elefreak-presenta-fe\/\" \/>\n<meta property=\"og:site_name\" content=\"OidosSucios.Com\" \/>\n<meta property=\"article:published_time\" content=\"2013-03-20T15:33:00+00:00\" \/>\n<meta property=\"og:image\" content=\"https:\/\/www.oidossucios.com\/site\/wp-content\/uploads\/2013\/03\/6993.jpg\" \/>\n\t<meta property=\"og:image:width\" content=\"350\" \/>\n\t<meta property=\"og:image:height\" content=\"300\" \/>\n<meta name=\"twitter:card\" content=\"summary_large_image\" \/>\n<meta name=\"twitter:creator\" content=\"@oidossucios\" \/>\n<script type=\"application\/ld+json\" class=\"yoast-schema-graph\">{\"@context\":\"https:\/\/schema.org\",\"@graph\":[{\"@type\":\"WebSite\",\"@id\":\"https:\/\/www.oidossucios.com\/site\/#website\",\"url\":\"https:\/\/www.oidossucios.com\/site\/\",\"name\":\"OidosSucios.Com\",\"description\":\"M\\u00fasica, conciertos, discos\",\"potentialAction\":[{\"@type\":\"SearchAction\",\"target\":\"https:\/\/www.oidossucios.com\/site\/?s={search_term_string}\",\"query-input\":\"required name=search_term_string\"}],\"inLanguage\":\"es\"},{\"@type\":\"ImageObject\",\"@id\":\"https:\/\/www.oidossucios.com\/site\/elefreak-presenta-fe\/#primaryimage\",\"inLanguage\":\"es\",\"url\":\"https:\/\/www.oidossucios.com\/site\/wp-content\/uploads\/2013\/03\/6993.jpg\",\"width\":350,\"height\":300},{\"@type\":\"WebPage\",\"@id\":\"https:\/\/www.oidossucios.com\/site\/elefreak-presenta-fe\/#webpage\",\"url\":\"https:\/\/www.oidossucios.com\/site\/elefreak-presenta-fe\/\",\"name\":\"Elefreak presenta \\\"Fe\\\" - OidosSucios.Com\",\"isPartOf\":{\"@id\":\"https:\/\/www.oidossucios.com\/site\/#website\"},\"primaryImageOfPage\":{\"@id\":\"https:\/\/www.oidossucios.com\/site\/elefreak-presenta-fe\/#primaryimage\"},\"datePublished\":\"2013-03-20T15:33:00+00:00\",\"dateModified\":\"2013-03-20T15:33:00+00:00\",\"author\":{\"@id\":\"https:\/\/www.oidossucios.com\/site\/#\/schema\/person\/24559eeb76bf83a63296fb072393a688\"},\"description\":\"La agrupaci\\u00f3n venezolana Elefreak presenta \\\"Fe\\\", primer sencillo de su nuevo \\u00e1lbum titulado EP02 Contracorriente.\",\"inLanguage\":\"es\",\"potentialAction\":[{\"@type\":\"ReadAction\",\"target\":[\"https:\/\/www.oidossucios.com\/site\/elefreak-presenta-fe\/\"]}]},{\"@type\":[\"Person\"],\"@id\":\"https:\/\/www.oidossucios.com\/site\/#\/schema\/person\/24559eeb76bf83a63296fb072393a688\",\"name\":\"Oidossucios\",\"image\":{\"@type\":\"ImageObject\",\"@id\":\"https:\/\/www.oidossucios.com\/site\/#personlogo\",\"inLanguage\":\"es\",\"url\":\"https:\/\/secure.gravatar.com\/avatar\/74fcb480f42f1a33e50a0b6e6369a3f907be2e43dc84fa5f76c66e9c22b4a5ab?s=96&d=mm&r=g\",\"caption\":\"Oidossucios\"},\"sameAs\":[\"https:\/\/twitter.com\/oidossucios\"]}]}<\/script>\n<!-- \/ Yoast SEO plugin. -->","jetpack_sharing_enabled":true,"_links":{"self":[{"href":"https:\/\/www.oidossucios.com\/site\/wp-json\/wp\/v2\/posts\/6993","targetHints":{"allow":["GET"]}}],"collection":[{"href":"https:\/\/www.oidossucios.com\/site\/wp-json\/wp\/v2\/posts"}],"about":[{"href":"https:\/\/www.oidossucios.com\/site\/wp-json\/wp\/v2\/types\/post"}],"author":[{"embeddable":true,"href":"https:\/\/www.oidossucios.com\/site\/wp-json\/wp\/v2\/users\/4"}],"replies":[{"embeddable":true,"href":"https:\/\/www.oidossucios.com\/site\/wp-json\/wp\/v2\/comments?post=6993"}],"version-history":[{"count":0,"href":"https:\/\/www.oidossucios.com\/site\/wp-json\/wp\/v2\/posts\/6993\/revisions"}],"wp:featuredmedia":[{"embeddable":true,"href":"https:\/\/www.oidossucios.com\/site\/wp-json\/wp\/v2\/media\/100006993"}],"wp:attachment":[{"href":"https:\/\/www.oidossucios.com\/site\/wp-json\/wp\/v2\/media?parent=6993"}],"wp:term":[{"taxonomy":"category","embeddable":true,"href":"https:\/\/www.oidossucios.com\/site\/wp-json\/wp\/v2\/categories?post=6993"},{"taxonomy":"post_tag","embeddable":true,"href":"https:\/\/www.oidossucios.com\/site\/wp-json\/wp\/v2\/tags?post=6993"}],"curies":[{"name":"wp","href":"https:\/\/api.w.org\/{rel}","templated":true}]}}