{"id":6998,"date":"2013-03-20T17:29:00","date_gmt":"2013-03-20T17:29:00","guid":{"rendered":"https:\/\/www.oidossucios.com\/site\/2013\/03\/20\/brandon-boyd-de-incubus-lanzara-este-ano-su-segundo-disco-como-solista\/"},"modified":"2013-03-20T17:29:00","modified_gmt":"2013-03-20T17:29:00","slug":"brandon-boyd-de-incubus-lanzara-este-ano-su-segundo-disco-como-solista","status":"publish","type":"post","link":"https:\/\/www.oidossucios.com\/site\/brandon-boyd-de-incubus-lanzara-este-ano-su-segundo-disco-como-solista\/","title":{"rendered":"Brandon Boyd de Incubus lanzar\u00e1 este a\u00f1o su segundo disco como solista"},"content":{"rendered":"<p>Luego de lanzar <i>If Not Now, When?<\/i> en 2011, parece que Incubus se tomar\u00e1 un descanso para seguir grabando como banda: &#8220;Parecer\u00e1 un receso cuando termine&#8221;, dijo Brandon Boyd a la revista Rolling Stone.<\/p>\n<p>Pero la buena noticia es que el frontman viene trabajando, en este caso para su segundo disco como solista. En 2010 hizo su debut con <i>The Wild Trapeze<\/i>, y ya est\u00e1 todo listo para su pr\u00f3ximo \u00e1lbum en el que trabaj\u00f3 con Brendan O\u00b4Brien, el productor de Incubus desde hace a\u00f1os. &#8220;Est\u00e1 hecho, est\u00e1 masterizado&#8221;, dijo, &#8220;Probablemente saldr\u00e1 en alg\u00fan momento de este verano. Est\u00e1 listo para salir ahora, pero por log\u00edsticas y cosas as\u00ed tardar\u00e1 un poco m\u00e1s.&#8221;<\/p>\n<p>Sin nombre para el disco a\u00fan, Boyd afirma que la m\u00fasica es algo similar a lo que viene haciendo con Incubus hace ya dos d\u00e9cadas: &#8220;Es mucho m\u00e1s de piano y ritmo, melod\u00edas y un pop extra\u00f1o\u0085 es como un bicho raro del pop.&#8221;<\/p>\n<p>Habr\u00e1 mucho Brandon Boyd para el verano del hemisferio norte, ya que el cantante est\u00e1 por lanzar su tercer libro luego de sus anteriores publicaciones de pensamientos y dibujos <i>White Fluffy Clouds<\/i> y <i>From the Murks of the Sultry Abyss<\/i>.<\/p>\n<p>Fuente: www.fmrockandpop.com<![endif]--><!--[if gte mso 10]> <\/style>\n\n <![endif]--><\/p>\n","protected":false},"excerpt":{"rendered":"<p>Luego de lanzar If Not Now, When? en 2011, parece que Incubus se tomar\u00e1 un descanso para seguir grabando como banda: &#8220;Parecer\u00e1 un receso cuando termine&#8221;, dijo Brandon Boyd a la revista Rolling Stone. Pero la buena noticia es que el frontman viene trabajando, en este caso para su segundo disco como solista. En 2010 [&hellip;]<\/p>\n","protected":false},"author":4,"featured_media":100006998,"comment_status":"open","ping_status":"open","sticky":false,"template":"","format":"standard","meta":{"_jetpack_memberships_contains_paid_content":false,"footnotes":""},"categories":[142],"tags":[],"class_list":["post-6998","post","type-post","status-publish","format-standard","has-post-thumbnail","hentry","category-buzznews"],"jetpack_featured_media_url":"https:\/\/www.oidossucios.com\/site\/wp-content\/uploads\/2013\/03\/6998.jpg","yoast_head":"<!-- This site is optimized with the Yoast SEO plugin v14.0.4 - https:\/\/yoast.com\/wordpress\/plugins\/seo\/ -->\n<title>Brandon Boyd de Incubus lanzar\u00e1 este a\u00f1o su segundo disco como solista - OidosSucios.Com<\/title>\n<meta name=\"robots\" content=\"index, follow\" \/>\n<meta name=\"googlebot\" content=\"index, follow, max-snippet:-1, max-image-preview:large, max-video-preview:-1\" \/>\n<meta name=\"bingbot\" content=\"index, follow, max-snippet:-1, max-image-preview:large, max-video-preview:-1\" \/>\n<link rel=\"canonical\" href=\"https:\/\/www.oidossucios.com\/site\/brandon-boyd-de-incubus-lanzara-este-ano-su-segundo-disco-como-solista\/\" \/>\n<meta property=\"og:locale\" content=\"es_ES\" \/>\n<meta property=\"og:type\" content=\"article\" \/>\n<meta property=\"og:title\" content=\"Brandon Boyd de Incubus lanzar\u00e1 este a\u00f1o su segundo disco como solista - OidosSucios.Com\" \/>\n<meta property=\"og:description\" content=\"Luego de lanzar If Not Now, When? en 2011, parece que Incubus se tomar\u00e1 un descanso para seguir grabando como banda: &#8220;Parecer\u00e1 un receso cuando termine&#8221;, dijo Brandon Boyd a la revista Rolling Stone. Pero la buena noticia es que el frontman viene trabajando, en este caso para su segundo disco como solista. En 2010 [&hellip;]\" \/>\n<meta property=\"og:url\" content=\"https:\/\/www.oidossucios.com\/site\/brandon-boyd-de-incubus-lanzara-este-ano-su-segundo-disco-como-solista\/\" \/>\n<meta property=\"og:site_name\" content=\"OidosSucios.Com\" \/>\n<meta property=\"article:published_time\" content=\"2013-03-20T17:29:00+00:00\" \/>\n<meta property=\"og:image\" content=\"https:\/\/www.oidossucios.com\/site\/wp-content\/uploads\/2013\/03\/6998.jpg\" \/>\n\t<meta property=\"og:image:width\" content=\"350\" \/>\n\t<meta property=\"og:image:height\" content=\"300\" \/>\n<meta name=\"twitter:card\" content=\"summary_large_image\" \/>\n<meta name=\"twitter:creator\" content=\"@oidossucios\" \/>\n<script type=\"application\/ld+json\" class=\"yoast-schema-graph\">{\"@context\":\"https:\/\/schema.org\",\"@graph\":[{\"@type\":\"WebSite\",\"@id\":\"https:\/\/www.oidossucios.com\/site\/#website\",\"url\":\"https:\/\/www.oidossucios.com\/site\/\",\"name\":\"OidosSucios.Com\",\"description\":\"M\\u00fasica, conciertos, discos\",\"potentialAction\":[{\"@type\":\"SearchAction\",\"target\":\"https:\/\/www.oidossucios.com\/site\/?s={search_term_string}\",\"query-input\":\"required name=search_term_string\"}],\"inLanguage\":\"es\"},{\"@type\":\"ImageObject\",\"@id\":\"https:\/\/www.oidossucios.com\/site\/brandon-boyd-de-incubus-lanzara-este-ano-su-segundo-disco-como-solista\/#primaryimage\",\"inLanguage\":\"es\",\"url\":\"https:\/\/www.oidossucios.com\/site\/wp-content\/uploads\/2013\/03\/6998.jpg\",\"width\":350,\"height\":300},{\"@type\":\"WebPage\",\"@id\":\"https:\/\/www.oidossucios.com\/site\/brandon-boyd-de-incubus-lanzara-este-ano-su-segundo-disco-como-solista\/#webpage\",\"url\":\"https:\/\/www.oidossucios.com\/site\/brandon-boyd-de-incubus-lanzara-este-ano-su-segundo-disco-como-solista\/\",\"name\":\"Brandon Boyd de Incubus lanzar\\u00e1 este a\\u00f1o su segundo disco como solista - OidosSucios.Com\",\"isPartOf\":{\"@id\":\"https:\/\/www.oidossucios.com\/site\/#website\"},\"primaryImageOfPage\":{\"@id\":\"https:\/\/www.oidossucios.com\/site\/brandon-boyd-de-incubus-lanzara-este-ano-su-segundo-disco-como-solista\/#primaryimage\"},\"datePublished\":\"2013-03-20T17:29:00+00:00\",\"dateModified\":\"2013-03-20T17:29:00+00:00\",\"author\":{\"@id\":\"https:\/\/www.oidossucios.com\/site\/#\/schema\/person\/24559eeb76bf83a63296fb072393a688\"},\"inLanguage\":\"es\",\"potentialAction\":[{\"@type\":\"ReadAction\",\"target\":[\"https:\/\/www.oidossucios.com\/site\/brandon-boyd-de-incubus-lanzara-este-ano-su-segundo-disco-como-solista\/\"]}]},{\"@type\":[\"Person\"],\"@id\":\"https:\/\/www.oidossucios.com\/site\/#\/schema\/person\/24559eeb76bf83a63296fb072393a688\",\"name\":\"Oidossucios\",\"image\":{\"@type\":\"ImageObject\",\"@id\":\"https:\/\/www.oidossucios.com\/site\/#personlogo\",\"inLanguage\":\"es\",\"url\":\"https:\/\/secure.gravatar.com\/avatar\/74fcb480f42f1a33e50a0b6e6369a3f907be2e43dc84fa5f76c66e9c22b4a5ab?s=96&d=mm&r=g\",\"caption\":\"Oidossucios\"},\"sameAs\":[\"https:\/\/twitter.com\/oidossucios\"]}]}<\/script>\n<!-- \/ Yoast SEO plugin. -->","jetpack_sharing_enabled":true,"_links":{"self":[{"href":"https:\/\/www.oidossucios.com\/site\/wp-json\/wp\/v2\/posts\/6998","targetHints":{"allow":["GET"]}}],"collection":[{"href":"https:\/\/www.oidossucios.com\/site\/wp-json\/wp\/v2\/posts"}],"about":[{"href":"https:\/\/www.oidossucios.com\/site\/wp-json\/wp\/v2\/types\/post"}],"author":[{"embeddable":true,"href":"https:\/\/www.oidossucios.com\/site\/wp-json\/wp\/v2\/users\/4"}],"replies":[{"embeddable":true,"href":"https:\/\/www.oidossucios.com\/site\/wp-json\/wp\/v2\/comments?post=6998"}],"version-history":[{"count":0,"href":"https:\/\/www.oidossucios.com\/site\/wp-json\/wp\/v2\/posts\/6998\/revisions"}],"wp:featuredmedia":[{"embeddable":true,"href":"https:\/\/www.oidossucios.com\/site\/wp-json\/wp\/v2\/media\/100006998"}],"wp:attachment":[{"href":"https:\/\/www.oidossucios.com\/site\/wp-json\/wp\/v2\/media?parent=6998"}],"wp:term":[{"taxonomy":"category","embeddable":true,"href":"https:\/\/www.oidossucios.com\/site\/wp-json\/wp\/v2\/categories?post=6998"},{"taxonomy":"post_tag","embeddable":true,"href":"https:\/\/www.oidossucios.com\/site\/wp-json\/wp\/v2\/tags?post=6998"}],"curies":[{"name":"wp","href":"https:\/\/api.w.org\/{rel}","templated":true}]}}