{"id":7002,"date":"2013-03-21T18:40:00","date_gmt":"2013-03-21T18:40:00","guid":{"rendered":"https:\/\/www.oidossucios.com\/site\/2013\/03\/21\/incubus-y-pearl-jam-juntos-en-el-estudio\/"},"modified":"2013-03-21T18:40:00","modified_gmt":"2013-03-21T18:40:00","slug":"incubus-y-pearl-jam-juntos-en-el-estudio","status":"publish","type":"post","link":"https:\/\/www.oidossucios.com\/site\/incubus-y-pearl-jam-juntos-en-el-estudio\/","title":{"rendered":"\u00bfIncubus y Pearl Jam juntos en el estudio?"},"content":{"rendered":"<p>Por <\/p>\n<p>Recientemente se dio a conocer la noticia que la m\u00edtica banda, precursora del movimiento Grunge, Pearl Jam se encontraba en Los \u00c1ngeles trabajando en lo que ser\u00e1 su d\u00e9cimo \u00e1lbum de estudio.<\/p>\n<p>A pesar que por los momentos no se sepa mucha informaci\u00f3n al respecto, gracias a las redes sociales nos podemos hacer una idea de lo que podremos escuchar: Mike Einziger, guitarrista de Incubus, comparti\u00f3 a trav\u00e9s de su <a href=\"https:\/\/twitter.com\/MichaelEinziger\">Twitter<\/a> una <a href=\"https:\/\/twitter.com\/MichaelEinziger\/status\/314224392588648451\/photo\/1\/large\">foto en la que se le ve junto a Eddie Vedder<\/a> en un estudio de grabaci\u00f3n, escribiendo lo siguiente: &#8220;En el estudio con mi chica y Eddie Vedder grabando cuerdas para el pr\u00f3ximo disco de Pearl Jam&#8221;. <b>Puedes ver la foto en la galer\u00eda.<\/b><\/p>\n<p>Sin embargo, hoy la web de <a href=\"http:\/\/www.spin.com\/articles\/pearl-jam-incubus-guitarist-eddie-vedder-new-album-mike-einziger\">Spin<\/a>public\u00f3 una nota en la cual confirman que un representante de Pearl Jam se comunic\u00f3 con ellos para desmentir la informaci\u00f3n, diciendo que el guitarrista de Incubus no est\u00e1 colaborando en el disco nuevo de los de Seattle.<\/p>\n<p>Hasta ahora, Einziger no ha aclarado la informaci\u00f3n. <![endif]--><!--[if gte mso 10]> <\/style>\n\n <![endif]--><!--nextpage--><img decoding=\"async\" class=\"aligncenter size-medium wp-image-111116618\" src=\"https:\/\/www.oidossucios.com\/site\/wp-content\/uploads\/2020\/02\/6618.jpg\" alt=\"\u00bfIncubus y Pearl Jam juntos en el estudio?\"  \/><a href='https:\/\/www.oidossucios.com\/site\/incubus-y-pearl-jam-juntos-en-el-estudio\/2\/'\n                        onclick='if (tpsInstance) { tpsInstance.setNext(); return false; }'\n                        rel='next'\n                        style=''\n                        class=''>Ver galer\u00eda<\/a>]]><\/p>\n","protected":false},"excerpt":{"rendered":"<p>Mike Einziger, guitarrista de Incubus, comparti\u00f3 a trav\u00e9s de Twitter una foto en la que se le ve junto a Eddie Vedder en un estudio de grabaci\u00f3n.<\/p>\n","protected":false},"author":4,"featured_media":100007002,"comment_status":"open","ping_status":"open","sticky":false,"template":"","format":"standard","meta":{"_jetpack_memberships_contains_paid_content":false,"footnotes":""},"categories":[685],"tags":[],"class_list":["post-7002","post","type-post","status-publish","format-standard","has-post-thumbnail","hentry","category-ultima"],"jetpack_featured_media_url":"https:\/\/www.oidossucios.com\/site\/wp-content\/uploads\/2013\/03\/7002.jpg","yoast_head":"<!-- This site is optimized with the Yoast SEO plugin v14.0.4 - https:\/\/yoast.com\/wordpress\/plugins\/seo\/ -->\n<title>\u00bfIncubus y Pearl Jam juntos en el estudio? - OidosSucios.Com<\/title>\n<meta name=\"description\" content=\"Mike Einziger, guitarrista de Incubus, comparti\u00f3 a trav\u00e9s de Twitter una foto en la que se le ve junto a Eddie Vedder en un estudio de grabaci\u00f3n.\" \/>\n<meta name=\"robots\" content=\"index, follow\" \/>\n<meta name=\"googlebot\" content=\"index, follow, max-snippet:-1, max-image-preview:large, max-video-preview:-1\" \/>\n<meta name=\"bingbot\" content=\"index, follow, max-snippet:-1, max-image-preview:large, max-video-preview:-1\" \/>\n<link rel=\"canonical\" href=\"https:\/\/www.oidossucios.com\/site\/incubus-y-pearl-jam-juntos-en-el-estudio\/\" \/>\n<link rel=\"next\" href=\"https:\/\/www.oidossucios.com\/site\/incubus-y-pearl-jam-juntos-en-el-estudio\/2\/\" \/>\n<meta property=\"og:locale\" content=\"es_ES\" \/>\n<meta property=\"og:type\" content=\"article\" \/>\n<meta property=\"og:title\" content=\"\u00bfIncubus y Pearl Jam juntos en el estudio? - OidosSucios.Com\" \/>\n<meta property=\"og:description\" content=\"Mike Einziger, guitarrista de Incubus, comparti\u00f3 a trav\u00e9s de Twitter una foto en la que se le ve junto a Eddie Vedder en un estudio de grabaci\u00f3n.\" \/>\n<meta property=\"og:url\" content=\"https:\/\/www.oidossucios.com\/site\/incubus-y-pearl-jam-juntos-en-el-estudio\/\" \/>\n<meta property=\"og:site_name\" content=\"OidosSucios.Com\" \/>\n<meta property=\"article:published_time\" content=\"2013-03-21T18:40:00+00:00\" \/>\n<meta property=\"og:image\" content=\"https:\/\/www.oidossucios.com\/site\/wp-content\/uploads\/2013\/03\/7002.jpg\" \/>\n\t<meta property=\"og:image:width\" content=\"350\" \/>\n\t<meta property=\"og:image:height\" content=\"300\" \/>\n<meta name=\"twitter:card\" content=\"summary_large_image\" \/>\n<meta name=\"twitter:creator\" content=\"@oidossucios\" \/>\n<script type=\"application\/ld+json\" class=\"yoast-schema-graph\">{\"@context\":\"https:\/\/schema.org\",\"@graph\":[{\"@type\":\"WebSite\",\"@id\":\"https:\/\/www.oidossucios.com\/site\/#website\",\"url\":\"https:\/\/www.oidossucios.com\/site\/\",\"name\":\"OidosSucios.Com\",\"description\":\"M\\u00fasica, conciertos, discos\",\"potentialAction\":[{\"@type\":\"SearchAction\",\"target\":\"https:\/\/www.oidossucios.com\/site\/?s={search_term_string}\",\"query-input\":\"required name=search_term_string\"}],\"inLanguage\":\"es\"},{\"@type\":\"ImageObject\",\"@id\":\"https:\/\/www.oidossucios.com\/site\/incubus-y-pearl-jam-juntos-en-el-estudio\/#primaryimage\",\"inLanguage\":\"es\",\"url\":\"https:\/\/www.oidossucios.com\/site\/wp-content\/uploads\/2013\/03\/7002.jpg\",\"width\":350,\"height\":300},{\"@type\":\"WebPage\",\"@id\":\"https:\/\/www.oidossucios.com\/site\/incubus-y-pearl-jam-juntos-en-el-estudio\/#webpage\",\"url\":\"https:\/\/www.oidossucios.com\/site\/incubus-y-pearl-jam-juntos-en-el-estudio\/\",\"name\":\"\\u00bfIncubus y Pearl Jam juntos en el estudio? - OidosSucios.Com\",\"isPartOf\":{\"@id\":\"https:\/\/www.oidossucios.com\/site\/#website\"},\"primaryImageOfPage\":{\"@id\":\"https:\/\/www.oidossucios.com\/site\/incubus-y-pearl-jam-juntos-en-el-estudio\/#primaryimage\"},\"datePublished\":\"2013-03-21T18:40:00+00:00\",\"dateModified\":\"2013-03-21T18:40:00+00:00\",\"author\":{\"@id\":\"https:\/\/www.oidossucios.com\/site\/#\/schema\/person\/24559eeb76bf83a63296fb072393a688\"},\"description\":\"Mike Einziger, guitarrista de Incubus, comparti\\u00f3 a trav\\u00e9s de Twitter una foto en la que se le ve junto a Eddie Vedder en un estudio de grabaci\\u00f3n.\",\"inLanguage\":\"es\",\"potentialAction\":[{\"@type\":\"ReadAction\",\"target\":[\"https:\/\/www.oidossucios.com\/site\/incubus-y-pearl-jam-juntos-en-el-estudio\/\"]}]},{\"@type\":[\"Person\"],\"@id\":\"https:\/\/www.oidossucios.com\/site\/#\/schema\/person\/24559eeb76bf83a63296fb072393a688\",\"name\":\"Oidossucios\",\"image\":{\"@type\":\"ImageObject\",\"@id\":\"https:\/\/www.oidossucios.com\/site\/#personlogo\",\"inLanguage\":\"es\",\"url\":\"https:\/\/secure.gravatar.com\/avatar\/74fcb480f42f1a33e50a0b6e6369a3f907be2e43dc84fa5f76c66e9c22b4a5ab?s=96&d=mm&r=g\",\"caption\":\"Oidossucios\"},\"sameAs\":[\"https:\/\/twitter.com\/oidossucios\"]}]}<\/script>\n<!-- \/ Yoast SEO plugin. -->","jetpack_sharing_enabled":true,"_links":{"self":[{"href":"https:\/\/www.oidossucios.com\/site\/wp-json\/wp\/v2\/posts\/7002","targetHints":{"allow":["GET"]}}],"collection":[{"href":"https:\/\/www.oidossucios.com\/site\/wp-json\/wp\/v2\/posts"}],"about":[{"href":"https:\/\/www.oidossucios.com\/site\/wp-json\/wp\/v2\/types\/post"}],"author":[{"embeddable":true,"href":"https:\/\/www.oidossucios.com\/site\/wp-json\/wp\/v2\/users\/4"}],"replies":[{"embeddable":true,"href":"https:\/\/www.oidossucios.com\/site\/wp-json\/wp\/v2\/comments?post=7002"}],"version-history":[{"count":0,"href":"https:\/\/www.oidossucios.com\/site\/wp-json\/wp\/v2\/posts\/7002\/revisions"}],"wp:featuredmedia":[{"embeddable":true,"href":"https:\/\/www.oidossucios.com\/site\/wp-json\/wp\/v2\/media\/100007002"}],"wp:attachment":[{"href":"https:\/\/www.oidossucios.com\/site\/wp-json\/wp\/v2\/media?parent=7002"}],"wp:term":[{"taxonomy":"category","embeddable":true,"href":"https:\/\/www.oidossucios.com\/site\/wp-json\/wp\/v2\/categories?post=7002"},{"taxonomy":"post_tag","embeddable":true,"href":"https:\/\/www.oidossucios.com\/site\/wp-json\/wp\/v2\/tags?post=7002"}],"curies":[{"name":"wp","href":"https:\/\/api.w.org\/{rel}","templated":true}]}}