{"id":7005,"date":"2013-03-21T19:52:00","date_gmt":"2013-03-21T19:52:00","guid":{"rendered":"https:\/\/www.oidossucios.com\/site\/2013\/03\/21\/paul-mccartney-anuncia-gira-en-2013\/"},"modified":"2013-03-21T19:52:00","modified_gmt":"2013-03-21T19:52:00","slug":"paul-mccartney-anuncia-gira-en-2013","status":"publish","type":"post","link":"https:\/\/www.oidossucios.com\/site\/paul-mccartney-anuncia-gira-en-2013\/","title":{"rendered":"Paul McCartney anuncia gira en 2013"},"content":{"rendered":"<p>Paul McCartney ha anunciado que actuar\u00e1 el pr\u00f3ximo 22 de junio en Varsovia (en el Estadio Nacional de Polonia). La cita da el pistoletazo de salida a <i>Out There!<\/i>(\u00a1Ah\u00ed fuera!), el nuevo tour con el que el ex Beatle y su banda recorrer\u00e1n el mundo este a\u00f1o 2013, seg\u00fan el comunicado publicado en la web del artista, con especial atenci\u00f3n a lugares donde nunca han estado antes. De hecho, la cita anunciada marca su primera visita a la ciudad polaca.<\/p>\n<p>McCartney est\u00e1 trabajando en un nuevo disco de estudio, que seguir\u00e1 a al LP publicado el a\u00f1o pasado, <i>Kisses on the Bottom<\/i>. Adem\u00e1s va a encabezar el festival Bonnaroo (Tennessee, EE UU) con Tom Petty, Mumford &amp; Sons, entre otros.<\/p>\n<p>Por otra parte, el comunicado tambi\u00e9n se\u00f1ala que en sus actuaciones incluir\u00e1 temas de su carrera como solista y como miembro de Wings y de los Beatles. M\u00e1s adelante se conocer\u00e1n m\u00e1s detalles sobre la gira <i>Out there!<\/i><\/p>\n<p>Fuente: www.rollingstone.es<![endif]--><!--[if gte mso 10]> <\/style>\n\n <![endif]--><\/p>\n","protected":false},"excerpt":{"rendered":"<p>Paul McCartney ha anunciado que actuar\u00e1 el pr\u00f3ximo 22 de junio en Varsovia (en el Estadio Nacional de Polonia). La cita da el pistoletazo de salida a Out There!(\u00a1Ah\u00ed fuera!), el nuevo tour con el que el ex Beatle y su banda recorrer\u00e1n el mundo este a\u00f1o 2013, seg\u00fan el comunicado publicado en la web [&hellip;]<\/p>\n","protected":false},"author":4,"featured_media":100007005,"comment_status":"open","ping_status":"open","sticky":false,"template":"","format":"standard","meta":{"_jetpack_memberships_contains_paid_content":false,"footnotes":""},"categories":[142],"tags":[],"class_list":["post-7005","post","type-post","status-publish","format-standard","has-post-thumbnail","hentry","category-buzznews"],"jetpack_featured_media_url":"https:\/\/www.oidossucios.com\/site\/wp-content\/uploads\/2013\/03\/7005.jpg","yoast_head":"<!-- This site is optimized with the Yoast SEO plugin v14.0.4 - https:\/\/yoast.com\/wordpress\/plugins\/seo\/ -->\n<title>Paul McCartney anuncia gira en 2013 - OidosSucios.Com<\/title>\n<meta name=\"robots\" content=\"index, follow\" \/>\n<meta name=\"googlebot\" content=\"index, follow, max-snippet:-1, max-image-preview:large, max-video-preview:-1\" \/>\n<meta name=\"bingbot\" content=\"index, follow, max-snippet:-1, max-image-preview:large, max-video-preview:-1\" \/>\n<link rel=\"canonical\" href=\"https:\/\/www.oidossucios.com\/site\/paul-mccartney-anuncia-gira-en-2013\/\" \/>\n<meta property=\"og:locale\" content=\"es_ES\" \/>\n<meta property=\"og:type\" content=\"article\" \/>\n<meta property=\"og:title\" content=\"Paul McCartney anuncia gira en 2013 - OidosSucios.Com\" \/>\n<meta property=\"og:description\" content=\"Paul McCartney ha anunciado que actuar\u00e1 el pr\u00f3ximo 22 de junio en Varsovia (en el Estadio Nacional de Polonia). La cita da el pistoletazo de salida a Out There!(\u00a1Ah\u00ed fuera!), el nuevo tour con el que el ex Beatle y su banda recorrer\u00e1n el mundo este a\u00f1o 2013, seg\u00fan el comunicado publicado en la web [&hellip;]\" \/>\n<meta property=\"og:url\" content=\"https:\/\/www.oidossucios.com\/site\/paul-mccartney-anuncia-gira-en-2013\/\" \/>\n<meta property=\"og:site_name\" content=\"OidosSucios.Com\" \/>\n<meta property=\"article:published_time\" content=\"2013-03-21T19:52:00+00:00\" \/>\n<meta property=\"og:image\" content=\"https:\/\/www.oidossucios.com\/site\/wp-content\/uploads\/2013\/03\/7005.jpg\" \/>\n\t<meta property=\"og:image:width\" content=\"350\" \/>\n\t<meta property=\"og:image:height\" content=\"300\" \/>\n<meta name=\"twitter:card\" content=\"summary_large_image\" \/>\n<meta name=\"twitter:creator\" content=\"@oidossucios\" \/>\n<script type=\"application\/ld+json\" class=\"yoast-schema-graph\">{\"@context\":\"https:\/\/schema.org\",\"@graph\":[{\"@type\":\"WebSite\",\"@id\":\"https:\/\/www.oidossucios.com\/site\/#website\",\"url\":\"https:\/\/www.oidossucios.com\/site\/\",\"name\":\"OidosSucios.Com\",\"description\":\"M\\u00fasica, conciertos, discos\",\"potentialAction\":[{\"@type\":\"SearchAction\",\"target\":\"https:\/\/www.oidossucios.com\/site\/?s={search_term_string}\",\"query-input\":\"required name=search_term_string\"}],\"inLanguage\":\"es\"},{\"@type\":\"ImageObject\",\"@id\":\"https:\/\/www.oidossucios.com\/site\/paul-mccartney-anuncia-gira-en-2013\/#primaryimage\",\"inLanguage\":\"es\",\"url\":\"https:\/\/www.oidossucios.com\/site\/wp-content\/uploads\/2013\/03\/7005.jpg\",\"width\":350,\"height\":300},{\"@type\":\"WebPage\",\"@id\":\"https:\/\/www.oidossucios.com\/site\/paul-mccartney-anuncia-gira-en-2013\/#webpage\",\"url\":\"https:\/\/www.oidossucios.com\/site\/paul-mccartney-anuncia-gira-en-2013\/\",\"name\":\"Paul McCartney anuncia gira en 2013 - OidosSucios.Com\",\"isPartOf\":{\"@id\":\"https:\/\/www.oidossucios.com\/site\/#website\"},\"primaryImageOfPage\":{\"@id\":\"https:\/\/www.oidossucios.com\/site\/paul-mccartney-anuncia-gira-en-2013\/#primaryimage\"},\"datePublished\":\"2013-03-21T19:52:00+00:00\",\"dateModified\":\"2013-03-21T19:52:00+00:00\",\"author\":{\"@id\":\"https:\/\/www.oidossucios.com\/site\/#\/schema\/person\/24559eeb76bf83a63296fb072393a688\"},\"inLanguage\":\"es\",\"potentialAction\":[{\"@type\":\"ReadAction\",\"target\":[\"https:\/\/www.oidossucios.com\/site\/paul-mccartney-anuncia-gira-en-2013\/\"]}]},{\"@type\":[\"Person\"],\"@id\":\"https:\/\/www.oidossucios.com\/site\/#\/schema\/person\/24559eeb76bf83a63296fb072393a688\",\"name\":\"Oidossucios\",\"image\":{\"@type\":\"ImageObject\",\"@id\":\"https:\/\/www.oidossucios.com\/site\/#personlogo\",\"inLanguage\":\"es\",\"url\":\"https:\/\/secure.gravatar.com\/avatar\/74fcb480f42f1a33e50a0b6e6369a3f907be2e43dc84fa5f76c66e9c22b4a5ab?s=96&d=mm&r=g\",\"caption\":\"Oidossucios\"},\"sameAs\":[\"https:\/\/twitter.com\/oidossucios\"]}]}<\/script>\n<!-- \/ Yoast SEO plugin. -->","jetpack_sharing_enabled":true,"_links":{"self":[{"href":"https:\/\/www.oidossucios.com\/site\/wp-json\/wp\/v2\/posts\/7005","targetHints":{"allow":["GET"]}}],"collection":[{"href":"https:\/\/www.oidossucios.com\/site\/wp-json\/wp\/v2\/posts"}],"about":[{"href":"https:\/\/www.oidossucios.com\/site\/wp-json\/wp\/v2\/types\/post"}],"author":[{"embeddable":true,"href":"https:\/\/www.oidossucios.com\/site\/wp-json\/wp\/v2\/users\/4"}],"replies":[{"embeddable":true,"href":"https:\/\/www.oidossucios.com\/site\/wp-json\/wp\/v2\/comments?post=7005"}],"version-history":[{"count":0,"href":"https:\/\/www.oidossucios.com\/site\/wp-json\/wp\/v2\/posts\/7005\/revisions"}],"wp:featuredmedia":[{"embeddable":true,"href":"https:\/\/www.oidossucios.com\/site\/wp-json\/wp\/v2\/media\/100007005"}],"wp:attachment":[{"href":"https:\/\/www.oidossucios.com\/site\/wp-json\/wp\/v2\/media?parent=7005"}],"wp:term":[{"taxonomy":"category","embeddable":true,"href":"https:\/\/www.oidossucios.com\/site\/wp-json\/wp\/v2\/categories?post=7005"},{"taxonomy":"post_tag","embeddable":true,"href":"https:\/\/www.oidossucios.com\/site\/wp-json\/wp\/v2\/tags?post=7005"}],"curies":[{"name":"wp","href":"https:\/\/api.w.org\/{rel}","templated":true}]}}