{"id":7014,"date":"2013-03-25T19:38:00","date_gmt":"2013-03-25T19:38:00","guid":{"rendered":"https:\/\/www.oidossucios.com\/site\/2013\/03\/25\/el-8vo-aniversario-de-bahia-rastabar-tendra-como-protagonistas-a-cultura-profetica\/"},"modified":"2013-03-25T19:38:00","modified_gmt":"2013-03-25T19:38:00","slug":"el-8vo-aniversario-de-bahia-rastabar-tendra-como-protagonistas-a-cultura-profetica","status":"publish","type":"post","link":"https:\/\/www.oidossucios.com\/site\/el-8vo-aniversario-de-bahia-rastabar-tendra-como-protagonistas-a-cultura-profetica\/","title":{"rendered":"El 8vo aniversario de Bah\u00eda Rastabar tendr\u00e1 como protagonistas a Cultura Prof\u00e9tica"},"content":{"rendered":"<p>El reconocido local marabino Bah\u00eda Rastabar Caf\u00e9 est\u00e1 de cumplea\u00f1os y la celebraci\u00f3n ser\u00e1 por todo lo alto con Cultura Prof\u00e9tica como invitados especiales.<\/p>\n<p>Directo de Puerto Rico llegan los m\u00e1ximos exponentes de la movida actual del reggae, Cultura Prof\u00e9tica, para cerrar con broche de oro la celebraci\u00f3n del 8vo aniversario de Bah\u00eda Rastabar Caf\u00e9 en Maracaibo. El evento en esta ocasi\u00f3n ser\u00e1 llevado a cabo en las instalaciones de Aquaventura Park, ubicado en la Av. 16 Guajira Al lado del Core 3, el d\u00eda domingo 12 de mayo.<\/p>\n<p>En materia de entradas, estas ya se encuentran a la venta en las taquillas de Bah\u00eda Rastabar Caf\u00e9, ubicado en la Av. 3G entre calles 77 y 78, en un horario comprendido de 12 del mediod\u00eda a 7 de la noche. Los costos para las mismas son de Bs.500 (Entrada General) y Bs.1.000 (Bah\u00eda VIP), cabe destacar que los boletos estar\u00e1n en venta hasta agotar existencias.<\/p>\n<p>Para mayor informaci\u00f3n:<\/p>\n<p>@BahiaRastabar<br \/>@McboAlt<![endif]--><!--[if gte mso 10]> <\/style>\n\n <![endif]--><\/p>\n","protected":false},"excerpt":{"rendered":"<p>El reconocido local marabino Bah\u00eda Rastabar Caf\u00e9 est\u00e1 de cumplea\u00f1os y la celebraci\u00f3n ser\u00e1 por todo lo alto con Cultura Prof\u00e9tica como invitados especiales. Directo de Puerto Rico llegan los m\u00e1ximos exponentes de la movida actual del reggae, Cultura Prof\u00e9tica, para cerrar con broche de oro la celebraci\u00f3n del 8vo aniversario de Bah\u00eda Rastabar Caf\u00e9 [&hellip;]<\/p>\n","protected":false},"author":4,"featured_media":0,"comment_status":"open","ping_status":"open","sticky":false,"template":"","format":"standard","meta":{"_jetpack_memberships_contains_paid_content":false,"footnotes":""},"categories":[142],"tags":[],"class_list":["post-7014","post","type-post","status-publish","format-standard","hentry","category-buzznews"],"jetpack_featured_media_url":"","yoast_head":"<!-- This site is optimized with the Yoast SEO plugin v14.0.4 - https:\/\/yoast.com\/wordpress\/plugins\/seo\/ -->\n<title>El 8vo aniversario de Bah\u00eda Rastabar tendr\u00e1 como protagonistas a Cultura Prof\u00e9tica - OidosSucios.Com<\/title>\n<meta name=\"robots\" content=\"index, follow\" \/>\n<meta name=\"googlebot\" content=\"index, follow, max-snippet:-1, max-image-preview:large, max-video-preview:-1\" \/>\n<meta name=\"bingbot\" content=\"index, follow, max-snippet:-1, max-image-preview:large, max-video-preview:-1\" \/>\n<link rel=\"canonical\" href=\"https:\/\/www.oidossucios.com\/site\/el-8vo-aniversario-de-bahia-rastabar-tendra-como-protagonistas-a-cultura-profetica\/\" \/>\n<meta property=\"og:locale\" content=\"es_ES\" \/>\n<meta property=\"og:type\" content=\"article\" \/>\n<meta property=\"og:title\" content=\"El 8vo aniversario de Bah\u00eda Rastabar tendr\u00e1 como protagonistas a Cultura Prof\u00e9tica - OidosSucios.Com\" \/>\n<meta property=\"og:description\" content=\"El reconocido local marabino Bah\u00eda Rastabar Caf\u00e9 est\u00e1 de cumplea\u00f1os y la celebraci\u00f3n ser\u00e1 por todo lo alto con Cultura Prof\u00e9tica como invitados especiales. Directo de Puerto Rico llegan los m\u00e1ximos exponentes de la movida actual del reggae, Cultura Prof\u00e9tica, para cerrar con broche de oro la celebraci\u00f3n del 8vo aniversario de Bah\u00eda Rastabar Caf\u00e9 [&hellip;]\" \/>\n<meta property=\"og:url\" content=\"https:\/\/www.oidossucios.com\/site\/el-8vo-aniversario-de-bahia-rastabar-tendra-como-protagonistas-a-cultura-profetica\/\" \/>\n<meta property=\"og:site_name\" content=\"OidosSucios.Com\" \/>\n<meta property=\"article:published_time\" content=\"2013-03-25T19:38:00+00:00\" \/>\n<meta name=\"twitter:card\" content=\"summary_large_image\" \/>\n<meta name=\"twitter:creator\" content=\"@oidossucios\" \/>\n<script type=\"application\/ld+json\" class=\"yoast-schema-graph\">{\"@context\":\"https:\/\/schema.org\",\"@graph\":[{\"@type\":\"WebSite\",\"@id\":\"https:\/\/www.oidossucios.com\/site\/#website\",\"url\":\"https:\/\/www.oidossucios.com\/site\/\",\"name\":\"OidosSucios.Com\",\"description\":\"M\\u00fasica, conciertos, discos\",\"potentialAction\":[{\"@type\":\"SearchAction\",\"target\":\"https:\/\/www.oidossucios.com\/site\/?s={search_term_string}\",\"query-input\":\"required name=search_term_string\"}],\"inLanguage\":\"es\"},{\"@type\":\"WebPage\",\"@id\":\"https:\/\/www.oidossucios.com\/site\/el-8vo-aniversario-de-bahia-rastabar-tendra-como-protagonistas-a-cultura-profetica\/#webpage\",\"url\":\"https:\/\/www.oidossucios.com\/site\/el-8vo-aniversario-de-bahia-rastabar-tendra-como-protagonistas-a-cultura-profetica\/\",\"name\":\"El 8vo aniversario de Bah\\u00eda Rastabar tendr\\u00e1 como protagonistas a Cultura Prof\\u00e9tica - OidosSucios.Com\",\"isPartOf\":{\"@id\":\"https:\/\/www.oidossucios.com\/site\/#website\"},\"datePublished\":\"2013-03-25T19:38:00+00:00\",\"dateModified\":\"2013-03-25T19:38:00+00:00\",\"author\":{\"@id\":\"https:\/\/www.oidossucios.com\/site\/#\/schema\/person\/24559eeb76bf83a63296fb072393a688\"},\"inLanguage\":\"es\",\"potentialAction\":[{\"@type\":\"ReadAction\",\"target\":[\"https:\/\/www.oidossucios.com\/site\/el-8vo-aniversario-de-bahia-rastabar-tendra-como-protagonistas-a-cultura-profetica\/\"]}]},{\"@type\":[\"Person\"],\"@id\":\"https:\/\/www.oidossucios.com\/site\/#\/schema\/person\/24559eeb76bf83a63296fb072393a688\",\"name\":\"Oidossucios\",\"image\":{\"@type\":\"ImageObject\",\"@id\":\"https:\/\/www.oidossucios.com\/site\/#personlogo\",\"inLanguage\":\"es\",\"url\":\"https:\/\/secure.gravatar.com\/avatar\/74fcb480f42f1a33e50a0b6e6369a3f907be2e43dc84fa5f76c66e9c22b4a5ab?s=96&d=mm&r=g\",\"caption\":\"Oidossucios\"},\"sameAs\":[\"https:\/\/twitter.com\/oidossucios\"]}]}<\/script>\n<!-- \/ Yoast SEO plugin. -->","jetpack_sharing_enabled":true,"_links":{"self":[{"href":"https:\/\/www.oidossucios.com\/site\/wp-json\/wp\/v2\/posts\/7014","targetHints":{"allow":["GET"]}}],"collection":[{"href":"https:\/\/www.oidossucios.com\/site\/wp-json\/wp\/v2\/posts"}],"about":[{"href":"https:\/\/www.oidossucios.com\/site\/wp-json\/wp\/v2\/types\/post"}],"author":[{"embeddable":true,"href":"https:\/\/www.oidossucios.com\/site\/wp-json\/wp\/v2\/users\/4"}],"replies":[{"embeddable":true,"href":"https:\/\/www.oidossucios.com\/site\/wp-json\/wp\/v2\/comments?post=7014"}],"version-history":[{"count":0,"href":"https:\/\/www.oidossucios.com\/site\/wp-json\/wp\/v2\/posts\/7014\/revisions"}],"wp:attachment":[{"href":"https:\/\/www.oidossucios.com\/site\/wp-json\/wp\/v2\/media?parent=7014"}],"wp:term":[{"taxonomy":"category","embeddable":true,"href":"https:\/\/www.oidossucios.com\/site\/wp-json\/wp\/v2\/categories?post=7014"},{"taxonomy":"post_tag","embeddable":true,"href":"https:\/\/www.oidossucios.com\/site\/wp-json\/wp\/v2\/tags?post=7014"}],"curies":[{"name":"wp","href":"https:\/\/api.w.org\/{rel}","templated":true}]}}